{"id":5346,"date":"2016-06-06T17:32:02","date_gmt":"2016-06-06T22:32:02","guid":{"rendered":"http:\/\/derechosinfronteras.pe\/?p=1469"},"modified":"2016-06-06T17:32:02","modified_gmt":"2016-06-06T22:32:02","slug":"caso-de-esterilizaciones-forzadas-en-chumbivilcas-es-plasmado-en-material-impreso","status":"publish","type":"post","link":"https:\/\/derechosinfronteras.pe\/ingles\/caso-de-esterilizaciones-forzadas-en-chumbivilcas-es-plasmado-en-material-impreso\/","title":{"rendered":"Caso de Esterilizaciones Forzadas en Chumbivilcas es plasmado en material impreso"},"content":{"rendered":"<p style=\"text-align: center;\"><strong><em>La cartilla: ESTERILIZADAS Y OLVIDADAS Chumbivilcas a la espera de justicia y reparaci\u00f3n integral (1990-2000) <\/em><\/strong><\/p>\n<p>Fue elaborada por Derechos Humanos Sin Fronteras, organizaci\u00f3n que promueve y defiende los derechos humanos en las provincias altas del Cusco, a su vez es integrante de la Coordinadora Nacional de Derechos Humanos y contribuye, desde el aspecto educativo, cultural y social, en la defensa y la plena vigencia de los derechos humanos, particularmente de las comunidades campesinas.<\/p>\n<p>En este marco, y de forma coordinada con la Asociaci\u00f3n de Mujeres V\u00edctimas de Esterilizaciones Forzadas de la provincia de Chumbivilcas, elaboramos el presente documento para aportar en el proceso de memoria, justicia y reparaci\u00f3n a favor de mujeres quechua hablantes que fueron v\u00edctimas de una pol\u00edtica de salud reproductiva y planificaci\u00f3n familiar (1996-2000) impuesta durante el gobierno de Alberto Fujimori.<\/p>\n<p>Testimonios de las mismas v\u00edctimas es el contenido que lleva este material.<\/p>\n<p>Mira la cartilla dandole clic al siguiente enlace <a href=\"http:\/\/issuu.com\/derechoshumanossinfronteras\/docs\/cartilla_esterilizaciones_forzadas_?workerAddress=ec2-52-71-251-44.compute-1.amazonaws.com\" target=\"_blank\" rel=\"noopener\">Esterilizaciones Forzadas en Chumbivilcas Cusco<\/a><\/p>","protected":false},"excerpt":{"rendered":"<p>La cartilla: ESTERILIZADAS Y OLVIDADAS Chumbivilcas a la espera de justicia y reparaci\u00f3n integral (1990-2000) Fue elaborada por Derechos Humanos Sin Fronteras, organizaci\u00f3n que promueve y defiende los derechos humanos en las provincias altas del Cusco, a su vez es integrante de la Coordinadora Nacional de Derechos Humanos y contribuye, desde el aspecto educativo, cultural [&hellip;]<\/p>\n","protected":false},"author":1,"featured_media":5347,"comment_status":"closed","ping_status":"open","sticky":false,"template":"","format":"standard","meta":{"_monsterinsights_skip_tracking":false,"_monsterinsights_sitenote_active":false,"_monsterinsights_sitenote_note":"","_monsterinsights_sitenote_category":0,"_jetpack_memberships_contains_paid_content":false,"footnotes":"","jetpack_publicize_message":"","jetpack_publicize_feature_enabled":true,"jetpack_social_post_already_shared":false,"jetpack_social_options":{"image_generator_settings":{"template":"highway","default_image_id":0,"font":"","enabled":false},"version":2}},"categories":[1],"tags":[],"class_list":["post-5346","post","type-post","status-publish","format-standard","has-post-thumbnail","hentry","category-sin-categoria"],"blocksy_meta":[],"jetpack_publicize_connections":[],"jetpack_featured_media_url":"https:\/\/derechosinfronteras.pe\/wp-content\/uploads\/2016\/06\/ESTERILIZACIONES.jpg","jetpack_sharing_enabled":true,"jetpack_likes_enabled":true,"_links":{"self":[{"href":"https:\/\/derechosinfronteras.pe\/ingles\/wp-json\/wp\/v2\/posts\/5346","targetHints":{"allow":["GET"]}}],"collection":[{"href":"https:\/\/derechosinfronteras.pe\/ingles\/wp-json\/wp\/v2\/posts"}],"about":[{"href":"https:\/\/derechosinfronteras.pe\/ingles\/wp-json\/wp\/v2\/types\/post"}],"author":[{"embeddable":true,"href":"https:\/\/derechosinfronteras.pe\/ingles\/wp-json\/wp\/v2\/users\/1"}],"replies":[{"embeddable":true,"href":"https:\/\/derechosinfronteras.pe\/ingles\/wp-json\/wp\/v2\/comments?post=5346"}],"version-history":[{"count":0,"href":"https:\/\/derechosinfronteras.pe\/ingles\/wp-json\/wp\/v2\/posts\/5346\/revisions"}],"wp:featuredmedia":[{"embeddable":true,"href":"https:\/\/derechosinfronteras.pe\/ingles\/wp-json\/wp\/v2\/media\/5347"}],"wp:attachment":[{"href":"https:\/\/derechosinfronteras.pe\/ingles\/wp-json\/wp\/v2\/media?parent=5346"}],"wp:term":[{"taxonomy":"category","embeddable":true,"href":"https:\/\/derechosinfronteras.pe\/ingles\/wp-json\/wp\/v2\/categories?post=5346"},{"taxonomy":"post_tag","embeddable":true,"href":"https:\/\/derechosinfronteras.pe\/ingles\/wp-json\/wp\/v2\/tags?post=5346"}],"curies":[{"name":"wp","href":"https:\/\/api.w.org\/{rel}","templated":true}]}}