{"id":5349,"date":"2016-06-01T16:40:15","date_gmt":"2016-06-01T21:40:15","guid":{"rendered":"http:\/\/derechosinfronteras.pe\/?p=1448"},"modified":"2016-06-01T16:40:15","modified_gmt":"2016-06-01T21:40:15","slug":"cusco-le-dice-no-a-keiko-en-multitudinaria-marcha","status":"publish","type":"post","link":"https:\/\/derechosinfronteras.pe\/ingles\/cusco-le-dice-no-a-keiko-en-multitudinaria-marcha\/","title":{"rendered":"Cusco le dice No a Keiko en multitudinaria marcha"},"content":{"rendered":"<p>Una vez m\u00e1s los cusque\u00f1os mostraron de manera clara su afirmaci\u00f3n contra el FUJIMORISMO.<\/p>\n<p>A pocos d\u00edas de elegir al futuro representante de nuestra naci\u00f3n, la ciudad imperial se dio cita el \u00faltimo martes 31 de mayo desde las 4 de la tarde para realizar la marcha multitudinaria en contra del partido fujimorista en esta segunda vuelta.<\/p>\n<p>Con mensajes como \u00a1NO A KEIKO!, \u00a1DEMOCRACIA S\u00cd, NARCO ESTADO NO! Los cusque\u00f1os mostraron su rechazo e indignaci\u00f3n frente a las \u00faltimas noticias que sumerge al entorno de la candidata Fujimori en temas como el narcotr\u00e1fico y lavado de activos.<\/p>\n<p>Es as\u00ed que las calles hablan\u2026<\/p>\n<p>&nbsp;<\/p>\n<p>&nbsp;<\/p>\n<p>&nbsp;<\/p>\n<p>&nbsp;<\/p>\n<p><a href=\"http:\/\/derechosinfronteras.pe\/wp-content\/uploads\/2016\/06\/IMG_9412.jpg\" rel=\"attachment wp-att-1451\"><img fetchpriority=\"high\" decoding=\"async\" class=\"aligncenter size-full wp-image-1451\" src=\"http:\/\/derechosinfronteras.pe\/wp-content\/uploads\/2016\/06\/IMG_9412.jpg\" alt=\"IMG_9412\" width=\"734\" height=\"500\" \/><\/a><\/p>\n<p><a href=\"http:\/\/derechosinfronteras.pe\/wp-content\/uploads\/2016\/06\/IMG_9526.jpg\" rel=\"attachment wp-att-1454\"><img decoding=\"async\" class=\"aligncenter size-full wp-image-1454\" src=\"http:\/\/derechosinfronteras.pe\/wp-content\/uploads\/2016\/06\/IMG_9526.jpg\" alt=\"IMG_9526\" width=\"750\" height=\"500\" \/><\/a><\/p>\n<p><a href=\"http:\/\/derechosinfronteras.pe\/wp-content\/uploads\/2016\/06\/IMG_9408.jpg\" rel=\"attachment wp-att-1450\"><img decoding=\"async\" class=\"aligncenter size-full wp-image-1450\" src=\"http:\/\/derechosinfronteras.pe\/wp-content\/uploads\/2016\/06\/IMG_9408.jpg\" alt=\"IMG_9408\" width=\"750\" height=\"500\" \/><\/a><\/p>\n<p><a href=\"http:\/\/derechosinfronteras.pe\/wp-content\/uploads\/2016\/06\/IMG_9649.jpg\" rel=\"attachment wp-att-1460\"><img loading=\"lazy\" decoding=\"async\" class=\"aligncenter size-full wp-image-1460\" src=\"http:\/\/derechosinfronteras.pe\/wp-content\/uploads\/2016\/06\/IMG_9649.jpg\" alt=\"IMG_9649\" width=\"750\" height=\"500\" \/><\/a><\/p>\n<p>&nbsp;<\/p>\n<p>&nbsp;<\/p>\n<p><strong><em>Derechos Humanos Sin Fronteras.<\/em><\/strong><\/p>","protected":false},"excerpt":{"rendered":"<p>Una vez m\u00e1s los cusque\u00f1os mostraron de manera clara su afirmaci\u00f3n contra el FUJIMORISMO. A pocos d\u00edas de elegir al futuro representante de nuestra naci\u00f3n, la ciudad imperial se dio cita el \u00faltimo martes 31 de mayo desde las 4 de la tarde para realizar la marcha multitudinaria en contra del partido fujimorista en esta [&hellip;]<\/p>\n","protected":false},"author":1,"featured_media":5350,"comment_status":"closed","ping_status":"open","sticky":false,"template":"","format":"standard","meta":{"_monsterinsights_skip_tracking":false,"_monsterinsights_sitenote_active":false,"_monsterinsights_sitenote_note":"","_monsterinsights_sitenote_category":0,"_jetpack_memberships_contains_paid_content":false,"footnotes":"","jetpack_publicize_message":"","jetpack_publicize_feature_enabled":true,"jetpack_social_post_already_shared":false,"jetpack_social_options":{"image_generator_settings":{"template":"highway","default_image_id":0,"font":"","enabled":false},"version":2}},"categories":[1],"tags":[],"class_list":["post-5349","post","type-post","status-publish","format-standard","has-post-thumbnail","hentry","category-sin-categoria"],"blocksy_meta":[],"jetpack_publicize_connections":[],"jetpack_featured_media_url":"https:\/\/derechosinfronteras.pe\/wp-content\/uploads\/2016\/06\/IMG_9518.jpg","jetpack_sharing_enabled":true,"jetpack_likes_enabled":true,"_links":{"self":[{"href":"https:\/\/derechosinfronteras.pe\/ingles\/wp-json\/wp\/v2\/posts\/5349","targetHints":{"allow":["GET"]}}],"collection":[{"href":"https:\/\/derechosinfronteras.pe\/ingles\/wp-json\/wp\/v2\/posts"}],"about":[{"href":"https:\/\/derechosinfronteras.pe\/ingles\/wp-json\/wp\/v2\/types\/post"}],"author":[{"embeddable":true,"href":"https:\/\/derechosinfronteras.pe\/ingles\/wp-json\/wp\/v2\/users\/1"}],"replies":[{"embeddable":true,"href":"https:\/\/derechosinfronteras.pe\/ingles\/wp-json\/wp\/v2\/comments?post=5349"}],"version-history":[{"count":0,"href":"https:\/\/derechosinfronteras.pe\/ingles\/wp-json\/wp\/v2\/posts\/5349\/revisions"}],"wp:featuredmedia":[{"embeddable":true,"href":"https:\/\/derechosinfronteras.pe\/ingles\/wp-json\/wp\/v2\/media\/5350"}],"wp:attachment":[{"href":"https:\/\/derechosinfronteras.pe\/ingles\/wp-json\/wp\/v2\/media?parent=5349"}],"wp:term":[{"taxonomy":"category","embeddable":true,"href":"https:\/\/derechosinfronteras.pe\/ingles\/wp-json\/wp\/v2\/categories?post=5349"},{"taxonomy":"post_tag","embeddable":true,"href":"https:\/\/derechosinfronteras.pe\/ingles\/wp-json\/wp\/v2\/tags?post=5349"}],"curies":[{"name":"wp","href":"https:\/\/api.w.org\/{rel}","templated":true}]}}