{"id":5355,"date":"2016-05-31T16:15:34","date_gmt":"2016-05-31T21:15:34","guid":{"rendered":"http:\/\/derechosinfronteras.pe\/?p=1441"},"modified":"2016-05-31T16:15:34","modified_gmt":"2016-05-31T21:15:34","slug":"asociacion-de-mujeres-esterilizadas-de-chumbivilcas-exigen-justicia-reparacion-y-atencion-urgente-a-su-salud","status":"publish","type":"post","link":"https:\/\/derechosinfronteras.pe\/ingles\/asociacion-de-mujeres-esterilizadas-de-chumbivilcas-exigen-justicia-reparacion-y-atencion-urgente-a-su-salud\/","title":{"rendered":"Asociaci\u00f3n de Mujeres Esterilizadas de Chumbivilcas exigen justicia, reparaci\u00f3n y atenci\u00f3n urgente a su salud"},"content":{"rendered":"<p><strong><em>Presentan informe sobre: \u201cEsterilizadas y Olvidadas; Chumbivilcas a la espera de Justicia y Reparaci\u00f3n Integral.<\/em><\/strong><\/p>\n<p>Derechos Humanos Sin Fronteras (DHSF) y la Asociaci\u00f3n de Mujeres V\u00edctimas de Esterilizaciones Forzadas de la Provincia de Chumbivilcas (AMVEF), presentaron ante la ciudadan\u00eda y prensa cusque\u00f1a el informe: \u201cEsterilizadas y Olvidadas; Chumbivilcas a la espera de Justicia y Reparaci\u00f3n Integral.\u201d<\/p>\n<p>En conferencia de prensa el d\u00eda de hoy, las mujeres v\u00edctimas de esterilizaciones forzadas de Chumbivilcas se\u00f1alaron que seg\u00fan informes de la Defensor\u00eda del Pueblo se estar\u00eda hablando de m\u00e1s de 200 mil mujeres esterilizadas a nivel nacional y que el mayor n\u00famero de casos se registran en el sector rural, los mismos lugares donde se sufri\u00f3 el embate de la violencia pol\u00edtica entre los a\u00f1os 1980 al 2000.<a href=\"http:\/\/derechosinfronteras.pe\/wp-content\/uploads\/2016\/05\/IMG_9236.jpg\" rel=\"attachment wp-att-1442\"><img fetchpriority=\"high\" decoding=\"async\" class=\"aligncenter  wp-image-1442\" src=\"http:\/\/derechosinfronteras.pe\/wp-content\/uploads\/2016\/05\/IMG_9236.jpg\" alt=\"IMG_9236\" width=\"692\" height=\"461\" \/><\/a><\/p>\n<p>Ines Condori Anaya, presidenta de la AMVEF mencion\u00f3 que en la provincia de Chumbivilcas existen m\u00e1s de 200 v\u00edctimas de esterilizaciones, incluso varones a quienes les realizaron la vasectom\u00eda, \u201cestamos buscando justicia, reparaci\u00f3n y atenci\u00f3n m\u00e9dica especializada, hay solo dos provincias (Chumbivilcas y Anta) que est\u00e1n siendo consideradas en el Registro de Victimas de Esterilizaciones Forzadas (REVIESFO) y por el contrario Espinar, Paruro, Acomayo y otras provincias tambi\u00e9n sufrieron este atentado y no se les est\u00e1 tomando en cuenta,\u201d indic\u00f3.<\/p>\n<p>El informe \u201cEsterilizadas y Olvidadas\u201d da cuenta de una cronolog\u00eda y diversos testimonios, algunos muy desgarradores, de mujeres chumbivilcanas que pasaron por este irreparable da\u00f1o; Jaime Borda, director de DHSF ha enfatizado que este documento busca visibilizar esta problem\u00e1tica y les permita a las v\u00edctimas alcanzar la justicia anhelada desde hace muchos a\u00f1os atr\u00e1s.<\/p>\n<p><a href=\"http:\/\/derechosinfronteras.pe\/wp-content\/uploads\/2016\/05\/IMG_9239.jpg\" rel=\"attachment wp-att-1445\"><img decoding=\"async\" class=\"aligncenter  wp-image-1445\" src=\"http:\/\/derechosinfronteras.pe\/wp-content\/uploads\/2016\/05\/IMG_9239.jpg\" alt=\"IMG_9239\" width=\"702\" height=\"468\" \/><\/a><\/p>\n<p>Al respecto, la abogada Ruth Luque Ibarra, responsable del \u00e1rea legal de DHSF ha indicado que estamos en una coyuntura pol\u00edtica muy compleja que nos invoca a exigir que esta historia de vulneraci\u00f3n de derechos humanos de mujeres y varones no se vuelva a repetir porque este pa\u00eds tiene que levantarse con dignidad y decirle no al fujimorismo.<\/p>\n<p>La investigaci\u00f3n judicial en relaci\u00f3n al caso de Mujeres Esterilizadas a nivel nacional es por delitos de lesa humanidad que recaer\u00eda en funcionarios p\u00fablicos y llegar\u00e1 hasta ex ministros y al mismo sentenciado Alberto Fujimori, \u201cEn el caso del Cusco, por las trabas que se ha puesto, \u00a0no se ha podido determinar cu\u00e1l es la responsabilidad penal de los funcionarios locales, directores de salud, doctores, enfermeros, quienes recibieron incentivos por realizar las esterilizaciones,\u201d denunci\u00f3 Ruth Luque.<\/p>\n<p>Ante los medios de comunicaci\u00f3n se emplaz\u00f3 al Gobierno Regional del Cusco \u2013en el marco del Plan de Reparaciones a las V\u00edctimas de la Violencia Pol\u00edtica- crear un programa de reparaciones para las mujeres esterilizadas de la regi\u00f3n, y que el Cusco pueda concluir exitosamente con un registro oficial que permita conocer la real situaci\u00f3n de estas mujeres y atender sus necesidades.<\/p>\n<p>Asimismo la AMVEF participar\u00e1 de la Movilizaci\u00f3n Nacional contra el Fujimorismo junto a otras organizaciones de la ciudad imperial en la marcha denominada\u00a0 \u201cNoaKeikO\u201d que se realizara a partir de las 4 de la tarde teniendo como punto de concentraci\u00f3n la Plaza T\u00fapac Amaru del Cusco, \u201cno pararemos hasta conseguir justicia para nosotras y otras mujeres que fueron v\u00edctimas de la esterilizaciones forzadas,\u201d exclam\u00f3 Ines Condori.<\/p>\n<p><a href=\"http:\/\/derechosinfronteras.pe\/wp-content\/uploads\/2016\/05\/IMG_9311.jpg\" rel=\"attachment wp-att-1444\"><img decoding=\"async\" class=\"aligncenter  wp-image-1444\" src=\"http:\/\/derechosinfronteras.pe\/wp-content\/uploads\/2016\/05\/IMG_9311.jpg\" alt=\"IMG_9311\" width=\"681\" height=\"454\" \/><\/a><\/p>\n<p><strong><em>Derechos humanos sin Fronteras.<\/em><\/strong><\/p>","protected":false},"excerpt":{"rendered":"<p>Presentan informe sobre: \u201cEsterilizadas y Olvidadas; Chumbivilcas a la espera de Justicia y Reparaci\u00f3n Integral. Derechos Humanos Sin Fronteras (DHSF) y la Asociaci\u00f3n de Mujeres V\u00edctimas de Esterilizaciones Forzadas de la Provincia de Chumbivilcas (AMVEF), presentaron ante la ciudadan\u00eda y prensa cusque\u00f1a el informe: \u201cEsterilizadas y Olvidadas; Chumbivilcas a la espera de Justicia y Reparaci\u00f3n [&hellip;]<\/p>\n","protected":false},"author":1,"featured_media":5356,"comment_status":"closed","ping_status":"open","sticky":false,"template":"","format":"standard","meta":{"_monsterinsights_skip_tracking":false,"_monsterinsights_sitenote_active":false,"_monsterinsights_sitenote_note":"","_monsterinsights_sitenote_category":0,"_jetpack_memberships_contains_paid_content":false,"footnotes":"","jetpack_publicize_message":"","jetpack_publicize_feature_enabled":true,"jetpack_social_post_already_shared":false,"jetpack_social_options":{"image_generator_settings":{"template":"highway","default_image_id":0,"font":"","enabled":false},"version":2}},"categories":[1],"tags":[],"class_list":["post-5355","post","type-post","status-publish","format-standard","has-post-thumbnail","hentry","category-sin-categoria"],"blocksy_meta":[],"jetpack_publicize_connections":[],"jetpack_featured_media_url":"https:\/\/derechosinfronteras.pe\/wp-content\/uploads\/2016\/05\/IMG_9197.jpg","jetpack_sharing_enabled":true,"jetpack_likes_enabled":true,"_links":{"self":[{"href":"https:\/\/derechosinfronteras.pe\/ingles\/wp-json\/wp\/v2\/posts\/5355","targetHints":{"allow":["GET"]}}],"collection":[{"href":"https:\/\/derechosinfronteras.pe\/ingles\/wp-json\/wp\/v2\/posts"}],"about":[{"href":"https:\/\/derechosinfronteras.pe\/ingles\/wp-json\/wp\/v2\/types\/post"}],"author":[{"embeddable":true,"href":"https:\/\/derechosinfronteras.pe\/ingles\/wp-json\/wp\/v2\/users\/1"}],"replies":[{"embeddable":true,"href":"https:\/\/derechosinfronteras.pe\/ingles\/wp-json\/wp\/v2\/comments?post=5355"}],"version-history":[{"count":0,"href":"https:\/\/derechosinfronteras.pe\/ingles\/wp-json\/wp\/v2\/posts\/5355\/revisions"}],"wp:featuredmedia":[{"embeddable":true,"href":"https:\/\/derechosinfronteras.pe\/ingles\/wp-json\/wp\/v2\/media\/5356"}],"wp:attachment":[{"href":"https:\/\/derechosinfronteras.pe\/ingles\/wp-json\/wp\/v2\/media?parent=5355"}],"wp:term":[{"taxonomy":"category","embeddable":true,"href":"https:\/\/derechosinfronteras.pe\/ingles\/wp-json\/wp\/v2\/categories?post=5355"},{"taxonomy":"post_tag","embeddable":true,"href":"https:\/\/derechosinfronteras.pe\/ingles\/wp-json\/wp\/v2\/tags?post=5355"}],"curies":[{"name":"wp","href":"https:\/\/api.w.org\/{rel}","templated":true}]}}