{"id":5360,"date":"2016-05-30T12:19:40","date_gmt":"2016-05-30T17:19:40","guid":{"rendered":"http:\/\/derechosinfronteras.pe\/?p=1427"},"modified":"2016-05-30T12:19:40","modified_gmt":"2016-05-30T17:19:40","slug":"esterilizadas-y-olvidadas-chumbivilcas-a-la-espera-de-justicia-y-reparacion-integral-1990-2000","status":"publish","type":"post","link":"https:\/\/derechosinfronteras.pe\/ingles\/esterilizadas-y-olvidadas-chumbivilcas-a-la-espera-de-justicia-y-reparacion-integral-1990-2000\/","title":{"rendered":"ESTERILIZADAS Y OLVIDADAS, Chumbivilcas a la espera de justicia y reparaci\u00f3n integral (1990-2000)"},"content":{"rendered":"<p style=\"text-align: center;\"><em>Ser madre es una bendici\u00f3n que la mujer espera en alg\u00fan momento de la vida, mucho m\u00e1s si lo hace con su voluntad y entusiasmo; hoy en d\u00eda a muchos a\u00f1os de haber perpretado las esterilizaciones forzadas en mujeres y varones del ambito rural del Per\u00fa, es necesario evidenciar el da\u00f1o por el cual ellas y ellos\u00a0 sin su voluntad fueron participes.<\/em><\/p>\n<p>Derechos Humanos Sin Fronteras es una organizaci\u00f3n que promueve y defiende los derechos humanos en las provincias altas del Cusco, a su vez es integrante de la Coordinadora Nacional de Derechos Humanos y contribuye, desde el aspecto educativo, cultural y social, en la defensa y la plena vigencia de los derechos humanos, particularmente de las comunidades campesinas.<\/p>\n<p>En ese marco y de forma coordinada con la Asociaci\u00f3n de Mujeres V\u00edctimas de Esterilizaciones Forzadas de la provincia de Chumbivilcas, se realizara la conferencia de prensa parar la presentaci\u00f3n del informe del caso Esterilizaciones Forzadas en la provincia de Chumbivilcas, el cual servir\u00e1\u00a0 para aportar en el proceso de memoria, justicia y reparaci\u00f3n a favor de las\u00a0 mujeres y varones quechua hablantes, quienes fueron v\u00edctimas de una pol\u00edtica de salud reproductiva y planificaci\u00f3n familiar (1996-2000) impuesta durante el gobierno de Alberto Fujimori.<\/p>\n<p>De acuerdo a los testimonios brindados, no se conoce el n\u00famero total de mujeres v\u00edctimas de esterilizaciones forzadas en esta provincia cusque\u00f1a. Las versiones coinciden en se\u00f1alar que entre los a\u00f1os 1995-1999 se intensificaron las esterilizaciones en el distrito de Santo Tom\u00e1s.<\/p>\n<div>Hasta el cusco, llegar\u00e1n 4 mujeres v\u00edctimas quienes dar\u00e1n a conocer el estado de abandono que sufren y que el Gobierno admita su responsabilidad en una pol\u00edtica nacional que afect\u00f3 sus derechos humanos.<\/div>\n<div>In\u00e9s Condori, presidenta de la Asociaci\u00f3n de Mujeres V\u00edctimas de Esterilizaciones Forzadas de la provincia de Chumbivilcas, fue una de las tantas mujeres a quienes se les practic\u00f3 esta intervenci\u00f3n, ella menciona \u00bb pedimos reparaci\u00f3n no solo para nosotras, sino para todas las mujeres que fueron v\u00edctimas de esta operac\u00edon; estamos mal f\u00edsica y psicologicamente y eso nadie lo ve\u00bb.<\/div>\n<div><\/div>\n<div>Con\u00a0 informaci\u00f3n recogida de las propias v\u00edctimas, los invitamos a conocer el estado actual de lo que fue y las secuelas que dej\u00f3 el plan de salud reproductiva y planificaci\u00f3n familiar en ese entonces en la provincia de Chumbivilcas, estas mujeres narrar\u00e1n el como vivieron y qu\u00e9 exigen luego de tan irreparable da\u00f1o. Asimismo buscamos que la poblaci\u00f3n cusque\u00f1a y mundial se de cuenta de cuanto da\u00f1o puede ocacionar un programa ejercido a voluntad de unos cuantos que poco o nada le importo el bienestar del pueblo peruano.<\/div>\n<div><\/div>\n<div><\/div>\n<div><\/div>\n<div><strong><em>Los esperamos, este martes 31 de mayo a las 10:00 de la ma\u00f1ana en el Hotel Fray Bartolom\u00e9 de las Casas &#8211; Av. Tullumayo N\u00b0465.<\/em><\/strong><\/div>","protected":false},"excerpt":{"rendered":"<p>Ser madre es una bendici\u00f3n que la mujer espera en alg\u00fan momento de la vida, mucho m\u00e1s si lo hace con su voluntad y entusiasmo; hoy en d\u00eda a muchos a\u00f1os de haber perpretado las esterilizaciones forzadas en mujeres y varones del ambito rural del Per\u00fa, es necesario evidenciar el da\u00f1o por el cual ellas [&hellip;]<\/p>\n","protected":false},"author":1,"featured_media":5361,"comment_status":"closed","ping_status":"open","sticky":false,"template":"","format":"standard","meta":{"_monsterinsights_skip_tracking":false,"_monsterinsights_sitenote_active":false,"_monsterinsights_sitenote_note":"","_monsterinsights_sitenote_category":0,"_jetpack_memberships_contains_paid_content":false,"footnotes":"","jetpack_publicize_message":"","jetpack_publicize_feature_enabled":true,"jetpack_social_post_already_shared":false,"jetpack_social_options":{"image_generator_settings":{"template":"highway","default_image_id":0,"font":"","enabled":false},"version":2}},"categories":[1],"tags":[],"class_list":["post-5360","post","type-post","status-publish","format-standard","has-post-thumbnail","hentry","category-sin-categoria"],"blocksy_meta":[],"jetpack_publicize_connections":[],"jetpack_featured_media_url":"https:\/\/derechosinfronteras.pe\/wp-content\/uploads\/2016\/05\/INVITACION-CONFERENCIO-ESTERILIZACIONES-2.jpg","jetpack_sharing_enabled":true,"jetpack_likes_enabled":true,"_links":{"self":[{"href":"https:\/\/derechosinfronteras.pe\/ingles\/wp-json\/wp\/v2\/posts\/5360","targetHints":{"allow":["GET"]}}],"collection":[{"href":"https:\/\/derechosinfronteras.pe\/ingles\/wp-json\/wp\/v2\/posts"}],"about":[{"href":"https:\/\/derechosinfronteras.pe\/ingles\/wp-json\/wp\/v2\/types\/post"}],"author":[{"embeddable":true,"href":"https:\/\/derechosinfronteras.pe\/ingles\/wp-json\/wp\/v2\/users\/1"}],"replies":[{"embeddable":true,"href":"https:\/\/derechosinfronteras.pe\/ingles\/wp-json\/wp\/v2\/comments?post=5360"}],"version-history":[{"count":0,"href":"https:\/\/derechosinfronteras.pe\/ingles\/wp-json\/wp\/v2\/posts\/5360\/revisions"}],"wp:featuredmedia":[{"embeddable":true,"href":"https:\/\/derechosinfronteras.pe\/ingles\/wp-json\/wp\/v2\/media\/5361"}],"wp:attachment":[{"href":"https:\/\/derechosinfronteras.pe\/ingles\/wp-json\/wp\/v2\/media?parent=5360"}],"wp:term":[{"taxonomy":"category","embeddable":true,"href":"https:\/\/derechosinfronteras.pe\/ingles\/wp-json\/wp\/v2\/categories?post=5360"},{"taxonomy":"post_tag","embeddable":true,"href":"https:\/\/derechosinfronteras.pe\/ingles\/wp-json\/wp\/v2\/tags?post=5360"}],"curies":[{"name":"wp","href":"https:\/\/api.w.org\/{rel}","templated":true}]}}