{"id":5362,"date":"2016-05-30T10:12:18","date_gmt":"2016-05-30T15:12:18","guid":{"rendered":"http:\/\/derechosinfronteras.pe\/?p=1424"},"modified":"2016-05-30T10:12:18","modified_gmt":"2016-05-30T15:12:18","slug":"aprueban-ley-para-la-busqueda-de-desaparecidos-por-el-terrorismo","status":"publish","type":"post","link":"https:\/\/derechosinfronteras.pe\/ingles\/aprueban-ley-para-la-busqueda-de-desaparecidos-por-el-terrorismo\/","title":{"rendered":"Aprueban ley para la  b\u00fasqueda de desaparecidos por el terrorismo"},"content":{"rendered":"<ul>\n<li><em>Se crear\u00e1 el Registro Nacional de Personas Desaparecidas.<\/em><\/li>\n<li><em>Estiman que hay unos 15, 800 desaparecidos entre los a\u00f1os 1980-2000.<\/em><\/li>\n<\/ul>\n<p>El jueves 26\u00a0 de mayo, \u00a0el Congreso de la Rep\u00fablica aprob\u00f3 una ley de b\u00fasqueda de personas desaparecidas durante el per\u00edodo de violencia 1980-2000 que habilita a la Fiscal\u00eda a exhumar e identificar restos con el fin de devolverlos a los familiares, sin necesidad de una denuncia penal previa, labor que ser\u00e1 coordinada por el Ministerio de Justicia y de entidades vinculadas al tema.<\/p>\n<p>La norma busca que los restos de las personas desaparecidas a manos de los grupos terroristas puedan ser ubicados por sus familiares. \u201cEs una ley con un contenido de car\u00e1cter humanitario. Esta era una deuda pendiente del Estado (\u2026)\u201d, se\u00f1al\u00f3 el presidente de la Comisi\u00f3n de Justicia y Derechos Humanos, congresista Juan Carlos Eguren (PPC-APP).<\/p>\n<p>Seg\u00fan la <strong>Comisedh<\/strong>, una asociaci\u00f3n civil con m\u00e1s de 30 a\u00f1os en la defensa de los derechos humanos, hay m\u00e1s de 6.462 sitios de entierro en el pa\u00eds, a consecuencia de las acciones de violencia del grupo terrorista Sendero Luminoso, las fuerzas armadas \u2013en la lucha contrasubversiva\u2013, y las rondas o comit\u00e9s de autodefensa.<\/p>\n<p>El 80% de los casos de investigaciones fiscales han sido archivadas (cerradas) por el ministerio p\u00fablico. Esto se debe a que la autoridad ministerial no ha identificado al autor del delito y por ello no ordena diligencias de exhumaci\u00f3n, indic\u00f3 en el debate de la ley la congresista Marisol P\u00e9rez Tello.<\/p>\n<p style=\"text-align: center;\"><em><strong>Asimismo La COMISEDH \u00a0se pronuncia:<\/strong><\/em><\/p>\n<p style=\"text-align: center;\"><em>Frente a la aprobaci\u00f3n por el Congreso de la Rep\u00fablica, el d\u00eda de hoy, del proyecto de Ley de B\u00fasqueda de Personas Desaparecidas, la Comisi\u00f3n de Derechos Humanos \u2013 COMISEDH saluda este acontecimiento hist\u00f3rico, y manifiesta:<\/em><\/p>\n<ol style=\"text-align: center;\">\n<li><em>Su reconocimiento a los familiares de personas desaparecidas durante el conflicto armado interno de 1980-2000, sin cuya lucha indesmayable por averiguar el destino de sus seres amados no habr\u00eda sido posible llegar a obtener del Estado esta justa demanda. Hacemos un reconocimiento especial a quienes fallecieron en el curso de estos a\u00f1os, sin llegar a conocer la verdad que exig\u00edan y merec\u00edan.<\/em><\/li>\n<li><em>Su saludo a la consecuencia y perseverancia de los pol\u00edticos que impulsaron este proyecto de ley, a las instituciones de la sociedad civil (organizaciones de familiares, organismos de derechos humanos, colectivos ciudadanos) y a la Defensor\u00eda del Pueblo, que no s\u00f3lo apoyaron y sostuvieron esta iniciativa y otras similares en el pasado reciente, sino que participaron activamente en la discusi\u00f3n previa de esta propuesta de ley.<\/em><\/li>\n<li><em>Su esperanza en que esta Ley sea promulgada a la brevedad posible por el Poder Ejecutivo, en el cual recae la responsabilidad hist\u00f3rica de implementar, a trav\u00e9s del Ministerio de Justicia y Derechos Humanos (MINJUS), el Registro Nacional de Personas Desaparecidas y Sitios de Entierro, y aprobar, en 90 d\u00edas, el Plan Nacional de B\u00fasqueda de Personas Desaparecidas.<\/em><\/li>\n<li><em>Es destacable que la Ley aprobada disponga: que el Plan Nacional de B\u00fasqueda de Personas Desaparecidas sea dise\u00f1ado, aprobado, implementado y ejecutado en coordinaci\u00f3n con entidades p\u00fablicas y privadas competentes; que el MINJUS promover\u00e1 y coadyuvar\u00e1 la participaci\u00f3n de los familiares en el proceso de b\u00fasqueda de las personas desaparecidas; y que se reconozca el derecho a la verdad de los familiares de las personas desaparecidas.<\/em><\/li>\n<li><em>Su llamado a las instituciones del Estado peruano, a la sociedad civil y a la cooperaci\u00f3n internacional para colaborar con la inminente b\u00fasqueda de las personas desaparecidas durante el conflicto armado interno de 1980-2000. Entendemos que la aprobaci\u00f3n de la Ley es el primer paso hacia un proceso de verdad, que se ir\u00e1 consolidando y perfeccionando con el tiempo.<\/em><\/li>\n<\/ol>\n<p style=\"text-align: center;\"><em>Lima, 26 de mayo del 2016.<\/em><\/p>\n<p style=\"text-align: center;\"><em>Comisi\u00f3n de Derechos Humanos<\/em><\/p>\n<p style=\"text-align: center;\"><em>COMISEDH<\/em><\/p>\n<p>Por otro lado La Defensor\u00eda del Pueblo, que present\u00f3 el proyecto de ley al Congreso, sostiene que hay prevalencia de trastornos psiqui\u00e1tricos, depresi\u00f3n y ansiedad entre los parientes con familiar desaparecido o fallecido durante los a\u00f1os de violencia. Por ello la norma se\u00f1ala que el Estado debe ofrecer acompa\u00f1amiento psicosocial y apoyo material y log\u00edstico a los familiares de desaparecidos que asistan a las exhumaciones.<\/p>\n<p><em><strong>Fuente: El Pa\u00eds \/ El Comercio\/ COMISEDH.<\/strong><\/em><\/p>\n<p><em><strong>Foto:blog.pucp.edu.pe<\/strong><\/em><\/p>","protected":false},"excerpt":{"rendered":"<p>Se crear\u00e1 el Registro Nacional de Personas Desaparecidas. Estiman que hay unos 15, 800 desaparecidos entre los a\u00f1os 1980-2000. El jueves 26\u00a0 de mayo, \u00a0el Congreso de la Rep\u00fablica aprob\u00f3 una ley de b\u00fasqueda de personas desaparecidas durante el per\u00edodo de violencia 1980-2000 que habilita a la Fiscal\u00eda a exhumar e identificar restos con el [&hellip;]<\/p>\n","protected":false},"author":1,"featured_media":5363,"comment_status":"closed","ping_status":"open","sticky":false,"template":"","format":"standard","meta":{"_monsterinsights_skip_tracking":false,"_monsterinsights_sitenote_active":false,"_monsterinsights_sitenote_note":"","_monsterinsights_sitenote_category":0,"_jetpack_memberships_contains_paid_content":false,"footnotes":"","jetpack_publicize_message":"","jetpack_publicize_feature_enabled":true,"jetpack_social_post_already_shared":false,"jetpack_social_options":{"image_generator_settings":{"template":"highway","default_image_id":0,"font":"","enabled":false},"version":2}},"categories":[1],"tags":[],"class_list":["post-5362","post","type-post","status-publish","format-standard","has-post-thumbnail","hentry","category-sin-categoria"],"blocksy_meta":[],"jetpack_publicize_connections":[],"jetpack_featured_media_url":"https:\/\/derechosinfronteras.pe\/wp-content\/uploads\/2016\/05\/nueva-ley-busqueda-de-desaparecidos.jpg","jetpack_sharing_enabled":true,"jetpack_likes_enabled":true,"_links":{"self":[{"href":"https:\/\/derechosinfronteras.pe\/ingles\/wp-json\/wp\/v2\/posts\/5362","targetHints":{"allow":["GET"]}}],"collection":[{"href":"https:\/\/derechosinfronteras.pe\/ingles\/wp-json\/wp\/v2\/posts"}],"about":[{"href":"https:\/\/derechosinfronteras.pe\/ingles\/wp-json\/wp\/v2\/types\/post"}],"author":[{"embeddable":true,"href":"https:\/\/derechosinfronteras.pe\/ingles\/wp-json\/wp\/v2\/users\/1"}],"replies":[{"embeddable":true,"href":"https:\/\/derechosinfronteras.pe\/ingles\/wp-json\/wp\/v2\/comments?post=5362"}],"version-history":[{"count":0,"href":"https:\/\/derechosinfronteras.pe\/ingles\/wp-json\/wp\/v2\/posts\/5362\/revisions"}],"wp:featuredmedia":[{"embeddable":true,"href":"https:\/\/derechosinfronteras.pe\/ingles\/wp-json\/wp\/v2\/media\/5363"}],"wp:attachment":[{"href":"https:\/\/derechosinfronteras.pe\/ingles\/wp-json\/wp\/v2\/media?parent=5362"}],"wp:term":[{"taxonomy":"category","embeddable":true,"href":"https:\/\/derechosinfronteras.pe\/ingles\/wp-json\/wp\/v2\/categories?post=5362"},{"taxonomy":"post_tag","embeddable":true,"href":"https:\/\/derechosinfronteras.pe\/ingles\/wp-json\/wp\/v2\/tags?post=5362"}],"curies":[{"name":"wp","href":"https:\/\/api.w.org\/{rel}","templated":true}]}}