{"id":5364,"date":"2016-05-27T12:15:51","date_gmt":"2016-05-27T17:15:51","guid":{"rendered":"http:\/\/derechosinfronteras.pe\/?p=1437"},"modified":"2016-05-27T12:15:51","modified_gmt":"2016-05-27T17:15:51","slug":"congresistas-electos-fijaron-posicion-y-propuestas-a-impulsar-sobre-industrias-extractivas-y-conflictos-sociale","status":"publish","type":"post","link":"https:\/\/derechosinfronteras.pe\/ingles\/congresistas-electos-fijaron-posicion-y-propuestas-a-impulsar-sobre-industrias-extractivas-y-conflictos-sociale\/","title":{"rendered":"Congresistas electos fijaron posici\u00f3n y propuestas a impulsar sobre industrias extractivas y conflictos sociale"},"content":{"rendered":"<p>EN FORO PARLAMENTARIO<\/p>\n<p>A trav\u00e9s del <strong>Foro: La agenda parlamentaria frente a las industrias extractivas y los conflictos socioambientales<\/strong>, la Asociaci\u00f3n Pro Derechos Humanos (Aprodeh) gener\u00f3 un espacio de di\u00e1logo alrededor de una mesa compuesta de representantes parlamentarios, organizaciones de la sociedad civil y ciudadanos, a fin de evaluar conjuntamente las propuestas y perspectivas sobre la regulaci\u00f3n y el impacto de las inversiones extractivas en el Per\u00fa incidiendo en la\u00a0 promoci\u00f3n de\u00a0 propuestas favorables\u00a0 respeto a los derechos humanos, territoriales y ambientales.<\/p>\n<p>Los congresistas electos de Acci\u00f3n Popular, Miguel Rom\u00e1n; de Peruanos Por el Kambio, Gino Costa, y del Frente Amplio, Humberto Morales, dieron a conocer las propuestas de sus respectivos partidos, as\u00ed como el impulso que dar\u00e1n, desde el Congreso, a problem\u00e1ticas en torno a: Ordenamiento territorial, Consulta Previa, Fortalecimiento ambiental y Gesti\u00f3n de conflictos sociales. En este encuentro el partido de Fuerza Popular decidi\u00f3 no participar.<\/p>\n<p><a href=\"http:\/\/derechosinfronteras.pe\/wp-content\/uploads\/2016\/05\/foroarpodeh1.jpg\" rel=\"attachment wp-att-1438\"><img fetchpriority=\"high\" decoding=\"async\" class=\"aligncenter size-full wp-image-1438\" src=\"http:\/\/derechosinfronteras.pe\/wp-content\/uploads\/2016\/05\/foroarpodeh1.jpg\" alt=\"foroarpodeh1\" width=\"750\" height=\"420\" \/><\/a><\/p>\n<p><strong>Consulta previa, conflictos sociales y di\u00e1logo pendiente<\/strong><\/p>\n<p>RED MUQUI y CooperAcci\u00f3n participaron como panelistas y expusieron la situaci\u00f3n actual de la conflictividad social y la consulta previa ante los nuevos parlamentarios.<\/p>\n<p>Javier Jahncke, secretario ejecutivo de la RED MUQUI, se refiri\u00f3 a los mecanismos de toma de decisi\u00f3n que no involucran a gobiernos regionales, ni locales, pese a que estos tienen competencias en planes de desarrollo y ordenamiento territorial, ya que las concesiones est\u00e1n por encima. De igual modo Jahncke indic\u00f3 que un proceso de concesi\u00f3n no se puede afirmar que exista una verdadera participaci\u00f3n ciudadana que otorgue una licencia social, ya que solo es de car\u00e1cter informativo una vez aprobado que el Estado da luz verde para el inicio de un proyecto. \u201cEn ese escenario, la consulta previa, por m\u00e1s norma que se tenga, est\u00e1 sometida bajo esa misma l\u00f3gica\u201d, remarc\u00f3.<\/p>\n<p>Como parte de esa problem\u00e1tica, Jahncke coment\u00f3 a los congresistas electos que en el sector miner\u00eda solo se han llevado a cabo tres procesos de consulta previa debido a esta l\u00f3gica de \u201cinformar a la poblaci\u00f3n en audiencias p\u00fablicas\u201d. El secretario de la RED MUQUI puntualiz\u00f3 que muchas de las empresas no reconocen la presencia de pueblos ind\u00edgenas debido a que no existe una base de datos adecuada desde el Ministerio de Cultura, que adem\u00e1s no es consecutiva de derechos.<\/p>\n<p>Por su parte, Ana Leyva, Directora Ejecutiva de CooperAcci\u00f3n, indic\u00f3 a los candidatos que los conflictos sociales deben ser entendidos de una manera multidimensional y que las demandas de las poblaciones afectadas por megaproyectos, no necesariamente son econ\u00f3micas. En ese sentido, Leyva remarc\u00f3 la necesidad de establecer una tipolog\u00eda de conflictos, ya que no todos se dan por un af\u00e1n de resistencia, sino de convivencia con la empresa. Una tipolog\u00eda permite un tratamiento diferenciado para poder lograr un mejor entendimiento y resoluci\u00f3n del mismo.<\/p>\n<p>Como asesora de las comunidades en la Mesa de Trabajo de Cotabambas (Apur\u00edmac), Ana Leyva asegur\u00f3 que el car\u00e1cter de estas mesas, son de negociaci\u00f3n mas no de di\u00e1logo, lo cual conlleva a una lucha por anteponer intereses de la inversi\u00f3n a las demandas de quienes se sienten afectados, en este caso por el proyecto minero Las Bambas. \u201cNo hay un b\u00fasqueda por establecer nuevas relaciones de confianza duraderas entre la empresa y la poblaci\u00f3n, sino de \u201cbajar\u201d el problema\u201d, se\u00f1al\u00f3.<\/p>\n<p><strong>Propuestas a impulsar <\/strong><\/p>\n<p>Para el congresista electo, <strong>Miguel Rom\u00e1n de Acci\u00f3n Popular<\/strong>, en un escenario de conflictividad social ser\u00eda necesario paralizar las operaciones de un proyecto hasta que se le explique a la poblaci\u00f3n sobre los beneficios. Este proceso, seg\u00fan dijo, deber\u00eda ser por tiempo indeterminado hasta el momento en que las comunidades den su aprobaci\u00f3n, de ser necesario a trav\u00e9s de una consulta previa.<\/p>\n<p><strong>Gino Costa de Peruanos Por el Kambio<\/strong> puntualiz\u00f3 que su partido tiene en propuesta la creaci\u00f3n de un sistema nacional de prevenci\u00f3n y gesti\u00f3n pac\u00edfica de conflictos sociales, en el cual la Oficina Nacional de Di\u00e1logo y Sostenibilidad de la PCM, funcionar\u00eda como secretar\u00eda t\u00e9cnica. Costa tambi\u00e9n coment\u00f3 que se reactivar\u00eda la procuradur\u00eda del orden p\u00fablico dentro del Ministerio del Interior, con el fin de identificar los actores que incitan a la violencia y al desorden p\u00fablico para que puedan ser llevados a la justicia con celeridad.<\/p>\n<p>A su turno, <strong>Humberto Morales del Frente Amplio<\/strong>, manifest\u00f3 que no se puede negar que la conflictividad social se da a causa de un tema ideol\u00f3gico, como es el del buen vivir y otras formas de entender el uso de los recursos naturales. Morales resalt\u00f3 la necesidad de contar con una ley de Ordenamiento Territorial en el que las Zonificaci\u00f3n Ecol\u00f3gica y Econ\u00f3mica (ZEE) sea vinculante para gestionar el buen uso del territorio, adem\u00e1s de una ley de protecci\u00f3n de cabeceras de cuencas. Con el cumplimiento adecuado de ambas normativas podr\u00edan evitarse muchos de los conflictos sociales, anot\u00f3.<\/p>\n<p><strong><em>Fotos: Comunicaciones RED MUQUI<\/em><\/strong><\/p>","protected":false},"excerpt":{"rendered":"<p>EN FORO PARLAMENTARIO A trav\u00e9s del Foro: La agenda parlamentaria frente a las industrias extractivas y los conflictos socioambientales, la Asociaci\u00f3n Pro Derechos Humanos (Aprodeh) gener\u00f3 un espacio de di\u00e1logo alrededor de una mesa compuesta de representantes parlamentarios, organizaciones de la sociedad civil y ciudadanos, a fin de evaluar conjuntamente las propuestas y perspectivas sobre [&hellip;]<\/p>\n","protected":false},"author":1,"featured_media":5365,"comment_status":"closed","ping_status":"open","sticky":false,"template":"","format":"standard","meta":{"_monsterinsights_skip_tracking":false,"_monsterinsights_sitenote_active":false,"_monsterinsights_sitenote_note":"","_monsterinsights_sitenote_category":0,"_jetpack_memberships_contains_paid_content":false,"footnotes":"","jetpack_publicize_message":"","jetpack_publicize_feature_enabled":true,"jetpack_social_post_already_shared":false,"jetpack_social_options":{"image_generator_settings":{"template":"highway","default_image_id":0,"font":"","enabled":false},"version":2}},"categories":[1],"tags":[],"class_list":["post-5364","post","type-post","status-publish","format-standard","has-post-thumbnail","hentry","category-sin-categoria"],"blocksy_meta":[],"jetpack_publicize_connections":[],"jetpack_featured_media_url":"https:\/\/derechosinfronteras.pe\/wp-content\/uploads\/2016\/05\/foroarpodeh2.jpg","jetpack_sharing_enabled":true,"jetpack_likes_enabled":true,"_links":{"self":[{"href":"https:\/\/derechosinfronteras.pe\/ingles\/wp-json\/wp\/v2\/posts\/5364","targetHints":{"allow":["GET"]}}],"collection":[{"href":"https:\/\/derechosinfronteras.pe\/ingles\/wp-json\/wp\/v2\/posts"}],"about":[{"href":"https:\/\/derechosinfronteras.pe\/ingles\/wp-json\/wp\/v2\/types\/post"}],"author":[{"embeddable":true,"href":"https:\/\/derechosinfronteras.pe\/ingles\/wp-json\/wp\/v2\/users\/1"}],"replies":[{"embeddable":true,"href":"https:\/\/derechosinfronteras.pe\/ingles\/wp-json\/wp\/v2\/comments?post=5364"}],"version-history":[{"count":0,"href":"https:\/\/derechosinfronteras.pe\/ingles\/wp-json\/wp\/v2\/posts\/5364\/revisions"}],"wp:featuredmedia":[{"embeddable":true,"href":"https:\/\/derechosinfronteras.pe\/ingles\/wp-json\/wp\/v2\/media\/5365"}],"wp:attachment":[{"href":"https:\/\/derechosinfronteras.pe\/ingles\/wp-json\/wp\/v2\/media?parent=5364"}],"wp:term":[{"taxonomy":"category","embeddable":true,"href":"https:\/\/derechosinfronteras.pe\/ingles\/wp-json\/wp\/v2\/categories?post=5364"},{"taxonomy":"post_tag","embeddable":true,"href":"https:\/\/derechosinfronteras.pe\/ingles\/wp-json\/wp\/v2\/tags?post=5364"}],"curies":[{"name":"wp","href":"https:\/\/api.w.org\/{rel}","templated":true}]}}