{"id":5368,"date":"2016-05-26T11:40:51","date_gmt":"2016-05-26T16:40:51","guid":{"rendered":"http:\/\/derechosinfronteras.pe\/?p=1413"},"modified":"2023-10-25T10:37:06","modified_gmt":"2023-10-25T15:37:06","slug":"sociedad-civil-y-organizaciones-sociales-a-candidatos-no-se-puede-hablar-de-democracia-sin-cerrar-brechas-de-desigualdad","status":"publish","type":"post","link":"https:\/\/derechosinfronteras.pe\/ingles\/sociedad-civil-y-organizaciones-sociales-a-candidatos-no-se-puede-hablar-de-democracia-sin-cerrar-brechas-de-desigualdad\/","title":{"rendered":"Sociedad Civil y organizaciones sociales a candidatos: No se puede hablar de democracia sin cerrar brechas de desigualdad"},"content":{"rendered":"<p>NO HAY DEMOCRACIA SIN IGUALDAD<\/p>\n<ul>\n<li><em>Movimientos sociales de todo el pa\u00eds demandan propuestas concretas que se basen en la democracia y en la lucha contra las desigualdades persistentes.<\/em><\/li>\n<\/ul>\n<p>A pocos d\u00edas de las elecciones presidenciales del 5 de junio, organizaciones, movimientos y colectivos sociales, mujeres y pueblos ind\u00edgenas, exigen al candidato de Peruanos Por el Kambio, Pedro Pablo Kuczynski,\u00a0 y a la candidata de Fuerza Popular, Keiko Fujimori, que asuman medidas concretas para garantizar los derechos fundamentales de las personas en plena vigencia de la democracia. Los\/as representantes de estos grupos sociales coinciden en que no se puede hablar de democracia sin cerrar las brechas de desigualdad persistentes.<\/p>\n<p>\u201cOficialmente siete millones de peruanos\/as viven en situaci\u00f3n de pobreza monetaria, muchos de ellos en zonas rurales. Si vemos la pobreza por necesidades b\u00e1sicas insatisfechas y carencias en el acceso a servicios, el n\u00famero de peruanos\/as pobres es bastante m\u00e1s elevado\u201d, dijo Armando Mendoza, investigador de Oxfam. Mendoza explic\u00f3 que si bien los programas sociales contribuyeron a reducir la pobreza en los \u00faltimos a\u00f1os, no han resuelto las persistentes desigualdades que se expresan en nuestro pa\u00eds en diversas dimensiones como el acceso a servicios b\u00e1sicos y g\u00e9nero.<\/p>\n<p><a href=\"http:\/\/derechosinfronteras.pe\/wp-content\/uploads\/2016\/05\/actua2.jpg\" rel=\"attachment wp-att-1415\"><img fetchpriority=\"high\" decoding=\"async\" class=\"aligncenter  wp-image-1415\" src=\"http:\/\/derechosinfronteras.pe\/wp-content\/uploads\/2016\/05\/actua2.jpg\" alt=\"actua2\" width=\"687\" height=\"385\" \/><\/a><\/p>\n<p>En el caso de los servicios b\u00e1sicos, solo un 30% de peruanos\/as accede a la salud por barreras geogr\u00e1ficas, culturales o econ\u00f3micas, se\u00f1al\u00f3, Luis Lazo de Foro Salud. Lazo\u00a0 detall\u00f3 que las brechas de d\u00e9ficit de infraestructura, equipamientos y recursos humanos, genera un abismo entre la necesidad y demanda de la poblaci\u00f3n, y la capacidad de la oferta del sistema de salud vigente.\u00a0 De otro lado, ocho millones\u00a0 de personas en el pa\u00eds no acceden a agua potable.<\/p>\n<p>Sobre los est\u00e1ndares laborales actuales, tres de cada 10 trabajadores peruanos tienen un empleo decente, mientras que siete de cada 10 trabajan en la informalidad y en empleos precarios. Por ello, se exige la aprobaci\u00f3n de la Ley General del Trabajo Justa y Democr\u00e1tica, adoptando las propuestas presentadas por los trabajadores, as\u00ed como eliminar los reg\u00edmenes \u201cespeciales\u201d vigentes.<\/p>\n<p>Para fortalecer la gobernanza e institucionalidad ambiental, Jos\u00e9 De Echave, ex viceministro de Ambiente e investigador de CooperAcci\u00f3n identific\u00f3 como puntos clave la derogatoria de los paquetazos ambientales, la promulgaci\u00f3n de la ley de Ordenamiento Territorial, as\u00ed como el fortalecimiento de la autoridad ambiental y de sus organismos adscritos.<\/p>\n<p>Atender las demandas de los Pueblos Ind\u00edgenas, fortaleciendo el derecho a la Consulta Previa y a la titulaci\u00f3n de tierras comunales, es una deuda pendiente del Estado.<\/p>\n<p>La violencia contra la mujer es otra problem\u00e1tica desatendida. Seg\u00fan la Encuesta Nacional de Hogares (Endes 2014), 72% de las mujeres peruanas declar\u00f3 haber vivido alg\u00fan tipo de violencia.\u00a0\u00a0De acuerdo con Diana Miloslavich, de Flora Trist\u00e1n, se requiere continuar con los planes y programas actuales de violencia contra la mujer con mayor presupuesto y voluntad pol\u00edtica.<\/p>\n<p>Encarar est\u00e1s problem\u00e1ticas es clave para terminar con la desigualdad en nuestro pa\u00eds.<\/p>\n<p>Conoce el comunicado REDUCIR LA DESIGUALDAD SOCIAL EN DEMOCRACIA Demandas y propuestas de la sociedad civil a los candidatos presidenciales aqu\u00ed: http:\/\/bit.ly\/25hwCWC.<\/p>\n<p>Quienes suscriben son: Actua.pe, Alternativa, ANC, Anpe, APRODEH, Caplab, CCP, CGTP, CNDDHH, CooperAcci\u00f3n, Demus, DESCO, Flora Trist\u00e1n, Foro Salud, Forum Solidaridad Per\u00fa, GTCC, GPC, Grupo Nacional de Presupuesto P\u00fablico, IESI, Latindadd, Manuela Ramos, Onamiap, Oxfam, Per\u00fa Cop20, Per\u00fa Equidad, Plades, Predes, Red Muqui.<\/p>\n<p><strong>DATOS:<\/strong><\/p>\n<ul>\n<li>Act\u00faa.pe es una red de vigilancia de discursos pol\u00edticos, de informaci\u00f3n y de propuesta, que impulsa la participaci\u00f3n ciudadana electoral bajo un concepto interactivo que conecta a los votantes con los\/as candidatos\/as.<\/li>\n<li>Est\u00e1 formada por diferentes organizaciones de la sociedad civil y colectivos ciudadanos, e impulsa un proceso electoral en el cual la lucha contra la desigualdad sea parte fundamental de las propuestas pol\u00edticas.<\/li>\n<\/ul>\n<p><em><strong>Fuente \/ Fotos: Act\u00faa.pe<\/strong><\/em><\/p>","protected":false},"excerpt":{"rendered":"<p>NO HAY DEMOCRACIA SIN IGUALDAD Movimientos sociales de todo el pa\u00eds demandan propuestas concretas que se basen en la democracia y en la lucha contra las desigualdades persistentes. A pocos d\u00edas de las elecciones presidenciales del 5 de junio, organizaciones, movimientos y colectivos sociales, mujeres y pueblos ind\u00edgenas, exigen al candidato de Peruanos Por el [&hellip;]<\/p>\n","protected":false},"author":1,"featured_media":5369,"comment_status":"closed","ping_status":"open","sticky":false,"template":"","format":"standard","meta":{"_monsterinsights_skip_tracking":false,"_monsterinsights_sitenote_active":false,"_monsterinsights_sitenote_note":"","_monsterinsights_sitenote_category":0,"_jetpack_memberships_contains_paid_content":false,"footnotes":"","jetpack_publicize_message":"","jetpack_publicize_feature_enabled":true,"jetpack_social_post_already_shared":false,"jetpack_social_options":{"image_generator_settings":{"template":"highway","default_image_id":0,"font":"","enabled":false},"version":2}},"categories":[1],"tags":[],"class_list":["post-5368","post","type-post","status-publish","format-standard","has-post-thumbnail","hentry","category-sin-categoria"],"blocksy_meta":[],"jetpack_publicize_connections":[],"jetpack_featured_media_url":"https:\/\/derechosinfronteras.pe\/wp-content\/uploads\/2016\/05\/actua1.jpg","jetpack_sharing_enabled":true,"jetpack_likes_enabled":true,"_links":{"self":[{"href":"https:\/\/derechosinfronteras.pe\/ingles\/wp-json\/wp\/v2\/posts\/5368","targetHints":{"allow":["GET"]}}],"collection":[{"href":"https:\/\/derechosinfronteras.pe\/ingles\/wp-json\/wp\/v2\/posts"}],"about":[{"href":"https:\/\/derechosinfronteras.pe\/ingles\/wp-json\/wp\/v2\/types\/post"}],"author":[{"embeddable":true,"href":"https:\/\/derechosinfronteras.pe\/ingles\/wp-json\/wp\/v2\/users\/1"}],"replies":[{"embeddable":true,"href":"https:\/\/derechosinfronteras.pe\/ingles\/wp-json\/wp\/v2\/comments?post=5368"}],"version-history":[{"count":1,"href":"https:\/\/derechosinfronteras.pe\/ingles\/wp-json\/wp\/v2\/posts\/5368\/revisions"}],"predecessor-version":[{"id":6353,"href":"https:\/\/derechosinfronteras.pe\/ingles\/wp-json\/wp\/v2\/posts\/5368\/revisions\/6353"}],"wp:featuredmedia":[{"embeddable":true,"href":"https:\/\/derechosinfronteras.pe\/ingles\/wp-json\/wp\/v2\/media\/5369"}],"wp:attachment":[{"href":"https:\/\/derechosinfronteras.pe\/ingles\/wp-json\/wp\/v2\/media?parent=5368"}],"wp:term":[{"taxonomy":"category","embeddable":true,"href":"https:\/\/derechosinfronteras.pe\/ingles\/wp-json\/wp\/v2\/categories?post=5368"},{"taxonomy":"post_tag","embeddable":true,"href":"https:\/\/derechosinfronteras.pe\/ingles\/wp-json\/wp\/v2\/tags?post=5368"}],"curies":[{"name":"wp","href":"https:\/\/api.w.org\/{rel}","templated":true}]}}