{"id":5371,"date":"2016-05-25T11:14:10","date_gmt":"2016-05-25T16:14:10","guid":{"rendered":"http:\/\/derechosinfronteras.pe\/?p=1410"},"modified":"2016-05-25T11:14:10","modified_gmt":"2016-05-25T16:14:10","slug":"juez-ordeno-prision-efectiva-para-alcalde-de-dean-valdivia-y-dirigentes-sociales-de-islay","status":"publish","type":"post","link":"https:\/\/derechosinfronteras.pe\/ingles\/juez-ordeno-prision-efectiva-para-alcalde-de-dean-valdivia-y-dirigentes-sociales-de-islay\/","title":{"rendered":"Juez orden\u00f3 prisi\u00f3n efectiva para alcalde de Dean Valdivia y dirigentes sociales de Islay"},"content":{"rendered":"<ul>\n<li><em>Fiscal\u00eda solicit\u00f3 encarcelamiento ante falta de pago de reparaci\u00f3n civil<\/em><\/li>\n<\/ul>\n<p>El Juzgado de Investigaci\u00f3n Preparatoria de Mariano Melgar, revoc\u00f3 la sentencia de prisi\u00f3n suspendida por una efectiva, contra el alcalde distrital de Dean Valdivia (Islay, Arequipa), Jaime De la Cruz y tres dirigentes sociales que fueron procesados luego de encabezar las protestas realizadas en contra del proyecto minero T\u00eda Mar\u00eda en el a\u00f1o 2011.<\/p>\n<p>Durante la audiencia realizada el martes \u00faltimo (24 de mayo) en el penal de varones de Socabaya, el juez Gino Valdivia Sorrentino donde escuch\u00f3 el requerimiento del Ministerio P\u00fablico y de la defensa de los imputados. Luego de los alegatos, tom\u00f3 la decisi\u00f3n de aceptar el pedido formulado por la Segunda Fiscal\u00eda de Mariano Melgar, a cargo de la fiscal Iris Ticona, quien indic\u00f3 el incumplimiento del pago de 20 mil soles de reparaci\u00f3n civil a favor del Estado, por parte de los sentenciados.<\/p>\n<p>Cabe resaltar que el Poder Judicial dictamin\u00f3 que esta cantidad debieron pagarla entre los 6 dirigentes imputados. Ninguno de los sentenciados asisti\u00f3 a la audiencia realizada este martes.<\/p>\n<p>Es as\u00ed que el magistrado orden\u00f3 la captura del exalcalde del distrito de De\u00e1n Valdivia (Islay, Arequipa), Jaime de la Cruz Gallegos, junto con Pepe Julio Guti\u00e9rrez, expresidente del Frente de Defensa del Valle de Tambo, y los dirigentes de bases Milton Abramonte, Huber Puma y Rub\u00e9n Quispe, quienes fueron condenados a cuatro a\u00f1os por el delito de entorpecimiento del funcionamiento de los servicios p\u00fablicos, por el bloqueo de v\u00edas en la provincia durante los d\u00edas de paro que se realiz\u00f3 en la provincia de Islay, en el a\u00f1o 2011.<\/p>\n<p>En las pr\u00f3ximas se dictar\u00eda la orden de captura de los dirigentes y el exalcalde, a excepci\u00f3n de Pepe Julio Guti\u00e9rrez, qui\u00e9n ya se encuentra dentro del Penal de Socabaya, al cumplir prisi\u00f3n preventiva por el caso de extorsi\u00f3n a Southern Per\u00fa, empresa a cargo del proyecto T\u00eda Mar\u00eda.<\/p>\n<p>Por su parte, Jaime De la Cruz, se manifest\u00f3 sobre esta decisi\u00f3n judicial, a trav\u00e9s de su cuenta personal de <em>Facebook<\/em>, y asegur\u00f3 que se pondr\u00e1 a derecho.<\/p>\n<p>\u00abNos cambiaron la pena de suspendida a efectiva o sea iremos a la c\u00e1rcel solo por defender nuestro pueblo, nuestra vida, nuestra agricultura, yo no comet\u00ed ning\u00fan delito. Solo se consum\u00f3 la persecuci\u00f3n pol\u00edtica y esta venganza del gobierno, en las pr\u00f3ximas horas me pondr\u00e9 a derecho que viva el valle de tambo\u00bb, expres\u00f3.<\/p>\n<p>Los abogados de los acusados anunciaron que apelar\u00e1n la decisi\u00f3n del juez Valdivia, lo m\u00e1s pronto posible; no obstante esa apelaci\u00f3n no tiene efectos suspensivos. Seg\u00fan indicaron los defensores legales de los dirigentes, la reparaci\u00f3n ha sido pagada en 6 mil soles. H\u00e9ctor Herrera abogado de 3 de los involucrados manifest\u00f3 que no hay prisi\u00f3n por deudas y que sus patrocinados no cuentan con los recursos para pagar esa cantidad.<\/p>\n<p>Luego de tener conocimiento de este fallo, los agricultores del valle de Tambo han decidido realizar una colecta para pagar la reparaci\u00f3n civil de Jaime de la Cruz. Seg\u00fan el B\u00faho Noticias, se ha programado en Cocachacra y Mollendo actividades para poder recolectar los fondos suficientes para cubrir este pago.<\/p>\n<p>El lunes a primera hora se realizar\u00eda el pago total de la reparaci\u00f3n civil, indic\u00f3 De La Cruz. \u201cSolo hemos defendido el agua\u201d, indic\u00f3 de forma tajante el ex alcalde del distrito de De\u00e1n Valdivia.<\/p>\n<p><strong>DATOS:<\/strong><\/p>\n<ul>\n<li>Este caso se remonta al a\u00f1o 2011, cuando se iniciaron los conflictos contra el proyecto minero T\u00eda Mar\u00eda en la provincia de Islay, donde se acus\u00f3 a los dirigentes por bloquear un tramo de la carretera Panamericana.<\/li>\n<li>En el 2014, Pepe Julio Guti\u00e9rrez, Jaime de la Cruz, Jos\u00e9 Luis Chapa D\u00edaz, Milton Abramonte Cienfuegos, Huber Efra\u00edn Puma Puma y Rub\u00e9n Quispe Colla, fueron sentenciados a 4 a\u00f1os de prisi\u00f3n suspendida y el pago de la reparaci\u00f3n civil de 20 mil soles.<\/li>\n<li>Los sentenciados fueron condenados el 18 de agosto del a\u00f1o 2014 por el Juzgado Penal Unipersonal de Mollendo, decisi\u00f3n judicial que fue confirmada por la Primera Sala Penal de Apelaciones.<\/li>\n<\/ul>\n<p><strong><em>Fuente: Diario El Pueblo de Arequipa \/ La Rep\u00fablica \/ Salvemos el Valle el Tambo \/ El B\u00faho noticias<\/em><\/strong><\/p>\n<p><strong><em>Foto: La Rep\u00fablica<\/em><\/strong><\/p>","protected":false},"excerpt":{"rendered":"<p>Fiscal\u00eda solicit\u00f3 encarcelamiento ante falta de pago de reparaci\u00f3n civil El Juzgado de Investigaci\u00f3n Preparatoria de Mariano Melgar, revoc\u00f3 la sentencia de prisi\u00f3n suspendida por una efectiva, contra el alcalde distrital de Dean Valdivia (Islay, Arequipa), Jaime De la Cruz y tres dirigentes sociales que fueron procesados luego de encabezar las protestas realizadas en contra [&hellip;]<\/p>\n","protected":false},"author":1,"featured_media":5372,"comment_status":"closed","ping_status":"open","sticky":false,"template":"","format":"standard","meta":{"_monsterinsights_skip_tracking":false,"_monsterinsights_sitenote_active":false,"_monsterinsights_sitenote_note":"","_monsterinsights_sitenote_category":0,"_jetpack_memberships_contains_paid_content":false,"footnotes":"","jetpack_publicize_message":"","jetpack_publicize_feature_enabled":true,"jetpack_social_post_already_shared":false,"jetpack_social_options":{"image_generator_settings":{"template":"highway","default_image_id":0,"font":"","enabled":false},"version":2}},"categories":[1],"tags":[],"class_list":["post-5371","post","type-post","status-publish","format-standard","has-post-thumbnail","hentry","category-sin-categoria"],"blocksy_meta":[],"jetpack_publicize_connections":[],"jetpack_featured_media_url":"https:\/\/derechosinfronteras.pe\/wp-content\/uploads\/2016\/05\/la-republica.jpg","jetpack_sharing_enabled":true,"jetpack_likes_enabled":true,"_links":{"self":[{"href":"https:\/\/derechosinfronteras.pe\/ingles\/wp-json\/wp\/v2\/posts\/5371","targetHints":{"allow":["GET"]}}],"collection":[{"href":"https:\/\/derechosinfronteras.pe\/ingles\/wp-json\/wp\/v2\/posts"}],"about":[{"href":"https:\/\/derechosinfronteras.pe\/ingles\/wp-json\/wp\/v2\/types\/post"}],"author":[{"embeddable":true,"href":"https:\/\/derechosinfronteras.pe\/ingles\/wp-json\/wp\/v2\/users\/1"}],"replies":[{"embeddable":true,"href":"https:\/\/derechosinfronteras.pe\/ingles\/wp-json\/wp\/v2\/comments?post=5371"}],"version-history":[{"count":0,"href":"https:\/\/derechosinfronteras.pe\/ingles\/wp-json\/wp\/v2\/posts\/5371\/revisions"}],"wp:featuredmedia":[{"embeddable":true,"href":"https:\/\/derechosinfronteras.pe\/ingles\/wp-json\/wp\/v2\/media\/5372"}],"wp:attachment":[{"href":"https:\/\/derechosinfronteras.pe\/ingles\/wp-json\/wp\/v2\/media?parent=5371"}],"wp:term":[{"taxonomy":"category","embeddable":true,"href":"https:\/\/derechosinfronteras.pe\/ingles\/wp-json\/wp\/v2\/categories?post=5371"},{"taxonomy":"post_tag","embeddable":true,"href":"https:\/\/derechosinfronteras.pe\/ingles\/wp-json\/wp\/v2\/tags?post=5371"}],"curies":[{"name":"wp","href":"https:\/\/api.w.org\/{rel}","templated":true}]}}