{"id":5375,"date":"2016-05-20T12:47:56","date_gmt":"2016-05-20T17:47:56","guid":{"rendered":"http:\/\/derechosinfronteras.pe\/?p=1394"},"modified":"2016-05-20T12:47:56","modified_gmt":"2016-05-20T17:47:56","slug":"espinar-acata-paro-de-24-horas-para-exigir-el-cese-de-la-contaminacion-por-las-operaciones-mineras-y-el-incumplimiento-de-acuerdos-de-la-mesa-de-dialogo","status":"publish","type":"post","link":"https:\/\/derechosinfronteras.pe\/ingles\/espinar-acata-paro-de-24-horas-para-exigir-el-cese-de-la-contaminacion-por-las-operaciones-mineras-y-el-incumplimiento-de-acuerdos-de-la-mesa-de-dialogo\/","title":{"rendered":"Espinar acata paro de 24 horas para exigir el cese de la contaminaci\u00f3n por las operaciones mineras y el incumplimiento de acuerdos de la mesa de dialogo"},"content":{"rendered":"<p>La poblaci\u00f3n de la provincia de Espinar, acata hoy un paro preventivo de 24 horas, ello debido al \u00a0incumplimiento de los compromisos asumidos por el Gobierno Central de los acuerdos de la mesa de dialogo instalado hace m\u00e1s de tres a\u00f1os. Adem\u00e1s exige el cese de la contaminaci\u00f3n ambiental en el entorno de las operaciones mineras de Glencore Antapaccay en Espinar.<\/p>\n<p>El paro se inici\u00f3 con la participaci\u00f3n de las diferentes organizaciones sociales como: el Frente \u00danico de Defensa por los Inter\u00e9s de Espinar \u2013 FUDIE, la Asociaci\u00f3n para la Defensa de Pacpacco Afectada por la Miner\u00eda \u2013 ADEPAMI, El Frente \u00fanico de defensa del ca\u00f1\u00f3n de Apur\u00edmac, la\u00a0 Asociaci\u00f3n de Mujeres Defensoras del Territorio, El Frente \u00danico Juventud Kana \u2013 FUJEK y representantes de comunidades afectadas por la miner\u00eda.<\/p>\n<p><a href=\"http:\/\/derechosinfronteras.pe\/wp-content\/uploads\/2016\/05\/PRONUNCIAMIENTO-FUDIE.jpg\" rel=\"attachment wp-att-1404\"><img fetchpriority=\"high\" decoding=\"async\" class=\"aligncenter  wp-image-1404\" src=\"http:\/\/derechosinfronteras.pe\/wp-content\/uploads\/2016\/05\/PRONUNCIAMIENTO-FUDIE.jpg\" alt=\"PRONUNCIAMIENTO FUDIE\" width=\"1088\" height=\"1496\" \/><\/a><\/p>\n<p>Aunque al inicio se mencion\u00f3 el bloqueo de v\u00edas, \u00a0hasta el momento solo se confirm\u00f3 el bloqueo del km 14 de la v\u00eda Espinar \u2013 Arequipa que comprende los centros poblados de Alto Huancane, Tintaya Marquiri, Huisa, Hancollahua, Condoroma, Imata, siendo este tramo la v\u00eda por donde pasan las unidades vehiculares de las empresas mineras HudBay, Las Bambas y Antapaccay.<\/p>\n<p>En comunicaci\u00f3n con Elsa Merma integrante del FUDIE, que viene participando en el paro, nos se\u00f1al\u00f3 que: \u201cHasta el momento el paro se desarrolla de manera pac\u00edfica y ordenada, hemos conversado con los trabajadores de la UGEL, que han dispuesto apoyarnos y nos acompa\u00f1an en esta marcha\u201d. Asimismo, Merma indica que en horas de la tarde se estar\u00e1 realizando un mitin en la plaza central de Espinar donde se contar\u00e1 con la presencia del Alcalde provincial de Espinar Manuel Salinas.<\/p>\n<p><a href=\"http:\/\/derechosinfronteras.pe\/wp-content\/uploads\/2016\/05\/6.jpg\" rel=\"attachment wp-att-1400\"><img decoding=\"async\" class=\"aligncenter wp-image-1400\" src=\"http:\/\/derechosinfronteras.pe\/wp-content\/uploads\/2016\/05\/6.jpg\" alt=\"6\" width=\"645\" height=\"363\" \/><\/a><\/p>\n<p><a href=\"http:\/\/derechosinfronteras.pe\/wp-content\/uploads\/2016\/05\/3-1.jpg\" rel=\"attachment wp-att-1397\"><img decoding=\"async\" class=\"aligncenter wp-image-1397\" src=\"http:\/\/derechosinfronteras.pe\/wp-content\/uploads\/2016\/05\/3-1.jpg\" alt=\"3\" width=\"644\" height=\"362\" \/><\/a><\/p>\n<p><a href=\"http:\/\/derechosinfronteras.pe\/wp-content\/uploads\/2016\/05\/2-1.jpg\" rel=\"attachment wp-att-1396\"><img loading=\"lazy\" decoding=\"async\" class=\"aligncenter wp-image-1396\" src=\"http:\/\/derechosinfronteras.pe\/wp-content\/uploads\/2016\/05\/2-1.jpg\" alt=\"2\" width=\"645\" height=\"363\" \/><\/a><\/p>\n<p><a href=\"http:\/\/derechosinfronteras.pe\/wp-content\/uploads\/2016\/05\/4-1.jpg\" rel=\"attachment wp-att-1398\"><img loading=\"lazy\" decoding=\"async\" class=\"aligncenter wp-image-1398\" src=\"http:\/\/derechosinfronteras.pe\/wp-content\/uploads\/2016\/05\/4-1.jpg\" alt=\"4\" width=\"650\" height=\"366\" \/><\/a><\/p>\n<p>Esta medida, sirve adem\u00e1s como lo han se\u00f1alado, para recordar el cuarto a\u00f1o de lucha del 21 de mayo del 2012, cuando el pueblo de Espinar realiz\u00f3 una protesta contra la contaminaci\u00f3n ambiental que afectaba a la poblaci\u00f3n aleda\u00f1a a la mina y al incumplimiento de los compromisos del gobierno central en torno al\u00a0 proyecto Majes Siguas II y de la empresa minera Xstrata Tintaya (hoy Glencore). Los dirigentes mencionaron adem\u00e1s que se rendir\u00e1 homenaje a las tres v\u00edctimas que fallecieron por impactos de bala durante los enfrentamientos con la Polic\u00eda en mayo del 2012.<\/p>\n<p><a href=\"http:\/\/derechosinfronteras.pe\/wp-content\/uploads\/2016\/05\/5.jpg\" rel=\"attachment wp-att-1399\"><img loading=\"lazy\" decoding=\"async\" class=\"aligncenter wp-image-1399\" src=\"http:\/\/derechosinfronteras.pe\/wp-content\/uploads\/2016\/05\/5.jpg\" alt=\"5\" width=\"656\" height=\"369\" \/><\/a><\/p>\n<p><em><strong>Cusco, 20 de mayo 2016<\/strong><\/em><\/p>\n<p><em><strong>Derechos Humanos sin Fronteras.<\/strong><\/em><\/p>","protected":false},"excerpt":{"rendered":"<p>La poblaci\u00f3n de la provincia de Espinar, acata hoy un paro preventivo de 24 horas, ello debido al \u00a0incumplimiento de los compromisos asumidos por el Gobierno Central de los acuerdos de la mesa de dialogo instalado hace m\u00e1s de tres a\u00f1os. Adem\u00e1s exige el cese de la contaminaci\u00f3n ambiental en el entorno de las operaciones [&hellip;]<\/p>\n","protected":false},"author":1,"featured_media":5376,"comment_status":"closed","ping_status":"open","sticky":false,"template":"","format":"standard","meta":{"_monsterinsights_skip_tracking":false,"_monsterinsights_sitenote_active":false,"_monsterinsights_sitenote_note":"","_monsterinsights_sitenote_category":0,"_jetpack_memberships_contains_paid_content":false,"footnotes":"","jetpack_publicize_message":"","jetpack_publicize_feature_enabled":true,"jetpack_social_post_already_shared":false,"jetpack_social_options":{"image_generator_settings":{"template":"highway","default_image_id":0,"font":"","enabled":false},"version":2}},"categories":[1],"tags":[],"class_list":["post-5375","post","type-post","status-publish","format-standard","has-post-thumbnail","hentry","category-sin-categoria"],"blocksy_meta":[],"jetpack_publicize_connections":[],"jetpack_featured_media_url":"https:\/\/derechosinfronteras.pe\/wp-content\/uploads\/2016\/05\/1-1.jpg","jetpack_sharing_enabled":true,"jetpack_likes_enabled":true,"_links":{"self":[{"href":"https:\/\/derechosinfronteras.pe\/ingles\/wp-json\/wp\/v2\/posts\/5375","targetHints":{"allow":["GET"]}}],"collection":[{"href":"https:\/\/derechosinfronteras.pe\/ingles\/wp-json\/wp\/v2\/posts"}],"about":[{"href":"https:\/\/derechosinfronteras.pe\/ingles\/wp-json\/wp\/v2\/types\/post"}],"author":[{"embeddable":true,"href":"https:\/\/derechosinfronteras.pe\/ingles\/wp-json\/wp\/v2\/users\/1"}],"replies":[{"embeddable":true,"href":"https:\/\/derechosinfronteras.pe\/ingles\/wp-json\/wp\/v2\/comments?post=5375"}],"version-history":[{"count":0,"href":"https:\/\/derechosinfronteras.pe\/ingles\/wp-json\/wp\/v2\/posts\/5375\/revisions"}],"wp:featuredmedia":[{"embeddable":true,"href":"https:\/\/derechosinfronteras.pe\/ingles\/wp-json\/wp\/v2\/media\/5376"}],"wp:attachment":[{"href":"https:\/\/derechosinfronteras.pe\/ingles\/wp-json\/wp\/v2\/media?parent=5375"}],"wp:term":[{"taxonomy":"category","embeddable":true,"href":"https:\/\/derechosinfronteras.pe\/ingles\/wp-json\/wp\/v2\/categories?post=5375"},{"taxonomy":"post_tag","embeddable":true,"href":"https:\/\/derechosinfronteras.pe\/ingles\/wp-json\/wp\/v2\/tags?post=5375"}],"curies":[{"name":"wp","href":"https:\/\/api.w.org\/{rel}","templated":true}]}}