{"id":5385,"date":"2016-05-19T12:03:06","date_gmt":"2016-05-19T17:03:06","guid":{"rendered":"http:\/\/derechosinfronteras.pe\/?p=1383"},"modified":"2016-05-19T12:03:06","modified_gmt":"2016-05-19T17:03:06","slug":"la-eleccion-del-defensor-del-pueblo-se-frustra-debido-a-las-abstenciones-del-pleno","status":"publish","type":"post","link":"https:\/\/derechosinfronteras.pe\/ingles\/la-eleccion-del-defensor-del-pueblo-se-frustra-debido-a-las-abstenciones-del-pleno\/","title":{"rendered":"Elecci\u00f3n del defensor del Pueblo se frustra debido a las abstenciones del pleno"},"content":{"rendered":"<ul>\n<li><strong><em>Comisi\u00f3n especial dispone de diez d\u00edas naturales para formular nuevas propuestas.<\/em><\/strong><\/li>\n<\/ul>\n<p>Como se tem\u00eda, la elecci\u00f3n del pr\u00f3ximo Defensor del Pueblo realizado el d\u00eda de ayer mi\u00e9rcoles \u00a018 en el Congreso de la Rep\u00fablica, fue\u00a0 frustrado, pues los \u00a0candidatos a defensor del Pueblo, Eduardo Vega Luna y Gast\u00f3n Soto Vallenas, no alcanzaron la mayor\u00eda calificada (87 votos) para ser designados al cargo.<\/p>\n<p><strong>La elecci\u00f3n<br \/>\n<\/strong><\/p>\n<p>Soto Vallenas obtuvo 62 votos a favor, 6 en contra y 47 abstenciones. Mientras que Vega Luna, quien ejerce el cargo por encargatura, alcanz\u00f3 59 votos a favor, 6 votos en contra y 45 abstenciones.<\/p>\n<p>Esta postulaci\u00f3n obtuvo 56 votos a favor, 6 en contra y 46 abstenciones. De estas \u00faltimas, 23 fueron del Partido Nacionalista.<\/p>\n<p>Ante el resultado, el presidente del Parlamento Nacional, Luis Iberico N\u00fa\u00f1ez, anunci\u00f3 que la comisi\u00f3n especial sobre la materia dispondr\u00e1 de un plazo de diez d\u00edas naturales para formular nuevas propuestas, a fin de que el pa\u00eds cuente a la brevedad con nuevo titular de la Defensor\u00eda del Pueblo, asimismo \u00a0lament\u00f3 la no elecci\u00f3n del defensor del Pueblo y ofreci\u00f3 sus disculpas p\u00fablicas a la ciudadan\u00eda se\u00f1alando que lo ocurrido en el pleno hac\u00eda ver que resulta dif\u00edcil avanzar en otros temas, como el de la elecci\u00f3n del nuevo magistrado del Tribunal Constitucional.<\/p>\n<p>Iberico formul\u00f3 un llamado a sus colegas para designar al nuevo defensor, tras recordar que ese tema es una deuda que el Parlamento tiene con el pa\u00eds.<\/p>\n<p>No obstante, el titular del Legislativo dijo que ve muy dif\u00edcil que el actual Parlamento pueda elegir a esa autoridad. \u201cLamento que en cinco a\u00f1os no hayamos podido cumplir con esta demanda de la ciudadan\u00eda y expreso mis disculpas como presidente del Congreso\u201d, dijo.<\/p>\n<p>El nacionalista Josu\u00e9 Guti\u00e9rrez manifest\u00f3 que era \u201cun d\u00eda triste y nefasto para la democracia\u201d por no haberse designado al defensor del Pueblo. Dijo que la responsabilidad era de \u201ceste Parlamento\u201d.<\/p>\n<p><strong>Recuento<\/strong><\/p>\n<p>Recordemos \u00a0que despu\u00e9s de varios intentos fallidos, el 17 de julio del 2013 el Congreso eligi\u00f3 como <strong>defensora del Pueblo<\/strong>\u00a0 Pilar Freitas del partido Per\u00fa Posible, en un proceso que fue denominado la repartija. Esa elecci\u00f3n fue anulada una semana despu\u00e9s debido a los cuestionamientos que tuvo.<\/p>\n<p>Fuente: El Peruano \/ El Comercio.<\/p>\n<p>Foto: El Comercio.<\/p>","protected":false},"excerpt":{"rendered":"<p>Comisi\u00f3n especial dispone de diez d\u00edas naturales para formular nuevas propuestas. Como se tem\u00eda, la elecci\u00f3n del pr\u00f3ximo Defensor del Pueblo realizado el d\u00eda de ayer mi\u00e9rcoles \u00a018 en el Congreso de la Rep\u00fablica, fue\u00a0 frustrado, pues los \u00a0candidatos a defensor del Pueblo, Eduardo Vega Luna y Gast\u00f3n Soto Vallenas, no alcanzaron la mayor\u00eda calificada [&hellip;]<\/p>\n","protected":false},"author":1,"featured_media":5386,"comment_status":"closed","ping_status":"open","sticky":false,"template":"","format":"standard","meta":{"_monsterinsights_skip_tracking":false,"_monsterinsights_sitenote_active":false,"_monsterinsights_sitenote_note":"","_monsterinsights_sitenote_category":0,"_jetpack_memberships_contains_paid_content":false,"footnotes":"","jetpack_publicize_message":"","jetpack_publicize_feature_enabled":true,"jetpack_social_post_already_shared":false,"jetpack_social_options":{"image_generator_settings":{"template":"highway","default_image_id":0,"font":"","enabled":false},"version":2}},"categories":[1],"tags":[],"class_list":["post-5385","post","type-post","status-publish","format-standard","has-post-thumbnail","hentry","category-sin-categoria"],"blocksy_meta":[],"jetpack_publicize_connections":[],"jetpack_featured_media_url":"https:\/\/derechosinfronteras.pe\/wp-content\/uploads\/2016\/05\/defensor.jpg","jetpack_sharing_enabled":true,"jetpack_likes_enabled":true,"_links":{"self":[{"href":"https:\/\/derechosinfronteras.pe\/ingles\/wp-json\/wp\/v2\/posts\/5385","targetHints":{"allow":["GET"]}}],"collection":[{"href":"https:\/\/derechosinfronteras.pe\/ingles\/wp-json\/wp\/v2\/posts"}],"about":[{"href":"https:\/\/derechosinfronteras.pe\/ingles\/wp-json\/wp\/v2\/types\/post"}],"author":[{"embeddable":true,"href":"https:\/\/derechosinfronteras.pe\/ingles\/wp-json\/wp\/v2\/users\/1"}],"replies":[{"embeddable":true,"href":"https:\/\/derechosinfronteras.pe\/ingles\/wp-json\/wp\/v2\/comments?post=5385"}],"version-history":[{"count":0,"href":"https:\/\/derechosinfronteras.pe\/ingles\/wp-json\/wp\/v2\/posts\/5385\/revisions"}],"wp:featuredmedia":[{"embeddable":true,"href":"https:\/\/derechosinfronteras.pe\/ingles\/wp-json\/wp\/v2\/media\/5386"}],"wp:attachment":[{"href":"https:\/\/derechosinfronteras.pe\/ingles\/wp-json\/wp\/v2\/media?parent=5385"}],"wp:term":[{"taxonomy":"category","embeddable":true,"href":"https:\/\/derechosinfronteras.pe\/ingles\/wp-json\/wp\/v2\/categories?post=5385"},{"taxonomy":"post_tag","embeddable":true,"href":"https:\/\/derechosinfronteras.pe\/ingles\/wp-json\/wp\/v2\/tags?post=5385"}],"curies":[{"name":"wp","href":"https:\/\/api.w.org\/{rel}","templated":true}]}}