{"id":5387,"date":"2016-05-18T17:41:30","date_gmt":"2016-05-18T22:41:30","guid":{"rendered":"http:\/\/derechosinfronteras.pe\/?p=1374"},"modified":"2016-05-18T17:41:30","modified_gmt":"2016-05-18T22:41:30","slug":"espinar-organizaciones-sociales-convocan-a-paro-de-24-horas-frente-a-incumplimiento-de-compromisos-y-contaminacion-ambiental-en-la-provincia","status":"publish","type":"post","link":"https:\/\/derechosinfronteras.pe\/ingles\/espinar-organizaciones-sociales-convocan-a-paro-de-24-horas-frente-a-incumplimiento-de-compromisos-y-contaminacion-ambiental-en-la-provincia\/","title":{"rendered":"Espinar: Organizaciones Sociales convocan a paro de 24 horas frente a incumplimiento de compromisos y contaminaci\u00f3n ambiental en la Provincia"},"content":{"rendered":"<p>Para el 20 de mayo del presente a\u00f1o desde las 00 horas, las organizaciones sociales representativas de la provincia de Espinar, el Frente \u00danico de Defensa de los Intereses de Espinar ( FUDIE), vienen convocando\u00a0 a un paro preventivo de 24 horas. Este paro es en respuesta a los incumplimientos por parte de los diferentes organismos p\u00fablicos que trabajan en la provincia.<\/p>\n<p>Asimismo los pobladores se\u00f1alan que desde que se instal\u00f3 la Mesa de Dialogo en la provincia, no se dieron los resultados esperados por la poblaci\u00f3n, mas al contrario, se evidencio la desidia de los organismos p\u00fablicos por apoyar a la empresa minera, esto debido a que los funcionarios representantes incumplieron con plazos y dem\u00e1s promesas hechas en esta Mesa de Dialogo.<\/p>\n<p>Para obtener mejor informaci\u00f3n Derechos humanos sin Fronteras \u00a0entrevist\u00f3 al Presidente del Frente \u00danico de Defensa de los intereses de Espinar Edgar Huaranca.<\/p>\n<p><strong><em>\u00bfCu\u00e1l es la plataforma, los reclamos por el que van a realizar el paro este 20 de mayo?<\/em><\/strong><\/p>\n<p>Nuestra plataforma de lucha es por el incumplimiento de las promesas hechas hacia \u00a0las personas con metales pesados por parte de la minera Tintaya Anyapacay, ese ha sido un compromiso que se tuvo desde el a\u00f1o 2013 y se ha incumplido hasta el momento, ni la mina ni el Ministerio de Salud han implementado la promesa. Segundo, que las evaluaciones de OEFA, ANA, SENASA, SENSOPAS, DIGESA Y DIRESA todos est\u00e1n concluyendo en sus informes que, en el caso de agua aire y suelo y en\u00a0 relaci\u00f3n a la minera no han encontrado metales pesados; lo que ha motivado a que las organizaciones sociales vean y rechacen esas evaluaciones .<\/p>\n<p>En el caso del SENASA, est\u00e1 haciendo sus evaluaciones con un laboratorio extranjero y se\u00f1ala que no hay metales pesados.<\/p>\n<p><strong><em>Sobre este tema, los afectados y afectadas en Espinar han denunciado legalmente, p\u00fablicamente sobre\u00a0 la no atenci\u00f3n a las personas\u2026 lo que se ha dicho es que hay un plan de salud que se est\u00e1 implementando y ejecutando\u2026 \u00bfQu\u00e9 es lo que hay en realidad? \u00bf por qu\u00e9 el Estado afirma que si se est\u00e1 avanzando en ese tema de salud?<\/em><\/strong><\/p>\n<p>Inicialmente ese era un plan espec\u00edfico para personas con metales pesados, lo que el Ministerio de Salud est\u00e1 implementando es un programa nacional denominado \u201cMas Salud\u201d y ese es un tema muy diferente, en esa campa\u00f1a no hay especialistas que la provincia de Espinar inicialmente ha solicitado; por tanto esta campa\u00f1a no tiene validez para la provincia dado que la demanda inicial era una atenci\u00f3n inmediata a las personas con metales pesados que es lo que se hab\u00eda pedido, pero no se ha cumplido; por eso las personas que tienen en este momento intoxicaci\u00f3n por metales pesados no han sido atendidos, han sido abandonados a su suerte y esta promesa tampoco se ha cumplido.<\/p>\n<p><strong><em>En relaci\u00f3n a la empresa\u2026 \u00a0\u00bfSe ha pronunciado? \u00bfHa tomado alguna acci\u00f3n p\u00fablicamente? <\/em><\/strong><\/p>\n<p>Ninguna respuesta en absoluto, lo que han querido mostrar, es que el gobierno a trav\u00e9s del Ministerio de Salud ha implementado \u00a0ese programa nacional de \u201cMas salud\u201d , pero que da una atenci\u00f3n diferente de la que hasta ahora se ha pedido.<\/p>\n<p><strong><em>En la plataforma de lucha que muestra el FUDIE, se mencionan a las mineras HudBay y Las Bambas\u2026\u00a0 \u00bfCu\u00e1l es la exigencia con ellos?<\/em><\/strong><\/p>\n<p>Con la minera Hudbay y las Bambas tenemos el problema de contaminaci\u00f3n y deterioro de las v\u00edas \u00a0, considerando que de la mina vienen circulando convoys aproximadamente 160 de ida y otros 160 de retorno y eso ha deteriorado las v\u00edas, levanta una polvareda y eso afecta a los animales y personas y lo mismo ocurre con la minera Las Bambas que tampoco ha querido tomar las previsiones del caso; ya que en esta primera etapa de su producci\u00f3n son m\u00e1s de 200 unidades vehiculares que circulan de ida y 200 de retorno con una frecuencia de 30 x 30 en esta v\u00eda.<\/p>\n<p>Por ello se ha puesto esta situaci\u00f3n en la plataforma de lucha, incluso hay un compromiso por parte del Ministerio de Transportes y Comunicaciones de asfaltar esta v\u00eda de prioridad porque consideran que es de alto riesgo para la salud humana y de los animales. Hasta la fecha se ha cumplido en algo el porcentaje de avance pero no se cuenta con el presupuesto para su ejecuci\u00f3n.<\/p>\n<p>Consideramos que es de suma importancia que esta v\u00eda sea declarada en emergencia a fin de que no haya m\u00e1s contaminaci\u00f3n.<\/p>\n<p><strong><em>Para el d\u00eda del paro \u00bfc\u00f3mo se est\u00e1n organizando? \u00bfHabr\u00e1 bloqueos de v\u00edas?<\/em><\/strong><\/p>\n<p>A trav\u00e9s de una reuni\u00f3n multi organizacional se ha determinado realizar como medida de fuerza un paro de 24 horas, por ello consideramos que las v\u00edas van a estar cerradas, no habr\u00e1 paso para ninguna de las provincias como Chumbivilcas, sicuani y se\u00a0 ha coordinado con las diferentes organizaciones para que desde tempranas horas se realicen los piquetes cerrando el acceso a la provincia de Espinar.<\/p>\n<p><strong><em>El 21 de mayo es un d\u00eda simb\u00f3lico porque se recuerda la dignidad Epinarence \u00a0\u00bf van a realizar alguna actividad \u00a0ese d\u00eda?<\/em><\/strong><\/p>\n<p>Exactamente el d\u00eda 21 es una fecha hist\u00f3rica de unidad del pueblo de Espinar, por ello se est\u00e1 coordinando un programa especial que tendr\u00e1 el izamiento del Pabell\u00f3n Nacional y la bandera de la Provincia de Espinar, asimismo se ha invitado a los familiares de los compa\u00f1eros ca\u00eddos en nuestras luchas, seguramente tambi\u00e9n \u00a0se va a contar con la presencia de autoridades a nivel de la provincia para conmemorar esta fecha importante.<\/p>\n<p>Acompa\u00f1ando esta fecha se conmemorar\u00e1 la creaci\u00f3n de una organizaci\u00f3n importante como es el Frente \u00danico de la Juventud Espinarense que est\u00e1 celebrando un aniversario m\u00e1s, tambi\u00e9n el d\u00eda 20 por la noche, se llevar\u00e1 a cabo una audici\u00f3n radial que se viene organizando con las comisiones; estas actividades se desarrollar\u00e1n para dar muestra de la contaminaci\u00f3n ambiental que sufre la provincia y el incumplimiento de compromisos asumidos por las autoridades en el a\u00f1o 2012.<\/p>\n<p>Im\u00e1gen referencial.<\/p>\n<p><strong><em>Cusco, 18 de mayo\u00a0 2016<\/em><\/strong><\/p>\n<p><strong><em>Derechos Humanos Sin Fronteras.<\/em><\/strong><\/p>","protected":false},"excerpt":{"rendered":"<p>Para el 20 de mayo del presente a\u00f1o desde las 00 horas, las organizaciones sociales representativas de la provincia de Espinar, el Frente \u00danico de Defensa de los Intereses de Espinar ( FUDIE), vienen convocando\u00a0 a un paro preventivo de 24 horas. Este paro es en respuesta a los incumplimientos por parte de los diferentes [&hellip;]<\/p>\n","protected":false},"author":1,"featured_media":5388,"comment_status":"closed","ping_status":"open","sticky":false,"template":"","format":"standard","meta":{"_monsterinsights_skip_tracking":false,"_monsterinsights_sitenote_active":false,"_monsterinsights_sitenote_note":"","_monsterinsights_sitenote_category":0,"_jetpack_memberships_contains_paid_content":false,"footnotes":"","jetpack_publicize_message":"","jetpack_publicize_feature_enabled":true,"jetpack_social_post_already_shared":false,"jetpack_social_options":{"image_generator_settings":{"template":"highway","default_image_id":0,"font":"","enabled":false},"version":2}},"categories":[1],"tags":[],"class_list":["post-5387","post","type-post","status-publish","format-standard","has-post-thumbnail","hentry","category-sin-categoria"],"blocksy_meta":[],"jetpack_publicize_connections":[],"jetpack_featured_media_url":"https:\/\/derechosinfronteras.pe\/wp-content\/uploads\/2016\/05\/marcha_espinar_21.jpg","jetpack_sharing_enabled":true,"jetpack_likes_enabled":true,"_links":{"self":[{"href":"https:\/\/derechosinfronteras.pe\/ingles\/wp-json\/wp\/v2\/posts\/5387","targetHints":{"allow":["GET"]}}],"collection":[{"href":"https:\/\/derechosinfronteras.pe\/ingles\/wp-json\/wp\/v2\/posts"}],"about":[{"href":"https:\/\/derechosinfronteras.pe\/ingles\/wp-json\/wp\/v2\/types\/post"}],"author":[{"embeddable":true,"href":"https:\/\/derechosinfronteras.pe\/ingles\/wp-json\/wp\/v2\/users\/1"}],"replies":[{"embeddable":true,"href":"https:\/\/derechosinfronteras.pe\/ingles\/wp-json\/wp\/v2\/comments?post=5387"}],"version-history":[{"count":0,"href":"https:\/\/derechosinfronteras.pe\/ingles\/wp-json\/wp\/v2\/posts\/5387\/revisions"}],"wp:featuredmedia":[{"embeddable":true,"href":"https:\/\/derechosinfronteras.pe\/ingles\/wp-json\/wp\/v2\/media\/5388"}],"wp:attachment":[{"href":"https:\/\/derechosinfronteras.pe\/ingles\/wp-json\/wp\/v2\/media?parent=5387"}],"wp:term":[{"taxonomy":"category","embeddable":true,"href":"https:\/\/derechosinfronteras.pe\/ingles\/wp-json\/wp\/v2\/categories?post=5387"},{"taxonomy":"post_tag","embeddable":true,"href":"https:\/\/derechosinfronteras.pe\/ingles\/wp-json\/wp\/v2\/tags?post=5387"}],"curies":[{"name":"wp","href":"https:\/\/api.w.org\/{rel}","templated":true}]}}