{"id":5389,"date":"2016-05-18T16:05:46","date_gmt":"2016-05-18T21:05:46","guid":{"rendered":"http:\/\/derechosinfronteras.pe\/?p=1370"},"modified":"2016-05-18T16:05:46","modified_gmt":"2016-05-18T21:05:46","slug":"un-dia-como-hoy-ejecutaron-a-procer-de-la-independencia-tupac-amaru-ii","status":"publish","type":"post","link":"https:\/\/derechosinfronteras.pe\/ingles\/un-dia-como-hoy-ejecutaron-a-procer-de-la-independencia-tupac-amaru-ii\/","title":{"rendered":"Un d\u00eda como hoy ejecutaron al pr\u00f3cer de la independencia  T\u00fapac Amaru II"},"content":{"rendered":"<p>En 1781, un 18 de mayo es ejecutado por las tropas espa\u00f1olas en la Plaza de Armas del Cusco Jos\u00e9 Gabriel Condorcanqui, conocido como T\u00fapac Amaru II, hecho que marcar\u00eda el reconocimiento mundial a los pr\u00f3ceres de la independencia en Hispanoam\u00e9rica.<\/p>\n<p>Nacido en la Provincia de Canas, fue un caudillo l\u00edder de la mayor rebeli\u00f3n anticolonial que se dio en Latinoam\u00e9rica durante el siglo XVIII. Ello dio inicio un 4 de noviembre de 1780 con la captura y posterior ejecuci\u00f3n del corregidor Antonio de Arriaga encabezando\u00a0el mayor movimiento de corte indigenista e independentista en el Virreinato del Per\u00fa.<\/p>\n<p>Fue el primer ind\u00edgena en exigir la libertar de Espa\u00f1a, no solo la separaci\u00f3n pol\u00edtica sino la eliminaci\u00f3n de diversas formas de explotaci\u00f3n ind\u00edgena que sufr\u00edan en ese entonces\u00a0 nuestros hermanos en las provincias.<\/p>\n<p>&nbsp;<\/p>\n<div style=\"text-align: center;\"><em><strong>Poes\u00eda\u00a0a Tupac Amaru &#8211; Tupac Amaru y Micaela Bastidas<\/strong><\/em><\/div>\n<div style=\"text-align: center;\"><\/div>\n<div style=\"text-align: center;\"><em><strong>Lo har\u00e1n volar con dinamita.\u00a0<\/strong><\/em><\/div>\n<div style=\"text-align: center;\"><em><strong>En masa, lo cargar\u00e1n, lo arrastrar\u00e1n.<\/strong><\/em><\/div>\n<div style=\"text-align: center;\"><em><strong>A golpes le llenar\u00e1n de p\u00f3lvora la boca,<\/strong><\/em><\/div>\n<div style=\"text-align: center;\"><em><strong>lo volar\u00e1n: \u00a1Y no podr\u00e1n matarlo!<\/strong><\/em><\/div>\n<div style=\"text-align: center;\"><em><strong>Le pondr\u00e1n de cabeza.<\/strong><\/em><\/div>\n<div style=\"text-align: center;\"><em><strong>Arrancar\u00e1n sus deseos, sus dientes y sus gritos.<\/strong><\/em><\/div>\n<div style=\"text-align: center;\"><em><strong>Lo patear\u00e1n a toda furia.<\/strong><\/em><\/div>\n<div style=\"text-align: center;\"><em><strong>Luego lo sangrar\u00e1n.\u00a1Y no podr\u00e1n matarlo!<\/strong><\/em><\/div>\n<div style=\"text-align: center;\"><\/div>\n<div style=\"text-align: center;\"><em><strong>Coronar\u00e1n con sangre su cabeza;<\/strong><\/em><\/div>\n<div style=\"text-align: center;\"><em><strong>sus p\u00f3mulos, con golpes.<\/strong><\/em><\/div>\n<div style=\"text-align: center;\"><em><strong>Y con clavos, sus costillas.<\/strong><\/em><\/div>\n<div style=\"text-align: center;\"><em><strong>Le har\u00e1n morder el polvo.<\/strong><\/em><\/div>\n<div style=\"text-align: center;\"><em><strong>Lo golpear\u00e1n: \u00a1Y no podr\u00e1n matarlo!<\/strong><\/em><\/div>\n<div style=\"text-align: center;\"><\/div>\n<div style=\"text-align: center;\"><em><strong>Le sacar\u00e1n los sue\u00f1os y los ojos.<\/strong><\/em><\/div>\n<div style=\"text-align: center;\"><em><strong>Querr\u00e1n descuartizarlo grito a grito.<\/strong><\/em><\/div>\n<div style=\"text-align: center;\"><em><strong>Lo escupir\u00e1n.<\/strong><\/em><\/div>\n<div style=\"text-align: center;\"><em><strong>Y a golpe de matanza lo clavar\u00e1n:<\/strong><\/em><\/div>\n<div style=\"text-align: center;\"><em><strong>\u00a1y no podr\u00e1n matarlo!<\/strong><\/em><\/div>\n<div style=\"text-align: center;\"><\/div>\n<div style=\"text-align: center;\"><em><strong>Lo pondr\u00e1n en el centro de la plaza,<\/strong><\/em><\/div>\n<div style=\"text-align: center;\"><em><strong>boca arriba, mirando al infinito.<\/strong><\/em><\/div>\n<div style=\"text-align: center;\"><em><strong>Le amarrar\u00e1n los miembros.<\/strong><\/em><\/div>\n<div style=\"text-align: center;\"><em><strong>A la mala tirar\u00e1n:\u00a1Y no podr\u00e1n matarlo!<\/strong><\/em><\/div>\n<div style=\"text-align: center;\"><\/div>\n<div style=\"text-align: center;\"><em><strong>Querr\u00e1n volarlo y no podr\u00e1n volarlo.<\/strong><\/em><\/div>\n<div style=\"text-align: center;\"><em><strong>Querr\u00e1n romperlo y no podr\u00e1n romperlo.<\/strong><\/em><\/div>\n<div style=\"text-align: center;\"><em><strong>Querr\u00e1n matarlo y no podr\u00e1n matarlo.<\/strong><\/em><\/div>\n<div style=\"text-align: center;\"><\/div>\n<div style=\"text-align: center;\"><em><strong>Querr\u00e1n descuartizarlo, triturarlo,<\/strong><\/em><\/div>\n<div style=\"text-align: center;\"><em><strong>mancharlo, pisotearlo, desalmarlo.<\/strong><\/em><\/div>\n<div style=\"text-align: center;\"><em><strong>Querr\u00e1n volarlo y no podr\u00e1n volarlo.<\/strong><\/em><\/div>\n<div style=\"text-align: center;\"><\/div>\n<div style=\"text-align: center;\"><em><strong>Querr\u00e1n romperlo y no podr\u00e1n romperlo.<\/strong><\/em><\/div>\n<div style=\"text-align: center;\"><em><strong>Querr\u00e1n matarlo y no podr\u00e1n matarlo.<\/strong><\/em><\/div>\n<div style=\"text-align: center;\"><\/div>\n<div style=\"text-align: center;\"><em><strong>Al tercer d\u00eda de los sufrimientos<\/strong><\/em><\/div>\n<div style=\"text-align: center;\"><em><strong>cuando se crea todo consumado,<\/strong><\/em><\/div>\n<div style=\"text-align: center;\"><em><strong>gritando \u00a1LIBERTAD! sobre la tierra,<\/strong><\/em><\/div>\n<div style=\"text-align: center;\"><em><strong>ha de volver.\u00a1Y no podr\u00e1n matarlo!<\/strong><\/em><\/div>\n<div style=\"text-align: center;\"><\/div>\n<div style=\"text-align: center;\"><strong>Alejandro Romualdo.<\/strong><\/div>\n<div style=\"text-align: left;\"><em><strong>Derechos Humanos sin Fronteras.<\/strong><\/em><\/div>","protected":false},"excerpt":{"rendered":"<p>En 1781, un 18 de mayo es ejecutado por las tropas espa\u00f1olas en la Plaza de Armas del Cusco Jos\u00e9 Gabriel Condorcanqui, conocido como T\u00fapac Amaru II, hecho que marcar\u00eda el reconocimiento mundial a los pr\u00f3ceres de la independencia en Hispanoam\u00e9rica. Nacido en la Provincia de Canas, fue un caudillo l\u00edder de la mayor rebeli\u00f3n [&hellip;]<\/p>\n","protected":false},"author":1,"featured_media":5390,"comment_status":"closed","ping_status":"open","sticky":false,"template":"","format":"standard","meta":{"_monsterinsights_skip_tracking":false,"_monsterinsights_sitenote_active":false,"_monsterinsights_sitenote_note":"","_monsterinsights_sitenote_category":0,"_jetpack_memberships_contains_paid_content":false,"footnotes":"","jetpack_publicize_message":"","jetpack_publicize_feature_enabled":true,"jetpack_social_post_already_shared":false,"jetpack_social_options":{"image_generator_settings":{"template":"highway","default_image_id":0,"font":"","enabled":false},"version":2}},"categories":[1],"tags":[],"class_list":["post-5389","post","type-post","status-publish","format-standard","has-post-thumbnail","hentry","category-sin-categoria"],"blocksy_meta":[],"jetpack_publicize_connections":[],"jetpack_featured_media_url":"https:\/\/derechosinfronteras.pe\/wp-content\/uploads\/2016\/05\/TAII.jpg","jetpack_sharing_enabled":true,"jetpack_likes_enabled":true,"_links":{"self":[{"href":"https:\/\/derechosinfronteras.pe\/ingles\/wp-json\/wp\/v2\/posts\/5389","targetHints":{"allow":["GET"]}}],"collection":[{"href":"https:\/\/derechosinfronteras.pe\/ingles\/wp-json\/wp\/v2\/posts"}],"about":[{"href":"https:\/\/derechosinfronteras.pe\/ingles\/wp-json\/wp\/v2\/types\/post"}],"author":[{"embeddable":true,"href":"https:\/\/derechosinfronteras.pe\/ingles\/wp-json\/wp\/v2\/users\/1"}],"replies":[{"embeddable":true,"href":"https:\/\/derechosinfronteras.pe\/ingles\/wp-json\/wp\/v2\/comments?post=5389"}],"version-history":[{"count":0,"href":"https:\/\/derechosinfronteras.pe\/ingles\/wp-json\/wp\/v2\/posts\/5389\/revisions"}],"wp:featuredmedia":[{"embeddable":true,"href":"https:\/\/derechosinfronteras.pe\/ingles\/wp-json\/wp\/v2\/media\/5390"}],"wp:attachment":[{"href":"https:\/\/derechosinfronteras.pe\/ingles\/wp-json\/wp\/v2\/media?parent=5389"}],"wp:term":[{"taxonomy":"category","embeddable":true,"href":"https:\/\/derechosinfronteras.pe\/ingles\/wp-json\/wp\/v2\/categories?post=5389"},{"taxonomy":"post_tag","embeddable":true,"href":"https:\/\/derechosinfronteras.pe\/ingles\/wp-json\/wp\/v2\/tags?post=5389"}],"curies":[{"name":"wp","href":"https:\/\/api.w.org\/{rel}","templated":true}]}}