{"id":5398,"date":"2016-05-16T11:27:32","date_gmt":"2016-05-16T16:27:32","guid":{"rendered":"http:\/\/derechosinfronteras.pe\/?p=1353"},"modified":"2016-05-16T11:27:32","modified_gmt":"2016-05-16T16:27:32","slug":"exigiendo-transparencia-igualdad-y-democracia","status":"publish","type":"post","link":"https:\/\/derechosinfronteras.pe\/ingles\/exigiendo-transparencia-igualdad-y-democracia\/","title":{"rendered":"Exigiendo transparencia, igualdad y democracia"},"content":{"rendered":"<p>Ante el debate programado para el domingo 15 de mayo en la ciudad del Cusco, diferentes organizaciones y colectivos, entre ellos \u00a0#\u200e28J Cusco, salieron a las calles previo al debate de los\u00a0 \u201cequipos t\u00e9cnicos\u201d de los dos grupos pol\u00edticos que participaran en la segunda vuelta de este 5 de Junio. Fuerza Popular (FP) y Peruanos Por el Kambio (PPK).<\/p>\n<p>Debate que fue realizado a pocos metros de la Plaza de Armas bajo un extremo despliegue policial que impidi\u00f3 a los manifestantes acercarse a las instalaciones.<\/p>\n<p>Seg\u00fan palabras de los manifestantes, \u201cellos protestaron ante El Jurado Nacional de Elecciones, qui\u00e9n ha demostrado estar parcializado desde la primera vuelta en este proceso electoral, con el cual no se \u00a0sienten identificados y para construir un pa\u00eds con justicia, democracia e igualdad y por eso hoy Cusco deja huella\u201d.<\/p>\n<p><a href=\"http:\/\/derechosinfronteras.pe\/wp-content\/uploads\/2016\/05\/28J1.jpg\" rel=\"attachment wp-att-1354\"><img fetchpriority=\"high\" decoding=\"async\" class=\"aligncenter size-full wp-image-1354\" src=\"http:\/\/derechosinfronteras.pe\/wp-content\/uploads\/2016\/05\/28J1.jpg\" alt=\"28J1\" width=\"500\" height=\"625\" \/><\/a><\/p>\n<p>28J es un espacio esencialmente de gente joven que lleva meses cuestionando la democracia, saliendo a las calles e interviniendo con arte y cultura el sistema pol\u00edtico de hoy y su funci\u00f3n de velar por los derechos humanos y la dignidad de los ciudadanos y ciudadanas; pues como vemos son los ciudadanos y la poblaci\u00f3n la que debe empezar a manifestarse frente a los hechos que vienen ocurriendo con total impunidad.<\/p>\n<p>La intervenci\u00f3n art\u00edstica-pol\u00edtica \u00a0se desarroll\u00f3 de manera pac\u00edfica, ya que \u00a0cada uno llevaba una tina que ten\u00eda escrita la palabra \u201cDEMOCRACIA\u201d\u00a0 y dentro de ella llevaba tiza diluida, con el que se dej\u00f3 huella por cada calle recorrida; cabe se\u00f1alar\u00a0 que esta tiza diluida no afecta en nada al patrimonio del centro hist\u00f3rico.<\/p>\n<p><a href=\"http:\/\/derechosinfronteras.pe\/wp-content\/uploads\/2016\/05\/28J2.jpg\" rel=\"attachment wp-att-1355\"><img decoding=\"async\" class=\"aligncenter size-full wp-image-1355\" src=\"http:\/\/derechosinfronteras.pe\/wp-content\/uploads\/2016\/05\/28J2.jpg\" alt=\"28J2\" width=\"450\" height=\"675\" \/><\/a><\/p>\n<p>\u201cCusco deja huella por una sociedad que se construya con memoria, con igualdad y justicia, luchamos y seguiremos luchando por estos 5 a\u00f1os que se avecinan\u201d mencionan.<\/p>\n<p>Vea como fue la marcha de #28J <a href=\"https:\/\/www.facebook.com\/28jperu\/videos\/239329349768605\/\" target=\"_blank\" rel=\"noopener\">Cusco deja huella <\/a><\/p>\n<p><em><strong>Fuente, Fotos y Video: Facebook \u00a0#28J<\/strong><\/em><\/p>","protected":false},"excerpt":{"rendered":"<p>Ante el debate programado para el domingo 15 de mayo en la ciudad del Cusco, diferentes organizaciones y colectivos, entre ellos \u00a0#\u200e28J Cusco, salieron a las calles previo al debate de los\u00a0 \u201cequipos t\u00e9cnicos\u201d de los dos grupos pol\u00edticos que participaran en la segunda vuelta de este 5 de Junio. Fuerza Popular (FP) y Peruanos [&hellip;]<\/p>\n","protected":false},"author":1,"featured_media":5399,"comment_status":"closed","ping_status":"open","sticky":false,"template":"","format":"standard","meta":{"_monsterinsights_skip_tracking":false,"_monsterinsights_sitenote_active":false,"_monsterinsights_sitenote_note":"","_monsterinsights_sitenote_category":0,"_jetpack_memberships_contains_paid_content":false,"footnotes":"","jetpack_publicize_message":"","jetpack_publicize_feature_enabled":true,"jetpack_social_post_already_shared":false,"jetpack_social_options":{"image_generator_settings":{"template":"highway","default_image_id":0,"font":"","enabled":false},"version":2}},"categories":[1],"tags":[],"class_list":["post-5398","post","type-post","status-publish","format-standard","has-post-thumbnail","hentry","category-sin-categoria"],"blocksy_meta":[],"jetpack_publicize_connections":[],"jetpack_featured_media_url":"https:\/\/derechosinfronteras.pe\/wp-content\/uploads\/2016\/05\/28J3.jpg","jetpack_sharing_enabled":true,"jetpack_likes_enabled":true,"_links":{"self":[{"href":"https:\/\/derechosinfronteras.pe\/ingles\/wp-json\/wp\/v2\/posts\/5398","targetHints":{"allow":["GET"]}}],"collection":[{"href":"https:\/\/derechosinfronteras.pe\/ingles\/wp-json\/wp\/v2\/posts"}],"about":[{"href":"https:\/\/derechosinfronteras.pe\/ingles\/wp-json\/wp\/v2\/types\/post"}],"author":[{"embeddable":true,"href":"https:\/\/derechosinfronteras.pe\/ingles\/wp-json\/wp\/v2\/users\/1"}],"replies":[{"embeddable":true,"href":"https:\/\/derechosinfronteras.pe\/ingles\/wp-json\/wp\/v2\/comments?post=5398"}],"version-history":[{"count":0,"href":"https:\/\/derechosinfronteras.pe\/ingles\/wp-json\/wp\/v2\/posts\/5398\/revisions"}],"wp:featuredmedia":[{"embeddable":true,"href":"https:\/\/derechosinfronteras.pe\/ingles\/wp-json\/wp\/v2\/media\/5399"}],"wp:attachment":[{"href":"https:\/\/derechosinfronteras.pe\/ingles\/wp-json\/wp\/v2\/media?parent=5398"}],"wp:term":[{"taxonomy":"category","embeddable":true,"href":"https:\/\/derechosinfronteras.pe\/ingles\/wp-json\/wp\/v2\/categories?post=5398"},{"taxonomy":"post_tag","embeddable":true,"href":"https:\/\/derechosinfronteras.pe\/ingles\/wp-json\/wp\/v2\/tags?post=5398"}],"curies":[{"name":"wp","href":"https:\/\/api.w.org\/{rel}","templated":true}]}}