{"id":5404,"date":"2016-05-16T10:22:05","date_gmt":"2016-05-16T15:22:05","guid":{"rendered":"http:\/\/derechosinfronteras.pe\/?p=1344"},"modified":"2016-05-16T10:22:05","modified_gmt":"2016-05-16T15:22:05","slug":"protesta-de-agricultores-del-valle-de-tambo-contra-tia-maria-se-mantuvo-pacifica-y-contundente","status":"publish","type":"post","link":"https:\/\/derechosinfronteras.pe\/ingles\/protesta-de-agricultores-del-valle-de-tambo-contra-tia-maria-se-mantuvo-pacifica-y-contundente\/","title":{"rendered":"Protesta de agricultores del Valle de Tambo contra T\u00eda Mar\u00eda se mantuvo pac\u00edfica y contundente"},"content":{"rendered":"<p>DURANTE 3 D\u00cdAS<\/p>\n<ul>\n<li><em>Protesta pac\u00edfica se realiza a poco m\u00e1s de un a\u00f1o del estallido del conflicto en Islay<\/em><\/li>\n<li><em>Paro de 72 horas fue convocado por agricultores sin participaci\u00f3n de dirigentes o l\u00edderes comunales<\/em><\/li>\n<li><em>Ollanta Humala estuvo en Arequipa en segundo d\u00eda de paro, pero no se acerc\u00f3 a Islay<\/em><\/li>\n<\/ul>\n<p>El paro de 72 horas (para este 11, 12 y 13 de mayo) convocado por los agricultores de los distritos de Cocachacra, De\u00e1n Valdivia y Punta del Bomb\u00f3n (Islay, Arequipa), se desarroll\u00f3 de manera pac\u00edfica en cada una de sus actividades en rechazo al anuncio sobre el inicio de operaciones del proyecto minero T\u00eda Mar\u00eda, a cargo de la empresa minera Southerm Cooper.<\/p>\n<p>En estos tres d\u00edas, pobladores y autoridades locales y congresales que se unieron a esta protesta reiteraron que el proyecto T\u00eda Mar\u00eda \u201cno tiene licencia social\u201d. Al no percibir ninguna respuesta a su reclamo, al t\u00e9rmino del segundo d\u00eda de paro, los manifestantes comunicaron la posibilidad de prolongar la protesta de forma indefinida.<\/p>\n<p><a href=\"http:\/\/derechosinfronteras.pe\/wp-content\/uploads\/2016\/05\/tiamaria5.jpg\" rel=\"attachment wp-att-1348\"><img fetchpriority=\"high\" decoding=\"async\" class=\"aligncenter size-full wp-image-1348\" src=\"http:\/\/derechosinfronteras.pe\/wp-content\/uploads\/2016\/05\/tiamaria5.jpg\" alt=\"tiamaria5\" width=\"768\" height=\"432\" \/><\/a><\/p>\n<p>Adem\u00e1s de ser pac\u00edfica, la movilizaci\u00f3n no produjo ning\u00fan acercamiento del Estado que permita llegar a un entendimiento. Por ello, las comunidades de las zonas de influencian consideran que la \u00fanica manera de concitar la atenci\u00f3n del Estado es moviliz\u00e1ndose constantemente.<\/p>\n<p>Seg\u00fan dio cuenta el diario El Pueblo de Arequipa, la representante de la Fiscal\u00eda Provincial de Islay, Sally Zorrilla Alarc\u00f3n, inform\u00f3 que el segundo d\u00eda de este paro provincial culmin\u00f3 sin ning\u00fan problema, lo cual coincide con el reporte de la Polic\u00eda Nacional que envi\u00f3 alrededor de 300 agentes al lugar.<\/p>\n<p>D\u00edas atr\u00e1s, el presidente de Southerm, Oscar Gonz\u00e1lez, asegur\u00f3 que pronto se reunir\u00eda con el presidente de la Rep\u00fablica, Ollanta Humala, para que el proyecto minero empiece a operar en la zona antes del cambio de gobierno.<\/p>\n<p>A estas declaraciones se sum\u00f3 el director de la Sociedad Nacional de Miner\u00eda, Petr\u00f3leo y Energ\u00eda (SNMPE), Jos\u00e9 Miguel Morales, quien insisti\u00f3 en que el proyecto T\u00eda Mar\u00eda (Arequipa) se encuentra pr\u00e1cticamente listo (para operar), lo cual ser\u00eda una se\u00f1al importante para las inversiones mineras, tanto locales como extranjeras.<\/p>\n<p>Es as\u00ed que el martes 3 de mayo, los comuneros y agricultores de la zona realizaron una Asamblea Popular en el sector de La Curva (distrito de De\u00e1n Valdivia, Islay), y acordaron paralizar durante tres d\u00edas sus actividades relacionadas a la cosecha de arroz, adem\u00e1s de realizar marchas de protesta en los distritos que comprenden el valle agricultor m\u00e1s grande del sur del Per\u00fa. Adem\u00e1s este paro convoca a la manifestaci\u00f3n pac\u00edfica en rechazo al proyecto, en toda la regi\u00f3n Arequipa, por medio de vigilias, plantones y expresiones art\u00edsticas.<\/p>\n<p><strong>Dirigentes no participaron<\/strong><\/p>\n<p>Por su parte, el presidente de la Junta de Usuarios del Valle de Tambo, Jes\u00fas Cornejo, aclar\u00f3 que este paro de 72 horas se ha llevado a cabo por iniciativa propia de los agricultores del valle quienes se auto convocaron para manifestarse, al considerar como ofensivas, las expresiones de Oscar Gonzales Rocha referidas a la viabilidad del proyecto cupr\u00edfero.<\/p>\n<p>De igual modo, recalc\u00f3 que los dirigentes sociales de la zona no participaron de esta la medida de protesta, ya que vienen cumpliendo reglas de conducta mientras el Ministerio P\u00fablico lleva a cabo sus investigaciones tras el estallido del conflicto de T\u00eda Mar\u00eda en marzo de 2015. Es por ello que est\u00e1n impedidos por orden del Poder Judicial.<\/p>\n<p><strong>D\u00eda 1<\/strong><\/p>\n<p>La primera jornada del paro de 72 horas inici\u00f3 en el distrito de De\u00e1n Valdivia (El Arco) donde fue el punto de inicio de la movilizaci\u00f3n en la que participaron cientos de personas, recorriendo la plaza San Francisco, la Curva y las calles del distrito de Cocachacra. Solo los centros educativos amanecieron con las puertas cerradas y los alumnos no asistieron a clases (por orden de la Ugel-Islay).<\/p>\n<p><a href=\"http:\/\/derechosinfronteras.pe\/wp-content\/uploads\/2016\/05\/tiamaria1.jpg\" rel=\"attachment wp-att-1345\"><img decoding=\"async\" class=\"aligncenter size-full wp-image-1345\" src=\"http:\/\/derechosinfronteras.pe\/wp-content\/uploads\/2016\/05\/tiamaria1.jpg\" alt=\"tiamaria1\" width=\"768\" height=\"431\" \/><\/a><\/p>\n<p><strong>D\u00eda 2: Humala evit\u00f3 a T\u00eda Mar\u00eda<\/strong><\/p>\n<p>En medio de las manifestaciones, el jefe de Estado, Ollanta Humala Tasso, lleg\u00f3 a la provincia arequipe\u00f1a de Caylloma y particip\u00f3 en la ceremonia de la entrega del t\u00edtulo de Patrimonio Inmaterial de la Humanidad a la danza del Wititi, en el distrito de Yanque. En su discurso recalc\u00f3 la importancia de que el siguiente gobierno contin\u00fae con los programas sociales que su gobierno impuls\u00f3. A su salida, el mandatario se retir\u00f3 r\u00e1pidamente y evit\u00f3 pronunciarse sobre Islay, pese a la insistencia de varios periodistas.<\/p>\n<p>Mientras tanto en el centro poblado El Fiscal (entrada del distrito de Cocachacra) se llev\u00f3 a cabo un mitin, tras la movilizaci\u00f3n desde la Plaza San Francisco hasta la panamericana Sur (sector de Ventillata). En dicho lugar hubo una interrupci\u00f3n del tr\u00e1nsito en carretera por dos horas. Decenas de veh\u00edculos particulares y de carga pesada, que se desplazaban entre los kil\u00f3metros 1,044 y 1 047, quedaron varados; sin embargo los manifestantes decidieron ubicarse en los extremos de la v\u00eda y realizaron una olla com\u00fan.<\/p>\n<p>En dicha actividad marcharon el alcalde provincial de Islay, Richard Ale Cruz; el alcalde distrital de Cocachacra, Helard Valencia, y el congresista electo por el Frente Amplio, Horacio Zeballos. Durante el recorrido, los efectivos de la comisar\u00eda del lugar acompa\u00f1aron la marcha a distancia sin interferir en la manifestaci\u00f3n.<\/p>\n<p><a href=\"http:\/\/derechosinfronteras.pe\/wp-content\/uploads\/2016\/05\/tiamaria4.jpg\" rel=\"attachment wp-att-1347\"><img decoding=\"async\" class=\"aligncenter size-full wp-image-1347\" src=\"http:\/\/derechosinfronteras.pe\/wp-content\/uploads\/2016\/05\/tiamaria4.jpg\" alt=\"tiamaria4\" width=\"768\" height=\"431\" \/><\/a><\/p>\n<p><strong>D\u00eda 3<\/strong><\/p>\n<p>El \u00faltimo d\u00eda de la jornada de protesta, los manifestantes se agruparon en unos 60 veh\u00edculos y partieron desde la plaza San Francisco hasta el ingreso de Mollendo, capital de la provincia de Islay. Una vez en el lugar, cientos de manifestantes empezaron a marchar por\u00a0 las calles del Puerto Bravo con acompa\u00f1amiento de la polic\u00eda. En esta \u00faltima etapa del paro no se registraron enfrentamientos, ni detenciones.<\/p>\n<p><strong>DATOS:<\/strong><\/p>\n<ul>\n<li>El viceministro de Minas, Guillermo Shinno, coincide con Southern en que \u00abs\u00f3lo falta la licencia de construcci\u00f3n\u00bb para dar inicio a las operaciones.<\/li>\n<li>Seg\u00fan el funcionario, para que T\u00eda Mar\u00eda inicie operaciones se debe resolver la disputa de 50 hect\u00e1reas que reclama Sociedad Minera Vania, cuya apelaci\u00f3n est\u00e1 en proceso ante el Consejo de Miner\u00eda.<\/li>\n<li>T\u00eda Mar\u00eda es un proyecto minero que procesar\u00e1 cobre en los yacimientos de La Tapada y T\u00eda Mar\u00eda, a 2.5 kil\u00f3metros del valle de Tambo, en el distrito de Cocachacra (Islay).<\/li>\n<li>Southern tiene la concesi\u00f3n 35 mil hect\u00e1reas, de las cuales tiene previsto operar en mil 600 hect\u00e1reas. Adem\u00e1s, es due\u00f1o del terreno superficial.<\/li>\n<\/ul>\n<p><strong>Recuento de hechos<\/strong><\/p>\n<p>Este conflicto surgi\u00f3 en el a\u00f1o 2011, luego de la presentaci\u00f3n del primer Estudio de Impacto Ambiental (EIA) al cual se le hab\u00eda formulado una serie de observaciones. La poblaci\u00f3n expres\u00f3 su rechazo y a falta de eco inici\u00f3 la primera protesta que dej\u00f3 un saldo de 4 muertos y varios heridos. En agosto del 2014 el Ministerio de Energ\u00eda y Minas recibi\u00f3 y aprob\u00f3 un nuevo EIA, aduciendo que las observaciones de la poblaci\u00f3n civil ya habr\u00edan sido absueltas. Frente a ello, la poblaci\u00f3n sigui\u00f3 expresando su disconformidad con el proyecto, pidiendo se respete su posici\u00f3n. Al siguiente a\u00f1o (2015) el conflicto volvi\u00f3 a estallar, y aunque se repitieron las reacciones violentas, abusos por parte de la polic\u00eda y muertes, durante las manifestaciones del 27 y 28 de mayo se pudo sentir la solidaridad de diferentes gremios y sociedad civil organizada en casi todas las regiones; adem\u00e1s hubo mucha exposici\u00f3n medi\u00e1tica, evidenci\u00e1ndose posteriormente un importante respaldo ciudadano (45%, seg\u00fan Encuesta GfK nacional urbana).<\/p>\n<p><strong><em>Fuentes: Observatorio de Conflictos Mineros (OCM) \/ Facebook Salvemos el Valle de Tambo \/ El B\u00faho de Arequipa \/ Diario El Pueblo \/ RPP \/ La Rep\u00fablica<\/em><\/strong><\/p>\n<p><strong><em>Fotos: Facebook Salvemos el Valle de Tambo<\/em><\/strong><\/p>","protected":false},"excerpt":{"rendered":"<p>DURANTE 3 D\u00cdAS Protesta pac\u00edfica se realiza a poco m\u00e1s de un a\u00f1o del estallido del conflicto en Islay Paro de 72 horas fue convocado por agricultores sin participaci\u00f3n de dirigentes o l\u00edderes comunales Ollanta Humala estuvo en Arequipa en segundo d\u00eda de paro, pero no se acerc\u00f3 a Islay El paro de 72 horas [&hellip;]<\/p>\n","protected":false},"author":1,"featured_media":5405,"comment_status":"closed","ping_status":"open","sticky":false,"template":"","format":"standard","meta":{"_monsterinsights_skip_tracking":false,"_monsterinsights_sitenote_active":false,"_monsterinsights_sitenote_note":"","_monsterinsights_sitenote_category":0,"_jetpack_memberships_contains_paid_content":false,"footnotes":"","jetpack_publicize_message":"","jetpack_publicize_feature_enabled":true,"jetpack_social_post_already_shared":false,"jetpack_social_options":{"image_generator_settings":{"template":"highway","default_image_id":0,"font":"","enabled":false},"version":2}},"categories":[1],"tags":[],"class_list":["post-5404","post","type-post","status-publish","format-standard","has-post-thumbnail","hentry","category-sin-categoria"],"blocksy_meta":[],"jetpack_publicize_connections":[],"jetpack_featured_media_url":"https:\/\/derechosinfronteras.pe\/wp-content\/uploads\/2016\/05\/tiamaria3.jpg","jetpack_sharing_enabled":true,"jetpack_likes_enabled":true,"_links":{"self":[{"href":"https:\/\/derechosinfronteras.pe\/ingles\/wp-json\/wp\/v2\/posts\/5404","targetHints":{"allow":["GET"]}}],"collection":[{"href":"https:\/\/derechosinfronteras.pe\/ingles\/wp-json\/wp\/v2\/posts"}],"about":[{"href":"https:\/\/derechosinfronteras.pe\/ingles\/wp-json\/wp\/v2\/types\/post"}],"author":[{"embeddable":true,"href":"https:\/\/derechosinfronteras.pe\/ingles\/wp-json\/wp\/v2\/users\/1"}],"replies":[{"embeddable":true,"href":"https:\/\/derechosinfronteras.pe\/ingles\/wp-json\/wp\/v2\/comments?post=5404"}],"version-history":[{"count":0,"href":"https:\/\/derechosinfronteras.pe\/ingles\/wp-json\/wp\/v2\/posts\/5404\/revisions"}],"wp:featuredmedia":[{"embeddable":true,"href":"https:\/\/derechosinfronteras.pe\/ingles\/wp-json\/wp\/v2\/media\/5405"}],"wp:attachment":[{"href":"https:\/\/derechosinfronteras.pe\/ingles\/wp-json\/wp\/v2\/media?parent=5404"}],"wp:term":[{"taxonomy":"category","embeddable":true,"href":"https:\/\/derechosinfronteras.pe\/ingles\/wp-json\/wp\/v2\/categories?post=5404"},{"taxonomy":"post_tag","embeddable":true,"href":"https:\/\/derechosinfronteras.pe\/ingles\/wp-json\/wp\/v2\/tags?post=5404"}],"curies":[{"name":"wp","href":"https:\/\/api.w.org\/{rel}","templated":true}]}}