{"id":5409,"date":"2016-05-13T11:47:20","date_gmt":"2016-05-13T16:47:20","guid":{"rendered":"http:\/\/derechosinfronteras.pe\/?p=1338"},"modified":"2016-05-13T11:47:20","modified_gmt":"2016-05-13T16:47:20","slug":"huinipampa-perspectiva-desde-uno-de-los-detenidos","status":"publish","type":"post","link":"https:\/\/derechosinfronteras.pe\/ingles\/huinipampa-perspectiva-desde-uno-de-los-detenidos\/","title":{"rendered":"HUINIPAMPA: PERSPECTIVA DESDE UNO DE LOS DETENIDOS"},"content":{"rendered":"<p style=\"text-align: center;\">cr\u00f3nica<\/p>\n<p style=\"text-align: center;\"><strong><em>\u00bfC\u00f3mo se vive con\u00a0 la mitad del cuerpo preso y la mitad en libertad?<\/em><\/strong><\/p>\n<p style=\"text-align: center;\"><strong><em>V\u00edctor Doroteo Sulla fue apresado el 11 de Setiembre del 2015 en Huinipampa en la provincia de Espinar y desde ese d\u00eda no se siente completo.<\/em><\/strong><\/p>\n<p>En Huinipampa, en el sector Catawita\u00f1a de la comunidad campesina de Huisa, se encuentran la faja transportadora de mineral y la planta concentradora de las operaciones del proyecto minero Antapacay de Glencore. La principal fuente de agua del lugar es el manante Miccayo cuyo caudal ha disminuido debido a la instalaci\u00f3n de siete bombas de agua de la empresa minera para el desarrollo de su actividad extractiva, lo que produjo escasez de agua que afect\u00f3 a las familias del lugar y su actividad pecuaria. Adem\u00e1s del exceso de polvareda generada por la faja que afecta la salud de los pobladores por la presencia de metales pesados.<\/p>\n<p>Ya hace cuatro a\u00f1os, en el 2012 se conoci\u00f3 en Espinar el Estudio de Riesgos a la Salud por Exposici\u00f3n a Metales Pesados que detalla la cantidad de personas con valores superiores al l\u00edmite de referencia con mercurio, ars\u00e9nico y cadmio; adem\u00e1s de las muestras de agua con concentraciones de ars\u00e9nico y mercurio por encima de los est\u00e1ndares de calidad ambiental. \u00a0En los reiterativos conflictos socioambientales de ese a\u00f1o, los pobladores demandaron\u00a0 cerrar o reubicar la presa de relaves de Huinipampa y pidieron que la empresa minera asumiera compromisos ambientales ante posibles impactos generados como consecuencia de sus actividades en la zona.<\/p>\n<p>En la continua convivencia que sostienen los pobladores del lugar con la empresa minera y su actividad extractiva, tuvieron \u2013 en el trascurso de varios a\u00f1os \u2013 conflictos y acuerdos. En el 2015, los lugare\u00f1os acordaron realizar una manifestaci\u00f3n para reclamar a la empresa los acuerdos que \u00e9sta hab\u00eda incumplido.<\/p>\n<p>El 11 de Setiembre, aproximadamente 30 socios de la Asociaci\u00f3n de Productores Pecuarios de Huinipampa, iniciaron una movilizaci\u00f3n pac\u00edfica frente a la empresa Glencore con carteles en las manos pidiendo\u00a0 que la minera cumpla sus compromisos respecto a los problemas de escasez y contaminaci\u00f3n del agua que hab\u00edan provocado la muerte de sus animales y la enfermedad de sus familiares y amigos. \u00a0<a href=\"http:\/\/derechosinfronteras.pe\/wp-content\/uploads\/2016\/05\/P10005011.jpg\" rel=\"attachment wp-att-1339\"><img fetchpriority=\"high\" decoding=\"async\" class=\"aligncenter size-full wp-image-1339\" src=\"http:\/\/derechosinfronteras.pe\/wp-content\/uploads\/2016\/05\/P10005011.jpg\" alt=\"P1000501[1]\" width=\"667\" height=\"371\" \/><\/a><\/p>\n<p>Seg\u00fan los pobladores, en el momento en que se produjo la protesta social lleg\u00f3 al lugar un contingente de m\u00e1s de setenta polic\u00edas junto al Fiscal de Prevenci\u00f3n del Delito de la Provincia de Espinar, quien orden\u00f3 la detenci\u00f3n del presidente de la Asociaci\u00f3n. Quienes intentaron evitar la detenci\u00f3n de su l\u00edder, fueron repelidos por bombas lacrim\u00f3genas sin que importe la presencia de mujeres y ni\u00f1os. La manifestaci\u00f3n termin\u00f3 con la detenci\u00f3n del presidente de la Asociaci\u00f3n, Don V\u00edctor Doroteo Sulla y de dos mujeres m\u00e1s. Luego, el Juez de Investigaci\u00f3n Preparatoria de la provincia de Espinar dispuso la libertad de una de las mujeres detenidas por ser una persona de 55 a\u00f1os; as\u00ed mismo, accedi\u00f3 al requerimiento del fiscal que solicit\u00f3 seis meses de prisi\u00f3n preventiva de las otras tres personas detenidas; una de ellas, Jackelyn, una mujer de 29 a\u00f1os que dej\u00f3 dos hijos durante todo el tiempo de su encierro, el menor de ellos de dos a\u00f1os y once meses.<\/p>\n<p>San Judas Tadeo es el patr\u00f3n de los desesperados; es el patr\u00f3n de las causas \u00a0\u00a0\u00a0\u00a0\u00a0\u00a0imposibles, esos pedidos que uno hace cuando se encuentra en los momentos m\u00e1s dif\u00edciles de la vida. San Judas Tadeo es el nombre del penal de Sicuani; donde Victor Doroteo, el presidente de la Asociaci\u00f3n y Jackelyn fueron recluidos durante cinco meses. Luego, en febrero de este a\u00f1o, fueron trasladados al penal de Quenqoro.<\/p>\n<p>Cuando V\u00edctor Doroteo cay\u00f3 preso, su familia desesper\u00f3 pues \u00e9l era el que sosten\u00eda el hogar; su madre, quien ya estaba enferma, empeor\u00f3 porque no hubo qui\u00e9n comprase los medicamentos. Tuvieron que vender sus animales para financiar los viajes de visita al penal y los gastos que su encierro conllev\u00f3. \u00c9l, recordando la angustia de esos momentos, dice: \u201cincluso mi familia ha tenido que hacer un pr\u00e9stamo, incluso mi familia ha tenido que vender sus animales, lo poco que ten\u00eda ha tenido que vender; y ha tenido que vender para sus viajes y tambi\u00e9n ha tenido que enviarnos para nosotros\u201d<\/p>\n<p>V\u00edctor Doroteo dice: \u201cnosotros estamos viviendo al lado de la empresa, donde est\u00e1 la planta, donde est\u00e1 la faja, donde est\u00e1n elaborando los minerales, donde est\u00e1 cayendo el mineral\u201d. Este \u201cvecino\u201d de la empresa Glencore, sali\u00f3 en libertad el 12 de abril de este a\u00f1o, s\u00f3lo seis d\u00edas antes de que M\u00e1xima Acu\u00f1a, que convivi\u00f3 con la empresa Newmont \u2013 Buenaventura en Cajamarca, recibiera el premio Goldman el 18 de Abril.<\/p>\n<p>Luego, V\u00edctor agrega: \u201c\u2026Hasta el momento no tenemos ninguna soluci\u00f3n porque, m\u00e1s al contrario, el se\u00f1or juez en la audiencia nos dijo que ustedes est\u00e1n prohibidos de acercarse a la empresa, a 100 metros m\u00e1s all\u00e1, ustedes no pueden acercarse a la empresa, nos ha prohibido. Yo no entiendo, porque nosotros vivimos a metros de la empresa y hasta no poder acercarnos a nuestros terrenos mismos&#8230;\u201d<\/p>\n<p>V\u00edctor Doroteo estuvo en prisi\u00f3n preventiva por la presunta comisi\u00f3n de los delitos contra los medios de transporte, comunicaci\u00f3n y otros servicios p\u00fablicos, en el subtipo de entorpecimiento al funcionamiento de servicios p\u00fablicos. Y, aunque ahora ya no tiene ning\u00fan proceso pendiente, dice: \u201ca veces pienso que la mitad de mi cuerpo he dejado todav\u00eda en el penal porque en realidad, en cualquier momento nos pueden acusar de cualquier cosa, tanto la empresa, o los efectivos tambi\u00e9n.\u201d<\/p>\n<p><em><strong>Cusco, 13 de mayo 2016.<\/strong><\/em><\/p>\n<p><em><strong>Derechos Humanos sin Fronteras Cusco.<\/strong><\/em><\/p>\n<p>&nbsp;<\/p>\n","protected":false},"excerpt":{"rendered":"<p>cr\u00f3nica \u00bfC\u00f3mo se vive con\u00a0 la mitad del cuerpo preso y la mitad en libertad? V\u00edctor Doroteo Sulla fue apresado el 11 de Setiembre del 2015 en Huinipampa en la provincia de Espinar y desde ese d\u00eda no se siente completo. En Huinipampa, en el sector Catawita\u00f1a de la comunidad campesina de Huisa, se encuentran [&hellip;]<\/p>\n","protected":false},"author":1,"featured_media":0,"comment_status":"closed","ping_status":"open","sticky":false,"template":"","format":"standard","meta":{"_monsterinsights_skip_tracking":false,"_monsterinsights_sitenote_active":false,"_monsterinsights_sitenote_note":"","_monsterinsights_sitenote_category":0,"_jetpack_memberships_contains_paid_content":false,"footnotes":"","jetpack_publicize_message":"","jetpack_publicize_feature_enabled":true,"jetpack_social_post_already_shared":false,"jetpack_social_options":{"image_generator_settings":{"template":"highway","default_image_id":0,"font":"","enabled":false},"version":2}},"categories":[1],"tags":[],"class_list":["post-5409","post","type-post","status-publish","format-standard","hentry","category-sin-categoria"],"blocksy_meta":[],"jetpack_publicize_connections":[],"jetpack_featured_media_url":"","jetpack_sharing_enabled":true,"jetpack_likes_enabled":true,"_links":{"self":[{"href":"https:\/\/derechosinfronteras.pe\/ingles\/wp-json\/wp\/v2\/posts\/5409","targetHints":{"allow":["GET"]}}],"collection":[{"href":"https:\/\/derechosinfronteras.pe\/ingles\/wp-json\/wp\/v2\/posts"}],"about":[{"href":"https:\/\/derechosinfronteras.pe\/ingles\/wp-json\/wp\/v2\/types\/post"}],"author":[{"embeddable":true,"href":"https:\/\/derechosinfronteras.pe\/ingles\/wp-json\/wp\/v2\/users\/1"}],"replies":[{"embeddable":true,"href":"https:\/\/derechosinfronteras.pe\/ingles\/wp-json\/wp\/v2\/comments?post=5409"}],"version-history":[{"count":0,"href":"https:\/\/derechosinfronteras.pe\/ingles\/wp-json\/wp\/v2\/posts\/5409\/revisions"}],"wp:attachment":[{"href":"https:\/\/derechosinfronteras.pe\/ingles\/wp-json\/wp\/v2\/media?parent=5409"}],"wp:term":[{"taxonomy":"category","embeddable":true,"href":"https:\/\/derechosinfronteras.pe\/ingles\/wp-json\/wp\/v2\/categories?post=5409"},{"taxonomy":"post_tag","embeddable":true,"href":"https:\/\/derechosinfronteras.pe\/ingles\/wp-json\/wp\/v2\/tags?post=5409"}],"curies":[{"name":"wp","href":"https:\/\/api.w.org\/{rel}","templated":true}]}}