{"id":5411,"date":"2016-05-12T16:23:11","date_gmt":"2016-05-12T21:23:11","guid":{"rendered":"http:\/\/derechosinfronteras.pe\/?p=1333"},"modified":"2016-05-12T16:23:11","modified_gmt":"2016-05-12T21:23:11","slug":"asociacion-de-regidoras-y-mujeres-autoridades-de-la-provincia-de-chumbivilcas-armapch-ya-tiene-representantes-legales","status":"publish","type":"post","link":"https:\/\/derechosinfronteras.pe\/ingles\/asociacion-de-regidoras-y-mujeres-autoridades-de-la-provincia-de-chumbivilcas-armapch-ya-tiene-representantes-legales\/","title":{"rendered":"Asociaci\u00f3n de Regidoras y Mujeres Autoridades de la Provincia de Chumbivilcas \u2013 ARMAPCH ya tiene representantes legales"},"content":{"rendered":"<p>En el II Encuentro de Regidoras y mujeres autoridades de la provincia de Chumbivilcas, se logro la conformaci\u00f3n de la junta directiva de la \u201cAsociaci\u00f3n de Regidoras y Mujeres Autoridades de la Provincia de Chumbivilcas \u2013 ARMAPCH\u201d\u00a0 que agrupa a todas las mujeres autoridades (alcaldesas y regidoras) de la provincia y sus 8 distritos, quienes \u00a0tendr\u00e1n la responsabilidad de encaminar\u00a0 la participaci\u00f3n de las mujeres en la provincia.<\/p>\n<p>El 11 de mayo, se realiz\u00f3 la elecci\u00f3n de la junta directiva para los a\u00f1os 2016- 2018, siendo elegidas:<\/p>\n<ul>\n<li><em>Presidenta: Claudia Ch\u00e1vez Cruz Regidora provincial de Chumbivilcas. <\/em><\/li>\n<li><em>Vice-presidenta: Judith Quispe S\u00e1nchez Regidora del distrito de Colquemarca. <\/em><\/li>\n<li><em>Secretaria de actas y archivos: Ana Lucia Peralta Chiccata Regidora del distrito de Ccapacmarca. <\/em><\/li>\n<li><em>Tesorera: Aquilina Ataucusi Jucharo Regidora del Distrito de Llusco.<\/em><\/li>\n<li><em>Primera vocal: Juliana Arisue\u00f1o Cruz Regidora del distrito de Livitaca.<\/em><\/li>\n<li><em>Segunda vocal: Regina Huisa Achinquipa Regidora de centro poblado.<\/em><\/li>\n<li><em>Fiscal: Sonia Mu\u00f1os Chaucca Regidora del distrito de Chamacca. <\/em><\/li>\n<li><em>Secretaria de organizaci\u00f3n, defensa y deporte: Luisa Colqui Conde\u00f1a del centro poblado de Anahuichi.<\/em><\/li>\n<li><em>Relaciones p\u00fablicas y derechos humanos: Carmen Arcos Limasca Regidora del centro poblado Charamoray.<\/em><\/li>\n<\/ul>\n<p>Ellas tendr\u00e1n la labor de\u00a0 \u00a0trabajar para incluir la participaci\u00f3n pol\u00edtica de la mujer generando pol\u00edticas p\u00fablicas, en temas de equidad de g\u00e9nero, seguridad alimentaria, empoderamiento en el conocimiento de sus derechos y deberes y otros.<\/p>\n<p><a href=\"http:\/\/derechosinfronteras.pe\/wp-content\/uploads\/2016\/05\/13227312_10206630125088901_2283882609700065877_o.jpg\" rel=\"attachment wp-att-1334\"><img fetchpriority=\"high\" decoding=\"async\" class=\"aligncenter  wp-image-1334\" src=\"http:\/\/derechosinfronteras.pe\/wp-content\/uploads\/2016\/05\/13227312_10206630125088901_2283882609700065877_o.jpg\" alt=\"ARMAPCH - CHUMBIVILCAS\" width=\"563\" height=\"422\" \/><\/a><\/p>\n<p>Este importante encuentro permitir\u00e1 \u00a0fortalecer a las organizaciones de mujeres, visibilizar y plantear sus agendas y lograr compromisos para las mujeres Chumbivilcanas.<\/p>\n<p>Esta sesi\u00f3n formal fue organizada por el Grupo Impulsor de Chumbivilcas\u00a0 en coordinaci\u00f3n con al Municipalidad provincial.<\/p>\n<p><em><strong>Cusco, 12 de mayo del 2016<\/strong><\/em><\/p>\n<p><em><strong>Derechos Humanos sin Fronteras.<\/strong><\/em><\/p>\n<p>&nbsp;<\/p>","protected":false},"excerpt":{"rendered":"<p>En el II Encuentro de Regidoras y mujeres autoridades de la provincia de Chumbivilcas, se logro la conformaci\u00f3n de la junta directiva de la \u201cAsociaci\u00f3n de Regidoras y Mujeres Autoridades de la Provincia de Chumbivilcas \u2013 ARMAPCH\u201d\u00a0 que agrupa a todas las mujeres autoridades (alcaldesas y regidoras) de la provincia y sus 8 distritos, quienes [&hellip;]<\/p>\n","protected":false},"author":1,"featured_media":5412,"comment_status":"closed","ping_status":"open","sticky":false,"template":"","format":"standard","meta":{"_monsterinsights_skip_tracking":false,"_monsterinsights_sitenote_active":false,"_monsterinsights_sitenote_note":"","_monsterinsights_sitenote_category":0,"_jetpack_memberships_contains_paid_content":false,"footnotes":"","jetpack_publicize_message":"","jetpack_publicize_feature_enabled":true,"jetpack_social_post_already_shared":false,"jetpack_social_options":{"image_generator_settings":{"template":"highway","default_image_id":0,"font":"","enabled":false},"version":2}},"categories":[1],"tags":[],"class_list":["post-5411","post","type-post","status-publish","format-standard","has-post-thumbnail","hentry","category-sin-categoria"],"blocksy_meta":[],"jetpack_publicize_connections":[],"jetpack_featured_media_url":"https:\/\/derechosinfronteras.pe\/wp-content\/uploads\/2016\/05\/13217529_10206630120168778_2521213861272987456_o.jpg","jetpack_sharing_enabled":true,"jetpack_likes_enabled":true,"_links":{"self":[{"href":"https:\/\/derechosinfronteras.pe\/ingles\/wp-json\/wp\/v2\/posts\/5411","targetHints":{"allow":["GET"]}}],"collection":[{"href":"https:\/\/derechosinfronteras.pe\/ingles\/wp-json\/wp\/v2\/posts"}],"about":[{"href":"https:\/\/derechosinfronteras.pe\/ingles\/wp-json\/wp\/v2\/types\/post"}],"author":[{"embeddable":true,"href":"https:\/\/derechosinfronteras.pe\/ingles\/wp-json\/wp\/v2\/users\/1"}],"replies":[{"embeddable":true,"href":"https:\/\/derechosinfronteras.pe\/ingles\/wp-json\/wp\/v2\/comments?post=5411"}],"version-history":[{"count":0,"href":"https:\/\/derechosinfronteras.pe\/ingles\/wp-json\/wp\/v2\/posts\/5411\/revisions"}],"wp:featuredmedia":[{"embeddable":true,"href":"https:\/\/derechosinfronteras.pe\/ingles\/wp-json\/wp\/v2\/media\/5412"}],"wp:attachment":[{"href":"https:\/\/derechosinfronteras.pe\/ingles\/wp-json\/wp\/v2\/media?parent=5411"}],"wp:term":[{"taxonomy":"category","embeddable":true,"href":"https:\/\/derechosinfronteras.pe\/ingles\/wp-json\/wp\/v2\/categories?post=5411"},{"taxonomy":"post_tag","embeddable":true,"href":"https:\/\/derechosinfronteras.pe\/ingles\/wp-json\/wp\/v2\/tags?post=5411"}],"curies":[{"name":"wp","href":"https:\/\/api.w.org\/{rel}","templated":true}]}}