{"id":5414,"date":"2016-05-12T10:37:05","date_gmt":"2016-05-12T15:37:05","guid":{"rendered":"http:\/\/derechosinfronteras.pe\/?p=1329"},"modified":"2016-05-12T10:37:05","modified_gmt":"2016-05-12T15:37:05","slug":"paro-de-72-horas-continua-en-arequipa-contra-proyecto-minero-tia-maria","status":"publish","type":"post","link":"https:\/\/derechosinfronteras.pe\/ingles\/paro-de-72-horas-continua-en-arequipa-contra-proyecto-minero-tia-maria\/","title":{"rendered":"Paro de 72 horas contin\u00faa en Arequipa  contra proyecto minero T\u00eda Mar\u00eda"},"content":{"rendered":"<p>Con el lema \u201cAgro s\u00ed, mina no\u201d los agricultores de los distritos de Cocachacra, De\u00e1n Valdivia y Punta del Bomb\u00f3n, de la provincia de Islay, suspendiendo sus actividades relacionadas a la cosecha de arroz, marchan desde ayer por las calles de Cocachacra para expresar su rechazo al anuncio del presidente de la minera Southern Copper, Oscar Gonz\u00e1lez, frente al\u00a0 inicio de las operaciones del proyecto<a href=\"http:\/\/larepublica.pe\/sociedad\/766476-escolares-piden-paz-en-el-valle-de-tambo-con-una-cancion\" target=\"_blank\" rel=\"noopener\">\u00a0minero T\u00eda Mar\u00eda<\/a>. Esta medida se da en el marco de un paro de 72 horas.<\/p>\n<p>Los manifestantes se\u00f1alaron que rechazan el proyecto minero porque pone en riesgo miles de hect\u00e1reas de cultivos del Valle de Tambo.<\/p>\n<p>Por su parte, el presidente de la Junta de Usuarios de Tambo, Jes\u00fas Cornejo, aclar\u00f3 que detr\u00e1s de la movilizaci\u00f3n no hay dirigentes y que los agricultores se han autoconvocado espont\u00e1neamente, ademas exhort\u00f3 que la protesta se desarrolle de manera pac\u00edfica y se\u00f1al\u00f3 que no participar\u00e1 en el paro porque est\u00e1 impedido de hacerlo por un proceso judicial que existe en contra suya y de otros dirigentes (referido a las protestas del a\u00f1o pasado).<\/p>\n<p>Mientras la poblaci\u00f3n reclama el derecho sobre sus tierras y la salud de los pobladores, el Estado, como respuesta ha determinado el env\u00edo de efectivos policiales con el fin de controlar el orden p\u00fablico ante posibles des\u00f3rdenes que se produzcan por la medida de fuerza adoptada. Tal parece preocuparse s\u00f3lo por los tr\u00e1mites pendientes para que el proyecto se ponga en marcha.<\/p>\n<p><strong>Posici\u00f3n del\u00a0 MINEM<\/strong><\/p>\n<p>El Viceministro de Minas, Guillermo Shino, coincide con el presidente de Southern en que para que T\u00eda Mar\u00eda empiece a operar \u00abs\u00f3lo falta la licencia de construcci\u00f3n\u00bb y resolver un problema de superposici\u00f3n de concesiones que existe con la empresa minera Vania. Respecto al paro, reconoci\u00f3 el derecho de los agricultores a protestar, pero inst\u00f3 a que lo hagan de manera pac\u00edfica sin perturbar el orden p\u00fablico ni da\u00f1ar la propiedad privada. Explic\u00f3 que todo proyecto minero es importante para la regi\u00f3n donde se desarrollar\u00e1, y lo que se debe buscar es que\u00a0sea aceptado por la poblaci\u00f3n y que \u00e9sta entienda que proyectos de esta naturaleza incrementan el dinamismo econ\u00f3mico del lugar donde se ubican, el poder adquisitivo\u00a0de sus pobladores y el acceso a mejores condiciones de vida: mejores escuelas, mejores hospitales, entre otros.<\/p>\n<p><strong>La pendiente licencia social:<\/strong>\u00a0Desde inicios del presente a\u00f1o la empresa ha presentado reportes y programas de inversi\u00f3n que inclu\u00edan al proyecto T\u00eda Mar\u00eda en un estado de \u2018retraso\u2019, pendiente solo de la licencia de construcci\u00f3n. Lo cierto es que al proyecto no solo le falta una licencia de construcci\u00f3n; lo que a todas luces no tiene es la licencia social para operar. Insistir en un proyecto que genera la resistencia de la gran mayor\u00eda de la poblaci\u00f3n no solamente provoca este tipo de reacciones sino que demuestra que la empresa no ha sacado las lecciones de un conflicto que ya lleva varios a\u00f1os.<\/p>\n<p><strong>Video de La Rep\u00fablica:<\/strong>\u00a0<a href=\"http:\/\/larepublica.pe\/sociedad\/766673-tia-maria-poblacion-del-valle-de-tambo-marcha-contra-proyecto-minero\" target=\"_blank\" rel=\"noopener\">http:\/\/larepublica.pe\/sociedad\/766673-tia-maria-poblacion-del-valle-de-tambo-marcha-contra-proyecto-minero<\/a><\/p>\n<p><strong><em>Fuentes: La Rep\u00fablica, Terra, OCM.<br \/>\n<\/em><\/strong><\/p>\n<p><strong><em>Foto: El Pueblo.<br \/>\n<\/em><\/strong><\/p>","protected":false},"excerpt":{"rendered":"<p>Con el lema \u201cAgro s\u00ed, mina no\u201d los agricultores de los distritos de Cocachacra, De\u00e1n Valdivia y Punta del Bomb\u00f3n, de la provincia de Islay, suspendiendo sus actividades relacionadas a la cosecha de arroz, marchan desde ayer por las calles de Cocachacra para expresar su rechazo al anuncio del presidente de la minera Southern Copper, [&hellip;]<\/p>\n","protected":false},"author":1,"featured_media":5415,"comment_status":"closed","ping_status":"open","sticky":false,"template":"","format":"standard","meta":{"_monsterinsights_skip_tracking":false,"_monsterinsights_sitenote_active":false,"_monsterinsights_sitenote_note":"","_monsterinsights_sitenote_category":0,"_jetpack_memberships_contains_paid_content":false,"footnotes":"","jetpack_publicize_message":"","jetpack_publicize_feature_enabled":true,"jetpack_social_post_already_shared":false,"jetpack_social_options":{"image_generator_settings":{"template":"highway","default_image_id":0,"font":"","enabled":false},"version":2}},"categories":[1],"tags":[],"class_list":["post-5414","post","type-post","status-publish","format-standard","has-post-thumbnail","hentry","category-sin-categoria"],"blocksy_meta":[],"jetpack_publicize_connections":[],"jetpack_featured_media_url":"https:\/\/derechosinfronteras.pe\/wp-content\/uploads\/2016\/05\/EL-PUEBLO-tia-maria.jpg","jetpack_sharing_enabled":true,"jetpack_likes_enabled":true,"_links":{"self":[{"href":"https:\/\/derechosinfronteras.pe\/ingles\/wp-json\/wp\/v2\/posts\/5414","targetHints":{"allow":["GET"]}}],"collection":[{"href":"https:\/\/derechosinfronteras.pe\/ingles\/wp-json\/wp\/v2\/posts"}],"about":[{"href":"https:\/\/derechosinfronteras.pe\/ingles\/wp-json\/wp\/v2\/types\/post"}],"author":[{"embeddable":true,"href":"https:\/\/derechosinfronteras.pe\/ingles\/wp-json\/wp\/v2\/users\/1"}],"replies":[{"embeddable":true,"href":"https:\/\/derechosinfronteras.pe\/ingles\/wp-json\/wp\/v2\/comments?post=5414"}],"version-history":[{"count":0,"href":"https:\/\/derechosinfronteras.pe\/ingles\/wp-json\/wp\/v2\/posts\/5414\/revisions"}],"wp:featuredmedia":[{"embeddable":true,"href":"https:\/\/derechosinfronteras.pe\/ingles\/wp-json\/wp\/v2\/media\/5415"}],"wp:attachment":[{"href":"https:\/\/derechosinfronteras.pe\/ingles\/wp-json\/wp\/v2\/media?parent=5414"}],"wp:term":[{"taxonomy":"category","embeddable":true,"href":"https:\/\/derechosinfronteras.pe\/ingles\/wp-json\/wp\/v2\/categories?post=5414"},{"taxonomy":"post_tag","embeddable":true,"href":"https:\/\/derechosinfronteras.pe\/ingles\/wp-json\/wp\/v2\/tags?post=5414"}],"curies":[{"name":"wp","href":"https:\/\/api.w.org\/{rel}","templated":true}]}}