{"id":5416,"date":"2016-05-11T16:58:30","date_gmt":"2016-05-11T21:58:30","guid":{"rendered":"http:\/\/derechosinfronteras.pe\/?p=1320"},"modified":"2016-05-11T16:58:30","modified_gmt":"2016-05-11T21:58:30","slug":"lideres-dirigentes-y-autoridades-de-chumbivilcas-son-denunciados-por-participar-en-movilizacion-contra-empresa-hudbay","status":"publish","type":"post","link":"https:\/\/derechosinfronteras.pe\/ingles\/lideres-dirigentes-y-autoridades-de-chumbivilcas-son-denunciados-por-participar-en-movilizacion-contra-empresa-hudbay\/","title":{"rendered":"L\u00edderes, dirigentes y autoridades de Chumbivilcas son denunciados por participar en movilizaci\u00f3n contra empresa HudBay."},"content":{"rendered":"<ul>\n<li><em>Fiscal\u00eda de Santo Tom\u00e1s viene iniciando investigaciones en contra de presidentes comunales y dirigentes sociales de Velille, as\u00ed como alcaldes de Velille, Chamaca, Livitaca y la provincia de Chumbivilcas quienes participaron en la movilizaci\u00f3n realizada en enero del 2016, exigiendo el cumplimiento de compromisos por la minera Hudbay y su proyecto Constancia. \u00a0<\/em><\/li>\n<\/ul>\n<p><strong><em>\u00a0<\/em><\/strong>El presidente de la Comunidad Urasana, distrito de Velille, provincia de Chumbivilcas, Amilcar Alcca Chacalla, manifest\u00f3 a Derechos Humanos sin Fronteras que varios dirigentes sociales, sobre todo presidentes comunales y alcaldes de Velille, Chamaca, Livitaca y la provincia de Chumbivilcas vienen siendo investigados en la Fiscal\u00eda de Santo Tomas por participar en las movilizaciones realizadas el pasado 25, 26 y 27 de enero \u00a0en la zona de influencia del proyecto minero de Constancia, operada por la canadiense Hudbay.<\/p>\n<p><strong>Recuento de los hechos<\/strong><\/p>\n<p>Luego de reiterados pedidos de dialogo desde el a\u00f1o 2015 el Frente de Defensa de Velille, los presidentes comunales, las juntas barriales, el Frente \u00danico de Defensa de los Intereses de Chumbivilcas y los distritos aleda\u00f1os de Chumbivilcas realizaron un paro preventivo de 72 horas los d\u00edas 25, 26 y 27 de Enero del presente a\u00f1o, en contra de la empresa minera HudBay Per\u00fa SAC, y su proyecto minero Constancia en la provincia de Chumbivilcas.<\/p>\n<p>Seg\u00fan el pliego de reclamos alcanzados, el objetivo de esta medida de lucha fue para que la empresa asumiera sus compromisos en el marco de su pol\u00edtica de responsabilidad social y ambiental con los centros poblados y comunidades locales, y para que se declare como \u00e1rea de influencia directa a todas las comunidades del distrito de Velille mediante la modificaci\u00f3n del Estudio de Impacto Ambiental y social del proyecto minero.<\/p>\n<p>Solo despu\u00e9s de los tres d\u00edas de paralizaci\u00f3n el 27 de febrero se instal\u00f3 en Velille una Mesa de Di\u00e1logo con la participaci\u00f3n del alcalde distrital de Velille, el alcalde provincial de Chumbivilcas, los representantes de la PCM y el Ministerio de Energ\u00eda y Minas, quienes firmaron un acta para formalizar la conformaci\u00f3n de grupos de trabajo en los temas de responsabilidad social y medio ambiental.<\/p>\n<p><a href=\"http:\/\/derechosinfronteras.pe\/wp-content\/uploads\/2016\/05\/3.jpg\" rel=\"attachment wp-att-1321\"><img fetchpriority=\"high\" decoding=\"async\" class=\"aligncenter wp-image-1321\" src=\"http:\/\/derechosinfronteras.pe\/wp-content\/uploads\/2016\/05\/3.jpg\" alt=\"3\" width=\"626\" height=\"470\" \/><\/a><\/p>\n<p>A pesar de los acuerdos y a raz\u00f3n de la protesta de enero, el presidente de la Comunidad de Urasana, Am\u00edlcar Alcca se\u00f1ala haber sido denunciado por delitos contra los medios de transporte, comunicaci\u00f3n y otros servicios p\u00fablicos, y otros delitos.\u00a0 En la misma situaci\u00f3n se encontrar\u00edan 13 dirigentes comunales, el Frente de Defensa de Velille, los tres alcaldes distritales y el alcalde provincial de Chumbivilcas. As\u00ed mismo Amilcar indica que en ning\u00fan\u00a0 momento de la protesta se han producido disturbios ni enfrentamientos entre pobladores y efectivos policiales en la movilizaci\u00f3n de enero pasado.<\/p>\n<p><em><strong>Cusco, 11 de mayo del 2016<\/strong><\/em><\/p>\n<p><em><strong>Derechos Humanos sin Fronteras.<\/strong><\/em><\/p>","protected":false},"excerpt":{"rendered":"<p>Fiscal\u00eda de Santo Tom\u00e1s viene iniciando investigaciones en contra de presidentes comunales y dirigentes sociales de Velille, as\u00ed como alcaldes de Velille, Chamaca, Livitaca y la provincia de Chumbivilcas quienes participaron en la movilizaci\u00f3n realizada en enero del 2016, exigiendo el cumplimiento de compromisos por la minera Hudbay y su proyecto Constancia. \u00a0 \u00a0El presidente [&hellip;]<\/p>\n","protected":false},"author":1,"featured_media":5417,"comment_status":"closed","ping_status":"open","sticky":false,"template":"","format":"standard","meta":{"_monsterinsights_skip_tracking":false,"_monsterinsights_sitenote_active":false,"_monsterinsights_sitenote_note":"","_monsterinsights_sitenote_category":0,"_jetpack_memberships_contains_paid_content":false,"footnotes":"","jetpack_publicize_message":"","jetpack_publicize_feature_enabled":true,"jetpack_social_post_already_shared":false,"jetpack_social_options":{"image_generator_settings":{"template":"highway","default_image_id":0,"font":"","enabled":false},"version":2}},"categories":[1],"tags":[],"class_list":["post-5416","post","type-post","status-publish","format-standard","has-post-thumbnail","hentry","category-sin-categoria"],"blocksy_meta":[],"jetpack_publicize_connections":[],"jetpack_featured_media_url":"https:\/\/derechosinfronteras.pe\/wp-content\/uploads\/2016\/05\/8-2-e1494274757290.jpg","jetpack_sharing_enabled":true,"jetpack_likes_enabled":true,"_links":{"self":[{"href":"https:\/\/derechosinfronteras.pe\/ingles\/wp-json\/wp\/v2\/posts\/5416","targetHints":{"allow":["GET"]}}],"collection":[{"href":"https:\/\/derechosinfronteras.pe\/ingles\/wp-json\/wp\/v2\/posts"}],"about":[{"href":"https:\/\/derechosinfronteras.pe\/ingles\/wp-json\/wp\/v2\/types\/post"}],"author":[{"embeddable":true,"href":"https:\/\/derechosinfronteras.pe\/ingles\/wp-json\/wp\/v2\/users\/1"}],"replies":[{"embeddable":true,"href":"https:\/\/derechosinfronteras.pe\/ingles\/wp-json\/wp\/v2\/comments?post=5416"}],"version-history":[{"count":0,"href":"https:\/\/derechosinfronteras.pe\/ingles\/wp-json\/wp\/v2\/posts\/5416\/revisions"}],"wp:featuredmedia":[{"embeddable":true,"href":"https:\/\/derechosinfronteras.pe\/ingles\/wp-json\/wp\/v2\/media\/5417"}],"wp:attachment":[{"href":"https:\/\/derechosinfronteras.pe\/ingles\/wp-json\/wp\/v2\/media?parent=5416"}],"wp:term":[{"taxonomy":"category","embeddable":true,"href":"https:\/\/derechosinfronteras.pe\/ingles\/wp-json\/wp\/v2\/categories?post=5416"},{"taxonomy":"post_tag","embeddable":true,"href":"https:\/\/derechosinfronteras.pe\/ingles\/wp-json\/wp\/v2\/tags?post=5416"}],"curies":[{"name":"wp","href":"https:\/\/api.w.org\/{rel}","templated":true}]}}