{"id":5425,"date":"2016-05-09T15:27:52","date_gmt":"2016-05-09T20:27:52","guid":{"rendered":"http:\/\/derechosinfronteras.pe\/?p=1299"},"modified":"2016-05-09T15:27:52","modified_gmt":"2016-05-09T20:27:52","slug":"unesco-gobierno-peruano-debe-asegurar-defensa-del-patrimonio-mundial","status":"publish","type":"post","link":"https:\/\/derechosinfronteras.pe\/ingles\/unesco-gobierno-peruano-debe-asegurar-defensa-del-patrimonio-mundial\/","title":{"rendered":"Unesco: \u201cGobierno Peruano debe asegurar defensa del Patrimonio Mundial\u201d"},"content":{"rendered":"<p><strong><em>Exhortaci\u00f3n lo hizo llegar la directora del Centro del Patrimonio Mundial, Mechtild R\u00f6ssler, en carta dirigida al alcalde provincial, donde se observa con mucha preocupaci\u00f3n construcci\u00f3n de edificio de 10 pisos en centro hist\u00f3rico del Cusco.<\/em><\/strong><\/p>\n<p>La directora del Centro del Patrimonio Mundial de la Unesco, Mechtild R\u00f6ssler, a trav\u00e9s de una carta enviada al alcalde de la Municipalidad provincial del Cusco,\u00a0 Carlos Moscoso Perea, demand\u00f3 al Estado Peruano y sus representantes, velar por el cumplimiento de los compromisos internacionales\u00a0 adquiridos\u00a0 durante la Convenci\u00f3n sobre la Protecci\u00f3n del Patrimonio Mundial, Cultural y Natural, suscrito en 1972.<\/p>\n<p>La exhortaci\u00f3n a las autoridades, lo realiz\u00f3, tras conocer la existencia de un edificio de \u00a010 pisos, en el centro hist\u00f3rico del Cusco, el mismo que vulnera los principios y criterios que le han valido a la ciudad imperial, la inscripci\u00f3n en la Lista Patrimonio Mundial de la Unesco.<\/p>\n<p>Esto significa que en el centro hist\u00f3rico del Cusco, aparte de cumplir ciertas condiciones estructurales a nivel arquitect\u00f3nico, est\u00e1 prohibida las edificaciones con m\u00e1s de tres pisos.<\/p>\n<p>La carta se halla con fecha del 15 de abril del 2016.<\/p>\n<p>A continuaci\u00f3n transcribimos textualmente su contendido por ser de importancia nacional e internacional:<\/p>\n<p>Excelent\u00edsimo Se\u00f1or Alcalde:<\/p>\n<p style=\"text-align: justify;\">\u201c<em>Mucho agradezco su carta del pasado 9 de abril, por la cual transmite al Centro del Patrimonmio Mundial informaci\u00f3n actualizada con referencia a la situaci\u00f3n de la construcci\u00f3n del Hotel Sheraton ubicada dentro de los l\u00edmites de la Ciudad del Cusco, bien inscrito en la Lista del Patrimonio Mundial en 1983m bajo los criterios (iii) y (iv).<\/em><\/p>\n<p style=\"text-align: justify;\"><em>El Centro del Patrimonio Mundial ha tomado debida nota de los procesos administrativos y judiciales en curso para paralizar la obra, tras la aprobaci\u00f3n de la Resoluci\u00f3n 004-GM\/MPC-2016, adoptada por la Municipalidad del Cusco en enero del 2016, la cual acogemos favorablemente. Confiamos plenamente en que dichos procesos permitir\u00e1n asegurar el cabal cumplimiento de las disposiciones contenidas en el Plan Maestro del Centro Hist\u00f3rico, el Plan de Desarrollo Urbano y otras disposiciones pertinentes que regulan las edificaciones en el Centro Hist\u00f3rico de la ciudad del Cusco.<\/em><\/p>\n<p style=\"text-align: justify;\"><em>Sin embargo, dado el contexto y la situaci\u00f3n actual de los procesos administrativos y judiciales arriba mencionados, el Centro del Patrimonio Mundial aprovecha la oportunidad para reiterar su m\u00e1s viva preocupaci\u00f3n con respecto a los potenciales impactos negativos que esta construcci\u00f3n pueda ocasionar a los valores que sustentan el Valor Universal Excepcional (VUE) del bien inscrito en la Lista del Patrimonio Mundial por la Unesco.<\/em><\/p>\n<p style=\"text-align: justify;\"><em>De la misma manera, aprovecho para recordar los compromisos internacionales adquiridos por el Estado Peruano tras la ratificaci\u00f3n de la \u201cConvenci\u00f3n sobre la protecci\u00f3n del Patrimonio Mundial, cultural y natural\u201d de 1972 y sus obligaciones como Estado Parte de asegurar la protecci\u00f3n del Patrimonio Mundial en su territorio, en cumplimiento a los principios que emanan de La Convenci\u00f3n.<\/em><\/p>\n<p style=\"text-align: justify;\"><em>De conformidad con los procedimientos establecidos en el p\u00e1rrafo 172 de las Directrices pr\u00e1ticas para la aplicaci\u00f3n de la Convenci\u00f3n del Patrimonio Mundial, el Centro del Patrimonio Mundial ha transmitido la documentaci\u00f3n proporcionada por el Estado parte a Icomos Internacional, organismo consultivo del Comit\u00e9 del Patrimonio Mundial, para su respectiva evaluaci\u00f3n t\u00e9cnica. Las recomendaciones que emanen de este proceso de evaluaci\u00f3n aportar\u00e1n pautas adicionales para asegurar que el VUE del bien, asi como su integridad y autenticidad no se vean afectados.<\/em><\/p>\n<p style=\"text-align: justify;\"><em>Agradeci\u00e9ndole por su continua cooperaci\u00f3n y reiter\u00e1ndole nuestro apoyo a las autoridades nacionales en la implementaci\u00f3n de La Convenci\u00f3n del Patrimonio Mundial, hago propicia la ocasi\u00f3n para expresarle, Se\u00f1or Alcalde, el testimonio de mi distinguida consideraci\u00f3n<\/em><strong><em>.<\/em><\/strong><\/p>\n<p>Mechtild R\u00f6ssler<\/p>\n<p>Directora<\/p>\n<p>Centro del Patrimonio Mundial.<\/p>\n<p><strong><em>Fuente: RPP Noticias.<\/em><\/strong><\/p>\n<p><strong><em>Foto: whc.unesco.org<\/em><\/strong><\/p>","protected":false},"excerpt":{"rendered":"<p>Exhortaci\u00f3n lo hizo llegar la directora del Centro del Patrimonio Mundial, Mechtild R\u00f6ssler, en carta dirigida al alcalde provincial, donde se observa con mucha preocupaci\u00f3n construcci\u00f3n de edificio de 10 pisos en centro hist\u00f3rico del Cusco. La directora del Centro del Patrimonio Mundial de la Unesco, Mechtild R\u00f6ssler, a trav\u00e9s de una carta enviada al [&hellip;]<\/p>\n","protected":false},"author":1,"featured_media":5426,"comment_status":"closed","ping_status":"open","sticky":false,"template":"","format":"standard","meta":{"_monsterinsights_skip_tracking":false,"_monsterinsights_sitenote_active":false,"_monsterinsights_sitenote_note":"","_monsterinsights_sitenote_category":0,"_jetpack_memberships_contains_paid_content":false,"footnotes":"","jetpack_publicize_message":"","jetpack_publicize_feature_enabled":true,"jetpack_social_post_already_shared":false,"jetpack_social_options":{"image_generator_settings":{"template":"highway","default_image_id":0,"font":"","enabled":false},"version":2}},"categories":[1],"tags":[],"class_list":["post-5425","post","type-post","status-publish","format-standard","has-post-thumbnail","hentry","category-sin-categoria"],"blocksy_meta":[],"jetpack_publicize_connections":[],"jetpack_featured_media_url":"https:\/\/derechosinfronteras.pe\/wp-content\/uploads\/2016\/05\/news_1421-890-520-20160128082638.jpg","jetpack_sharing_enabled":true,"jetpack_likes_enabled":true,"_links":{"self":[{"href":"https:\/\/derechosinfronteras.pe\/ingles\/wp-json\/wp\/v2\/posts\/5425","targetHints":{"allow":["GET"]}}],"collection":[{"href":"https:\/\/derechosinfronteras.pe\/ingles\/wp-json\/wp\/v2\/posts"}],"about":[{"href":"https:\/\/derechosinfronteras.pe\/ingles\/wp-json\/wp\/v2\/types\/post"}],"author":[{"embeddable":true,"href":"https:\/\/derechosinfronteras.pe\/ingles\/wp-json\/wp\/v2\/users\/1"}],"replies":[{"embeddable":true,"href":"https:\/\/derechosinfronteras.pe\/ingles\/wp-json\/wp\/v2\/comments?post=5425"}],"version-history":[{"count":0,"href":"https:\/\/derechosinfronteras.pe\/ingles\/wp-json\/wp\/v2\/posts\/5425\/revisions"}],"wp:featuredmedia":[{"embeddable":true,"href":"https:\/\/derechosinfronteras.pe\/ingles\/wp-json\/wp\/v2\/media\/5426"}],"wp:attachment":[{"href":"https:\/\/derechosinfronteras.pe\/ingles\/wp-json\/wp\/v2\/media?parent=5425"}],"wp:term":[{"taxonomy":"category","embeddable":true,"href":"https:\/\/derechosinfronteras.pe\/ingles\/wp-json\/wp\/v2\/categories?post=5425"},{"taxonomy":"post_tag","embeddable":true,"href":"https:\/\/derechosinfronteras.pe\/ingles\/wp-json\/wp\/v2\/tags?post=5425"}],"curies":[{"name":"wp","href":"https:\/\/api.w.org\/{rel}","templated":true}]}}