{"id":5427,"date":"2016-05-06T12:15:29","date_gmt":"2016-05-06T17:15:29","guid":{"rendered":"http:\/\/derechosinfronteras.pe\/?p=1293"},"modified":"2016-05-06T12:15:29","modified_gmt":"2016-05-06T17:15:29","slug":"pronunciamiento-las-federaciones-indigenas-en-loreto-se-manifiestan-sobre-la-resolucion-ministerial-082-2016-pcm-del-15-de-abri","status":"publish","type":"post","link":"https:\/\/derechosinfronteras.pe\/ingles\/pronunciamiento-las-federaciones-indigenas-en-loreto-se-manifiestan-sobre-la-resolucion-ministerial-082-2016-pcm-del-15-de-abri\/","title":{"rendered":"Pronunciamiento: Las federaciones ind\u00edgenas en Loreto se manifiestan sobre la Resoluci\u00f3n Ministerial 082 \u2013 2016 \u2013 PCM del 15 de abril"},"content":{"rendered":"<p>Las federaciones ind\u00edgenas <strong>FECONACO, FEDIQUEP, ACODECOSPAT y OPIKAFPE<\/strong>, de las cuencas del r\u00edo Corrientes, Pastaza, Mara\u00f1\u00f3n y Tigre, nos pronunciamos sobre la Resoluci\u00f3n Ministerial 082 \u2013 2016 \u2013 PCM del 15 de abril, la cual conforma el \u201cGrupo de Trabajo encargado de realizar acciones de coordinaci\u00f3n para el desarrollo de la cuenca del Pastaza, Tigre, Corrientes y Mara\u00f1\u00f3n del departamento de Loreto\u201d.<\/p>\n<p>1) Nuestras comunidades ind\u00edgenas, cuyos territorios padecen una de las crisis sociales y ambientales m\u00e1s grandes de la Amazon\u00eda peruana por m\u00e1s de 45 a\u00f1os, han expresado una incesante voluntad de di\u00e1logo exigiendo con firmeza el respeto a sus derechos y a la vida en sus comunidades. Esta voluntad de di\u00e1logo y buena fe no siempre fue correspondida por el Estado, hecho que nos oblig\u00f3 en m\u00e1s de una oportunidad a tomar medidas pac\u00edficas de fuerza, las cuales sirvieron para que el Estado asuma responsabilidades y se siente a hablar con diligencia y atienda nuestros reclamos de justicia.<\/p>\n<p>2) La <b>RM 082-2016-PCM<\/b>, forma un grupo de trabajo cuya duraci\u00f3n es de 6 meses, y tiene por \u201cobjeto realizar acciones de coordinaci\u00f3n para el cumplimiento de los acuerdo que se derivan del <b>Acta de Lima<\/b> suscrita el 10 de marzo de 2015, del <b>Acta de Teniente L\u00f3pez<\/b> suscrita el 24 de setiembre de 2015 y del <b>Acta de Jos\u00e9 Olaya<\/b> del 5 de noviembre de 2015\u201d (art. 2), documentos que fueron firmados por nuestras comunidades y organizaciones producto de contexto de movilizaci\u00f3n social y de la incansable persistencia de los apus de las comunidades de nuestra organizaciones.<\/p>\n<p>3)\u00a0<b>Denunciamos que la RM 082-2016-PCM atenta contra la buena fe<\/b> y, as\u00ed como sucedi\u00f3 en la Consulta Previa del Lote 192, es un nuevo intento de las autoridades y la Presidencia del Consejo de Ministros por dividir y generar conflicto al interior de los pueblos ind\u00edgenas, puesto que incluye a organizaciones ind\u00edgenas que no forman parte del proceso de di\u00e1logo ni de las Actas que indica la propia resoluci\u00f3n. Recordamos que el pedido de una comisi\u00f3n de seguimiento de los acuerdos de las Actas es un pedido expreso de <b>FECONACO, FEDIQUEP, ACODECOSPAT y OPIKAFPE<\/b>, quienes conformamos una plataforma de unidad desde hace 4 a\u00f1os.<b> El Estado no puede manipular ni utilizar la lucha y el di\u00e1logo de las comunidades y de nuestras organizaciones, negociando y tomando decisiones a espaladas de nosotros<\/b> y por debajo de la mesa.<\/p>\n<p>4) Por ello, <b>exigimos que la Presidencia del Consejo de Ministros modifique la RM 082-2016-PCM<\/b>. Asimismo, advertimos que si el Estado persiste en sus intentos de vulnerar la buena fe, destruir el di\u00e1logo y burlarse del esfuerzo y la lucha de nuestras comunidades; nuestras comunidades tomar\u00e1n nuevamente medidas de fuerza y exigir\u00e1n con la misma firmeza el respeto y el trato justo que corresponde a nuestros pueblos.<\/p>\n<p align=\"center\">4 de mayo de 2016<\/p>\n<p align=\"center\">PRONUNCIAMIENTO<\/p>\n<p align=\"center\">[gview file=\u00bbhttp:\/\/derechosinfronteras.pe\/wp-content\/uploads\/2016\/05\/PRONUNCIAMIENTO-4-de-Mayo.pdf\u00bb]<\/p>\n<p style=\"text-align: left;\" align=\"center\"><em><strong>Fuente e im\u00e1gen : PUINAMUDT<\/strong><\/em><\/p>\n","protected":false},"excerpt":{"rendered":"<p>Las federaciones ind\u00edgenas FECONACO, FEDIQUEP, ACODECOSPAT y OPIKAFPE, de las cuencas del r\u00edo Corrientes, Pastaza, Mara\u00f1\u00f3n y Tigre, nos pronunciamos sobre la Resoluci\u00f3n Ministerial 082 \u2013 2016 \u2013 PCM del 15 de abril, la cual conforma el \u201cGrupo de Trabajo encargado de realizar acciones de coordinaci\u00f3n para el desarrollo de la cuenca del Pastaza, Tigre, [&hellip;]<\/p>\n","protected":false},"author":1,"featured_media":5428,"comment_status":"closed","ping_status":"open","sticky":false,"template":"","format":"standard","meta":{"_monsterinsights_skip_tracking":false,"_monsterinsights_sitenote_active":false,"_monsterinsights_sitenote_note":"","_monsterinsights_sitenote_category":0,"_jetpack_memberships_contains_paid_content":false,"footnotes":"","jetpack_publicize_message":"","jetpack_publicize_feature_enabled":true,"jetpack_social_post_already_shared":false,"jetpack_social_options":{"image_generator_settings":{"template":"highway","default_image_id":0,"font":"","enabled":false},"version":2}},"categories":[1],"tags":[],"class_list":["post-5427","post","type-post","status-publish","format-standard","has-post-thumbnail","hentry","category-sin-categoria"],"blocksy_meta":[],"jetpack_publicize_connections":[],"jetpack_featured_media_url":"https:\/\/derechosinfronteras.pe\/wp-content\/uploads\/2016\/05\/apus4cuencas-580x332-1.jpg","jetpack_sharing_enabled":true,"jetpack_likes_enabled":true,"_links":{"self":[{"href":"https:\/\/derechosinfronteras.pe\/ingles\/wp-json\/wp\/v2\/posts\/5427","targetHints":{"allow":["GET"]}}],"collection":[{"href":"https:\/\/derechosinfronteras.pe\/ingles\/wp-json\/wp\/v2\/posts"}],"about":[{"href":"https:\/\/derechosinfronteras.pe\/ingles\/wp-json\/wp\/v2\/types\/post"}],"author":[{"embeddable":true,"href":"https:\/\/derechosinfronteras.pe\/ingles\/wp-json\/wp\/v2\/users\/1"}],"replies":[{"embeddable":true,"href":"https:\/\/derechosinfronteras.pe\/ingles\/wp-json\/wp\/v2\/comments?post=5427"}],"version-history":[{"count":0,"href":"https:\/\/derechosinfronteras.pe\/ingles\/wp-json\/wp\/v2\/posts\/5427\/revisions"}],"wp:featuredmedia":[{"embeddable":true,"href":"https:\/\/derechosinfronteras.pe\/ingles\/wp-json\/wp\/v2\/media\/5428"}],"wp:attachment":[{"href":"https:\/\/derechosinfronteras.pe\/ingles\/wp-json\/wp\/v2\/media?parent=5427"}],"wp:term":[{"taxonomy":"category","embeddable":true,"href":"https:\/\/derechosinfronteras.pe\/ingles\/wp-json\/wp\/v2\/categories?post=5427"},{"taxonomy":"post_tag","embeddable":true,"href":"https:\/\/derechosinfronteras.pe\/ingles\/wp-json\/wp\/v2\/tags?post=5427"}],"curies":[{"name":"wp","href":"https:\/\/api.w.org\/{rel}","templated":true}]}}