{"id":5429,"date":"2016-05-06T11:35:37","date_gmt":"2016-05-06T16:35:37","guid":{"rendered":"http:\/\/derechosinfronteras.pe\/?p=1290"},"modified":"2023-12-28T20:57:38","modified_gmt":"2023-12-29T01:57:38","slug":"region-cajamarca-otorgo-reconocimiento-a-maxima-acuna-por-la-defensa-de-sus-tierras-y-el-medio-ambiente","status":"publish","type":"post","link":"https:\/\/derechosinfronteras.pe\/ingles\/region-cajamarca-otorgo-reconocimiento-a-maxima-acuna-por-la-defensa-de-sus-tierras-y-el-medio-ambiente\/","title":{"rendered":"Regi\u00f3n Cajamarca otorg\u00f3 reconocimiento a M\u00e1xima Acu\u00f1a por la defensa de sus tierras y el medio ambiente"},"content":{"rendered":"<p>El Gobernador Regional de Cajamarca, Porfirio Medina, fue en encargado de condecorar con la medalla de honor a M\u00e1xima Acu\u00f1a, en reconocimiento a su actitud y fuerza para defender y permanecer en sus tierras frente a la empresa minera Yanacocha que las reclama como propiedad.<\/p>\n<p>La m\u00e1xima autoridad regional, dijo que esta condecoraci\u00f3n se le otorga a una mujer luchadora que ha demostrado, a los cajamarquinos, que la lucha por el agua no es equivocada, y que adem\u00e1s la sociedad internacional empieza a reconocerla como una lucha justa.<\/p>\n<p>Esta ceremonia que tuvo lugar en el auditorio del GORE Cajamarca, tambi\u00e9n se realiz\u00f3 para felicitar a M\u00e1xima Acu\u00f1a por haber obtenido el premio Goldman 2016, fundaci\u00f3n internacional que la ha colocado como una l\u00edder social a nivel mundial, debido a su destacada y tenaz defensa del medioambiente.<\/p>\n<p>\u201cPara nosotros es una alegr\u00eda inmensa tener a una cajamarquina y todav\u00eda de un lugar muy apartado, que haya logrado recibir uno de los m\u00e1ximos galardones del planeta\u201d, expres\u00f3 el gobernador regional.<\/p>\n<p>\u201cEsta lucha no es para una sola persona, es para todo el pueblo. Yo confirmo mi resistencia, no como la empresa que me recrimina que soy una mujer que quiere dinero\u2026 Les pido compa\u00f1eros tomar conciencia y seguir en pie de lucha. Porque la cosa m\u00e1s valiosa que Dios nos dio es la tierra y el agua. \u00bfPorque si no hay tierra, si no hay agua qu\u00e9 vida vamos a tener?\u201d, manifest\u00f3 Acu\u00f1a tras recibir la medalla de honor.<\/p>\n<p>https:\/\/www.youtube.com\/watch?v=q2pYmffHY3A<\/p>\n<p><strong>Inversi\u00f3n sin abusos<\/strong><\/p>\n<p>Durante la ceremonia, el gobernador Regional de Cajamarca, Porfirio Medina, asegur\u00f3 ser un un gobernante creyente y promotor de las inversiones privadas., siempre y cuando estas no afecten los derechos de las personas y la vida de los cajamarquinos.<\/p>\n<p>\u201cNunca nos hemos opuesto, ni nos opondremos al capital, a las inversiones, bienvenido sea el capital. Nuestra regi\u00f3n est\u00e1 llena de inversiones y capitales extranjeros; bienvenido sea el capital. No nos oponemos al capital, nos oponemos al abuso\u201d, se\u00f1al\u00f3 al momento de cerrar su discurso.<\/p>\n<p>A su turno M\u00e1xima Acu\u00f1a se\u00f1al\u00f3 que con enfrentamiento librado ante la empresa minera Yanacocha no busca beneficios o dinero alguno.<\/p>\n<p>\u201cYo quisiera decirles que no busco beneficios o dinero, de repente hubiera abandonado mi tierra por un trabajo, por una miseria; lo hago pensando en el pueblo, en el futuro. Pido tomar conciencia y seguir en pie de lucha, por nuestra madre tierra y el agua. Hay que pensar en el futuro\u201d, se\u00f1al\u00f3.<\/p>\n<p>Al t\u00e9rmino de la ceremonia, M\u00e1xima Acu\u00f1a declar\u00f3 a la prensa local y fue consultada sobre el destino que le dar\u00e1 al dinero que recibi\u00f3 como parte de su premiaci\u00f3n por la Fundaci\u00f3n Goldman.<\/p>\n<p>\u201cAun no lo decido bien, debo conversarlo con mi familia. Parte de ese dinero servir\u00e1 para seguir llevando los procesos (judiciales) que mantengo con la empresa y para aquellos que se siguen abriendo en mi contra\u201d, indic\u00f3.<\/p>\n<p>https:\/\/www.youtube.com\/watch?v=7Rjl2EmV5ns<\/p>\n<p><strong>DATO<\/strong><\/p>\n<p>La Medalla de Honor de la Regi\u00f3n Cajamarca es la m\u00e1s alta condecoraci\u00f3n que se otorga solo a aquellos personas naturales y jur\u00eddicas que se distinguen de manera excepcional por su labor cultural, cient\u00edfica, tecnol\u00f3gica, social, deportiva, art\u00edstica en favor del desarrollo de la regi\u00f3n Cajamarca.<\/p>\n<p><em><strong>Fuente: Red Muqui.<\/strong><\/em><\/p>\n<p><em><strong>Foto: Captura YouTube de Portafolio Period\u00edstico<\/strong><\/em><\/p>\n<p><em><strong>VIDEOS: Portafolio Period\u00edstico \/ Enlace regional<\/strong><\/em><\/p>","protected":false},"excerpt":{"rendered":"<p>El Gobernador Regional de Cajamarca, Porfirio Medina, fue en encargado de condecorar con la medalla de honor a M\u00e1xima Acu\u00f1a, en reconocimiento a su actitud y fuerza para defender y permanecer en sus tierras frente a la empresa minera Yanacocha que las reclama como propiedad. La m\u00e1xima autoridad regional, dijo que esta condecoraci\u00f3n se le [&hellip;]<\/p>\n","protected":false},"author":1,"featured_media":5430,"comment_status":"closed","ping_status":"open","sticky":false,"template":"","format":"standard","meta":{"_monsterinsights_skip_tracking":false,"_monsterinsights_sitenote_active":false,"_monsterinsights_sitenote_note":"","_monsterinsights_sitenote_category":0,"_jetpack_memberships_contains_paid_content":false,"footnotes":"","jetpack_publicize_message":"","jetpack_publicize_feature_enabled":true,"jetpack_social_post_already_shared":false,"jetpack_social_options":{"image_generator_settings":{"template":"highway","default_image_id":0,"font":"","enabled":false},"version":2}},"categories":[1],"tags":[],"class_list":["post-5429","post","type-post","status-publish","format-standard","has-post-thumbnail","hentry","category-sin-categoria"],"blocksy_meta":[],"jetpack_publicize_connections":[],"jetpack_featured_media_url":"https:\/\/derechosinfronteras.pe\/wp-content\/uploads\/2016\/05\/maximaGORE.png","jetpack_sharing_enabled":true,"jetpack_likes_enabled":true,"_links":{"self":[{"href":"https:\/\/derechosinfronteras.pe\/ingles\/wp-json\/wp\/v2\/posts\/5429","targetHints":{"allow":["GET"]}}],"collection":[{"href":"https:\/\/derechosinfronteras.pe\/ingles\/wp-json\/wp\/v2\/posts"}],"about":[{"href":"https:\/\/derechosinfronteras.pe\/ingles\/wp-json\/wp\/v2\/types\/post"}],"author":[{"embeddable":true,"href":"https:\/\/derechosinfronteras.pe\/ingles\/wp-json\/wp\/v2\/users\/1"}],"replies":[{"embeddable":true,"href":"https:\/\/derechosinfronteras.pe\/ingles\/wp-json\/wp\/v2\/comments?post=5429"}],"version-history":[{"count":2,"href":"https:\/\/derechosinfronteras.pe\/ingles\/wp-json\/wp\/v2\/posts\/5429\/revisions"}],"predecessor-version":[{"id":7157,"href":"https:\/\/derechosinfronteras.pe\/ingles\/wp-json\/wp\/v2\/posts\/5429\/revisions\/7157"}],"wp:featuredmedia":[{"embeddable":true,"href":"https:\/\/derechosinfronteras.pe\/ingles\/wp-json\/wp\/v2\/media\/5430"}],"wp:attachment":[{"href":"https:\/\/derechosinfronteras.pe\/ingles\/wp-json\/wp\/v2\/media?parent=5429"}],"wp:term":[{"taxonomy":"category","embeddable":true,"href":"https:\/\/derechosinfronteras.pe\/ingles\/wp-json\/wp\/v2\/categories?post=5429"},{"taxonomy":"post_tag","embeddable":true,"href":"https:\/\/derechosinfronteras.pe\/ingles\/wp-json\/wp\/v2\/tags?post=5429"}],"curies":[{"name":"wp","href":"https:\/\/api.w.org\/{rel}","templated":true}]}}