{"id":5433,"date":"2016-05-05T16:39:17","date_gmt":"2016-05-05T21:39:17","guid":{"rendered":"http:\/\/derechosinfronteras.pe\/?p=1280"},"modified":"2016-05-05T16:39:17","modified_gmt":"2016-05-05T21:39:17","slug":"fiscalia-superior-de-piura-ordeno-acusacion-contra-tres-policias-por-homicidio-y-lesiones-graves-en-agravio-de-comuneros-de-huancabamba","status":"publish","type":"post","link":"https:\/\/derechosinfronteras.pe\/ingles\/fiscalia-superior-de-piura-ordeno-acusacion-contra-tres-policias-por-homicidio-y-lesiones-graves-en-agravio-de-comuneros-de-huancabamba\/","title":{"rendered":"Fiscal\u00eda Superior de Piura orden\u00f3 acusaci\u00f3n contra tres polic\u00edas por homicidio y lesiones graves en agravio de comuneros de Huancabamba"},"content":{"rendered":"<ul>\n<li><em>De esta forma se impide solicitud de archivamiento por parte de Fiscal\u00eda Provincial<\/em><\/li>\n<\/ul>\n<p>La Segunda Fiscal\u00eda Superior Penal de Piura (Disposici\u00f3n No. 33) dispuso que se formule la acusaci\u00f3n fiscal contra tres efectivos policiales por los delitos de homicidio, en agravio de dos campesinos, as\u00ed como por lesiones graves contra otros cinco que pertenecen a las comunidades de Segunda y Cajas (Huancabamba, Piura).<\/p>\n<p>Los efectivos policiales: Carlos Edilberto Rosales Ruiz, Jos\u00e9 Eligio Coba Requena y Edgar Eduardo Torres Guzm\u00e1n han sido acusados de haber cometido homicidio en agravio de Vicente Romero Ram\u00edrez y C\u00e1stulo Correa Huayama, adem\u00e1s de tentativa de homicidio contra los campesinos: Palem\u00f3n Tocto Pe\u00f1a, Joaqu\u00edn Ram\u00edrez Guevara, Eulalia Romero Ram\u00edrez, Rogelio Rojas Togas y Jos\u00e9 Ram\u00edrez Guevara.<\/p>\n<p>\u201cDe lo anterior se puede afirmar que s\u00ed existen elementos de convicci\u00f3n que ameritan la emisi\u00f3n de un requerimiento acusatorio (\u2026) por lo tanto, los argumentos antes expuestos permiten afirmar que la decisi\u00f3n adoptada por el fiscal provincial (Primera Fiscal\u00eda Provincial Mixta Corporativa de Huancabamba) no es la adecuada; por lo que corresponde rectificar la misma\u201d, se\u00f1ala la disposici\u00f3n del Fiscal Superior.<\/p>\n<p>De esta manera, este despacho fiscal desestim\u00f3 el requerimiento de archivamiento \u00a0(sobreseimiento) presentado por la Primera Fiscal\u00eda Provincial Mixta Corporativa de Huancabamba, y declar\u00f3 fundada la oposici\u00f3n interpuesta por la defensa de las v\u00edctimas.<\/p>\n<p>Anteriormente la Primera Fiscal\u00eda Provincial inici\u00f3 una investigaci\u00f3n en contra de los campesinos por \u201chaber causado lesiones a los polic\u00edas y da\u00f1os a sus veh\u00edculos\u201d; sin embargo, los abogados de Fundaci\u00f3n Ecum\u00e9nica para el Desarrollo y la Paz (FEDEPAZ) asumieron la defensa de los campesinos y lograron acreditar que ellos eran las v\u00edctimas. Es as\u00ed que el 30 de diciembre de 2010 la Fiscal\u00eda decidi\u00f3 formalizar el inicio de una investigaci\u00f3n preparatoria contra los 3 citados polic\u00edas, imput\u00e1ndoles el homicidio y las lesiones graves a los campesinos.<\/p>\n<p>\u201cEl objetivo de este proceso es que se establezca la verdad de hechos. Los efectivos policiales dispararon por la espalda a dos campesinos que finalmente fallecieron. Adem\u00e1s de causaron graves lesiones a otros cinco comuneros, de los cuales, uno tuvo que ser amputado de una pierna para que pueda sobrevivir\u201d, record\u00f3 el abogado defensor de los agraviados, David Velasco.<\/p>\n<p>Culminada la investigaci\u00f3n preparatoria y a pesar de las pruebas que acreditaban la responsabilidad penal de los efectivos policiales investigados, la Primera Fiscal\u00eda Provincial solicit\u00f3 al Primer Juzgado de Investigaci\u00f3n Preparatoria de Huancabamba el archivamiento de dicha investigaci\u00f3n penal. En respuesta, la defensa legal de los campesinos formul\u00f3 oposici\u00f3n por escrito de manera oral en Audiencia correspondiente. Despu\u00e9s de evaluar, el Juzgado decidi\u00f3 elevar el expediente en consulta al Fiscal Superior, quien resolvi\u00f3 ordenar que el Fiscal Provincial proceda a formular acusaci\u00f3n fiscal contra los efectivos policiales que son investigados.<\/p>\n<p><strong>Recuento del caso Huancabamba<\/strong><\/p>\n<p>El 2 de diciembre del a\u00f1o 2009, un grupo aproximado de 30 polic\u00edas utilizaron armas de fuego para \u00a0reprimieron violentamente a un grupo de campesinos en el Sector de Cajas Canchaque de la comunidad Segunda y Cajas (provincia de Huancabamba, Regi\u00f3n Piura).<\/p>\n<p>Los comuneros hab\u00edan increpado a los efectivos por ingresar a sus tierras sin la debida autorizaci\u00f3n comunal. En esas circunstancias, los efectivos policiales optaron por reprimirlos con disparos, en lugar de actuar con prudencia y promover un di\u00e1logo con los campesinos que defend\u00edan su derecho a la inviolabilidad de sus tierras. De esta forma causaron la muerte de dos campesinos e hirieron de gravedad a otros cinco 5 campesinos.<\/p>\n<p>FEDEPAZ expres\u00f3 su satisfacci\u00f3n respecto a la decisi\u00f3n de la Segunda Fiscal\u00eda Superior Penal de Piura, y dijo confiar en que los graves cr\u00edmenes cometidos por los se\u00f1alados efectivos policiales no quedar\u00e1n impunes.<\/p>\n<p>\u201cSi un caso como \u00e9ste queda en la impunidad, pese a las pruebas irrefutables de la muerte y agresi\u00f3n de campesinos que hac\u00edan uso de su leg\u00edtimo derecho a protestar en defensa de sus derechos comunales, \u00bfQu\u00e9 otras v\u00edctimas de casos similares podr\u00edan tener la esperanza de encontrar justicia en las autoridades peruanas?\u201d, finaliz\u00f3 David Velazco, parte del equipo de defensa legal de FEDEPAZ.<\/p>\n<p><strong><em>Fuente: FEDEPAZ<\/em><\/strong><\/p>\n<p><em><strong>Foto: elpolvorin.over<\/strong><\/em><\/p>","protected":false},"excerpt":{"rendered":"<p>De esta forma se impide solicitud de archivamiento por parte de Fiscal\u00eda Provincial La Segunda Fiscal\u00eda Superior Penal de Piura (Disposici\u00f3n No. 33) dispuso que se formule la acusaci\u00f3n fiscal contra tres efectivos policiales por los delitos de homicidio, en agravio de dos campesinos, as\u00ed como por lesiones graves contra otros cinco que pertenecen a [&hellip;]<\/p>\n","protected":false},"author":1,"featured_media":5434,"comment_status":"closed","ping_status":"open","sticky":false,"template":"","format":"standard","meta":{"_monsterinsights_skip_tracking":false,"_monsterinsights_sitenote_active":false,"_monsterinsights_sitenote_note":"","_monsterinsights_sitenote_category":0,"_jetpack_memberships_contains_paid_content":false,"footnotes":"","jetpack_publicize_message":"","jetpack_publicize_feature_enabled":true,"jetpack_social_post_already_shared":false,"jetpack_social_options":{"image_generator_settings":{"template":"highway","default_image_id":0,"font":"","enabled":false},"version":2}},"categories":[1],"tags":[],"class_list":["post-5433","post","type-post","status-publish","format-standard","has-post-thumbnail","hentry","category-sin-categoria"],"blocksy_meta":[],"jetpack_publicize_connections":[],"jetpack_featured_media_url":"https:\/\/derechosinfronteras.pe\/wp-content\/uploads\/2016\/05\/huancabamba.jpg","jetpack_sharing_enabled":true,"jetpack_likes_enabled":true,"_links":{"self":[{"href":"https:\/\/derechosinfronteras.pe\/ingles\/wp-json\/wp\/v2\/posts\/5433","targetHints":{"allow":["GET"]}}],"collection":[{"href":"https:\/\/derechosinfronteras.pe\/ingles\/wp-json\/wp\/v2\/posts"}],"about":[{"href":"https:\/\/derechosinfronteras.pe\/ingles\/wp-json\/wp\/v2\/types\/post"}],"author":[{"embeddable":true,"href":"https:\/\/derechosinfronteras.pe\/ingles\/wp-json\/wp\/v2\/users\/1"}],"replies":[{"embeddable":true,"href":"https:\/\/derechosinfronteras.pe\/ingles\/wp-json\/wp\/v2\/comments?post=5433"}],"version-history":[{"count":0,"href":"https:\/\/derechosinfronteras.pe\/ingles\/wp-json\/wp\/v2\/posts\/5433\/revisions"}],"wp:featuredmedia":[{"embeddable":true,"href":"https:\/\/derechosinfronteras.pe\/ingles\/wp-json\/wp\/v2\/media\/5434"}],"wp:attachment":[{"href":"https:\/\/derechosinfronteras.pe\/ingles\/wp-json\/wp\/v2\/media?parent=5433"}],"wp:term":[{"taxonomy":"category","embeddable":true,"href":"https:\/\/derechosinfronteras.pe\/ingles\/wp-json\/wp\/v2\/categories?post=5433"},{"taxonomy":"post_tag","embeddable":true,"href":"https:\/\/derechosinfronteras.pe\/ingles\/wp-json\/wp\/v2\/tags?post=5433"}],"curies":[{"name":"wp","href":"https:\/\/api.w.org\/{rel}","templated":true}]}}