{"id":5443,"date":"2016-05-04T11:24:46","date_gmt":"2016-05-04T16:24:46","guid":{"rendered":"http:\/\/derechosinfronteras.pe\/?p=1264"},"modified":"2023-12-28T20:57:51","modified_gmt":"2023-12-29T01:57:51","slug":"hace-4-anos-que-el-tc-no-resuelve-demanda-de-amparo-que-comunidad-la-arboleda-presento-contra-concesiones-mineras","status":"publish","type":"post","link":"https:\/\/derechosinfronteras.pe\/ingles\/hace-4-anos-que-el-tc-no-resuelve-demanda-de-amparo-que-comunidad-la-arboleda-presento-contra-concesiones-mineras\/","title":{"rendered":"Hace 4 a\u00f1os que el TC no resuelve demanda de amparo que Comunidad La Arboleda present\u00f3 contra concesiones mineras"},"content":{"rendered":"<p>EN PUNO<\/p>\n<ul>\n<li><em>Estado otorg\u00f3 en concesi\u00f3n el 100% de sus territorios y omiti\u00f3 aplicaci\u00f3n de consulta previa<\/em><\/li>\n<li><em>Seg\u00fan c\u00f3digo procesal del TC, resoluci\u00f3n de este caso debi\u00f3 salir en menos de una semana<\/em><\/li>\n<\/ul>\n<p>La comunidad campesina La Arboleda (distritos de Tiquillaca y Atuncolla, Puno), lleva esperando cuatro a\u00f1os para que el Tribunal Constitucional (TC) resuelva la demanda de amparo que presentaron por omisi\u00f3n de consulta previa luego que el Estado otorgara el 100% de sus territorios a concesiones mineras, sostuvo el abogado de Derechos Humanos y Medio Ambiente (DHUMA) y representante legal, Rodrigo Lauracio.<\/p>\n<p>En ese sentido, el defensor legal de La Arboleda indic\u00f3 en Ideeleradio que las comunidades demandantes comprenden que la v\u00eda legal de proceso constitucional tiene una demora; sin embargo, el TC despu\u00e9s de revisar la causa, debi\u00f3 resolver en un m\u00e1ximo de cinco d\u00edas, seg\u00fan lo preceptuado en el C\u00f3digo Procesal Constitucional.<\/p>\n<p>\u201cEl TC no resuelve y ya han pasado cuatro a\u00f1os. Nosotros desde aqu\u00ed exhortamos para que se resuelva esta causa. Este no es el \u00fanico caso, tambi\u00e9n tenemos el caso de La Arboleda de San Jos\u00e9 de Llungo del distrito de Atuncolla, que tambi\u00e9n lleva esperando desde el 2014\u201d, refiri\u00f3 Lauracio.<\/p>\n<p>Por su parte, la dirigente de la Comunidad Arboleda, Zenobia Cruz, que present\u00f3 la demanda de amparo ante el TC exigi\u00f3 celeridad.<\/p>\n<p>\u201cYo le pedir\u00eda al TC resuelva estos casos, no entendemos por qu\u00e9 demora. Yo, cuando regrese a m\u00ed comunidad campesina La Arboleda del distrito de Tiquillaca, la gente va a pensar que les ment\u00ed, porque han pasado cuatro a\u00f1os y todav\u00eda no tenemos una soluci\u00f3n, yo le pido al TC que falle pronto a favor de nosotros\u201d, solicit\u00f3 en entrevista con Ideeleradio.<\/p>\n<p>Con el caso de La Arboleda, se logr\u00f3 denunciar la existencia de pol\u00edticas p\u00fablicas que niegan derechos, as\u00ed como la ausencia de pol\u00edticas de protecci\u00f3n de derechos de sectores de la poblaci\u00f3n. Ello, a trav\u00e9s del reclamo de un sector de la poblaci\u00f3n vulnerado en sus derechos humanos y territoriales, ya que el Estado hab\u00eda otorgado en concesi\u00f3n el 100% de sus tierras a favor de empresas mineras.<\/p>\n<p>En di\u00e1logo con RED MUQUI, Rodrigo Lauracio de DHUMA, record\u00f3 que la Comunidad La Arboleda interpuso una acci\u00f3n de amparo en setiembre del 2011, por afectaci\u00f3n a la consulta previa, al derecho al territorio, a los recursos naturales, al agua y otros derechos contemplados.<\/p>\n<p>VIDEO:\u00a0https:\/\/youtu.be\/xe-5W6lTBCE<\/p>\n<p>Ante esta situaci\u00f3n, las comunidades campesinas decidieron organizarse y presentar varias demandas contra Ministerio de Energ\u00eda y Minas (MEMO) y el Instituto Geol\u00f3gico, Minero y Metal\u00fargico &#8211; INGEMMET, adem\u00e1s de solicitar al juez, la realizaci\u00f3n de un proceso de consulta previa, respecto a las concesiones mineras que estaban en sus territorios. De igual modo, las concesiones mineras fueron revocadas en Puno tras la presentaci\u00f3n de la demanda de amparo por omisi\u00f3n del derecho a la consulta previa.<\/p>\n<p>En respuesta, las concesiones quedaron sin efecto, luego que los titulares de las mismas no renovaran el pago por derecho de vigencia.<\/p>\n<p><strong>DATOS<\/strong><\/p>\n<ul>\n<li>Se trata de las demandas presentadas primero por la comunidad Arboleda del distrito de Tiquillaca, luego por la comunidad San Jos\u00e9 de Llungo del distrito de Atuncolla y en tercer lugar por 11 comunidades campesinas de todo el distrito de Atuncolla de la regi\u00f3n Puno.<\/li>\n<li>Las comunidades del distrito de Atuncolla no solo defend\u00edan sus tierras y los recursos naturales de estas, sino el \u00edntegro del complejo arqueol\u00f3gico de Sillustani.<\/li>\n<li>Seg\u00fan DHUMA, hasta el 2011 el 39% del territorio pune\u00f1o fue otorgado en concesiones<\/li>\n<\/ul>\n<p><strong><em>Fuente: Justicia Viva \/ Ideeleradio<\/em><\/strong><\/p>\n<p><strong><em>Video \/ Foto: Comunicaciones RED MUQUI<\/em><\/strong><\/p>","protected":false},"excerpt":{"rendered":"<p>EN PUNO Estado otorg\u00f3 en concesi\u00f3n el 100% de sus territorios y omiti\u00f3 aplicaci\u00f3n de consulta previa Seg\u00fan c\u00f3digo procesal del TC, resoluci\u00f3n de este caso debi\u00f3 salir en menos de una semana La comunidad campesina La Arboleda (distritos de Tiquillaca y Atuncolla, Puno), lleva esperando cuatro a\u00f1os para que el Tribunal Constitucional (TC) resuelva [&hellip;]<\/p>\n","protected":false},"author":1,"featured_media":5444,"comment_status":"closed","ping_status":"open","sticky":false,"template":"","format":"standard","meta":{"_monsterinsights_skip_tracking":false,"_monsterinsights_sitenote_active":false,"_monsterinsights_sitenote_note":"","_monsterinsights_sitenote_category":0,"_jetpack_memberships_contains_paid_content":false,"footnotes":"","jetpack_publicize_message":"","jetpack_publicize_feature_enabled":true,"jetpack_social_post_already_shared":false,"jetpack_social_options":{"image_generator_settings":{"template":"highway","default_image_id":0,"font":"","enabled":false},"version":2}},"categories":[1],"tags":[],"class_list":["post-5443","post","type-post","status-publish","format-standard","has-post-thumbnail","hentry","category-sin-categoria"],"blocksy_meta":[],"jetpack_publicize_connections":[],"jetpack_featured_media_url":"https:\/\/derechosinfronteras.pe\/wp-content\/uploads\/2016\/05\/relatora3.jpg","jetpack_sharing_enabled":true,"jetpack_likes_enabled":true,"_links":{"self":[{"href":"https:\/\/derechosinfronteras.pe\/ingles\/wp-json\/wp\/v2\/posts\/5443","targetHints":{"allow":["GET"]}}],"collection":[{"href":"https:\/\/derechosinfronteras.pe\/ingles\/wp-json\/wp\/v2\/posts"}],"about":[{"href":"https:\/\/derechosinfronteras.pe\/ingles\/wp-json\/wp\/v2\/types\/post"}],"author":[{"embeddable":true,"href":"https:\/\/derechosinfronteras.pe\/ingles\/wp-json\/wp\/v2\/users\/1"}],"replies":[{"embeddable":true,"href":"https:\/\/derechosinfronteras.pe\/ingles\/wp-json\/wp\/v2\/comments?post=5443"}],"version-history":[{"count":1,"href":"https:\/\/derechosinfronteras.pe\/ingles\/wp-json\/wp\/v2\/posts\/5443\/revisions"}],"predecessor-version":[{"id":7159,"href":"https:\/\/derechosinfronteras.pe\/ingles\/wp-json\/wp\/v2\/posts\/5443\/revisions\/7159"}],"wp:featuredmedia":[{"embeddable":true,"href":"https:\/\/derechosinfronteras.pe\/ingles\/wp-json\/wp\/v2\/media\/5444"}],"wp:attachment":[{"href":"https:\/\/derechosinfronteras.pe\/ingles\/wp-json\/wp\/v2\/media?parent=5443"}],"wp:term":[{"taxonomy":"category","embeddable":true,"href":"https:\/\/derechosinfronteras.pe\/ingles\/wp-json\/wp\/v2\/categories?post=5443"},{"taxonomy":"post_tag","embeddable":true,"href":"https:\/\/derechosinfronteras.pe\/ingles\/wp-json\/wp\/v2\/tags?post=5443"}],"curies":[{"name":"wp","href":"https:\/\/api.w.org\/{rel}","templated":true}]}}