{"id":5445,"date":"2016-05-03T09:41:26","date_gmt":"2016-05-03T14:41:26","guid":{"rendered":"http:\/\/derechosinfronteras.pe\/?p=1260"},"modified":"2016-05-03T09:41:26","modified_gmt":"2016-05-03T14:41:26","slug":"sociedad-civil-peruana-dio-informe-a-relatora-onu-sobre-situacion-de-derechos-de-los-pueblos-indigenas","status":"publish","type":"post","link":"https:\/\/derechosinfronteras.pe\/ingles\/sociedad-civil-peruana-dio-informe-a-relatora-onu-sobre-situacion-de-derechos-de-los-pueblos-indigenas\/","title":{"rendered":"Sociedad Civil peruana dio informe a relatora ONU sobre situaci\u00f3n de derechos de los Pueblos Ind\u00edgenas"},"content":{"rendered":"<p>EN LIMA<\/p>\n<ul>\n<li><em>Grupo de Trabajo sobre Pueblos Ind\u00edgenas de la CNDDHH concret\u00f3 importante reuni\u00f3n con exposici\u00f3n de casos<\/em><\/li>\n<li><em>Relatora Victoria Tauli-Corpuz prepara un nuevo informe sobre Pueblos Ind\u00edgenas que ser\u00e1 presentado en setiembre de este a\u00f1o<\/em><\/li>\n<\/ul>\n<p>La Relatora de Naciones Unidas para los Pueblos Ind\u00edgenas, Victoria Tauli-Corpuz, se reuni\u00f3 con el Grupo de Trabajo sobre Pueblos Ind\u00edgenas de la Coordinadora Nacional de Derecho Humanos (CNDDHH), y recibi\u00f3 un informe sobre la situaci\u00f3n de afectaci\u00f3n de derechos de las poblaciones ind\u00edgenas en base a una serie de casos.<\/p>\n<p>En reuni\u00f3n que tom\u00f3 dos d\u00edas (mi\u00e9rcoles 27 y jueves 28), organizaciones de la sociedad civil, entre ellas RED MUQUI, presentaron ante la funcionaria de la ONU, c\u00f3mo es que los derechos de las poblaciones ind\u00edgenas son vulnerados por efecto de las inversiones extractivas, inversiones en infraestructura y tambi\u00e9n por decisiones del Estado, a trav\u00e9s de normativas que no contemplan el cumplimiento del convenio 169 de la OIT.<\/p>\n<p>Victoria Tauli-Corpuz, Relatora Especial ONU, refiri\u00f3 que ante el desconocimiento que tienen los pueblos ind\u00edgenas sobre las inversiones que van a impactar sus territorios y los tratados internacionales que los afectar\u00e1n,\u00a0 les ha recomendado enterarse de los contenidos de dichas acciones para afirmar mejor sus derechos.<\/p>\n<p><strong>Situaci\u00f3n de la consulta previa en miner\u00eda<\/strong><\/p>\n<p>Una de las mayores preocupaciones que fueron expuestas ante relatora, fue el de la situaci\u00f3n de la consulta previa respecto a proyectos mineros en el Per\u00fa. El Secretario Ejecutivo de la RED MUQUI, Javier Jahncke, fue quien expuso sobre el proceso de consulta previa que inicia con el otorgamiento de una concesi\u00f3n minera, por parte del Estado. La relatora Tauli-Corpuz tuvo conocimiento que las partes involucradas \u2013en este proceso\u2013 son el Estado (administrador de todos los bienes) y la empresa concesionarias, las empresas mineras en este caso.<\/p>\n<p>\u201cEl problema de fondo radica en que nadie m\u00e1s es parte del proceso administrativo, los dem\u00e1s actores como: gobiernos regionales, gobiernos locales, comunidades campesinas o nativas y la poblaci\u00f3n en general, solo son informados de las decisiones que se toman\u201d, se\u00f1al\u00f3 Jahncke ante los relatores de la ONU.<\/p>\n<p>De igual modo, el representante de la RED MUQUI explic\u00f3 a la relatora que, tanto el Estado como la empresa concesionaria, realiza talleres informativos para presentar los Estudios de Impacto Ambiental (EIA), los cuales son dirigidos por ingenieros y abogados, quienes utilizan un lenguaje t\u00e9cnico que las comunidades campesinas no manejan.<\/p>\n<p>\u201cLa presencia de las comunidades, le es suficiente \u2013a la empresa y al Estado- para asegurar que la poblaci\u00f3n ha recibido informaci\u00f3n suficiente como participar en una audiencia p\u00fablica posterior y exponer puntos de vista orientados a mejorar el proyecto, pero no para cuestionarlo\u201d, puntualiz\u00f3 Javier Jahncke.<\/p>\n<p>En ese sentido, el Secretario Ejecutivo de RED MUQUI, remarc\u00f3 que en este proceso de consulta, la posici\u00f3n de las comunidades no tiene incidencia sobre la viabilidad del proyecto, ya que la decisi\u00f3n es tomada solo por el Estado y la empresa que solicita la concesi\u00f3n.<\/p>\n<p>\u201cSeg\u00fan las normas del sector la consulta previa se realizar\u00eda despu\u00e9s de la aprobaci\u00f3n de los EIA y de todas las autorizaciones necesarias para que las actividades extractivas inicien. Por lo tanto, no se consulta sobre ninguna resoluci\u00f3n que involucre la realizaci\u00f3n del proyecto, la consulta previa se realiza en dos momentos en los que no se puede decidir nada\u201d, finaliz\u00f3.<\/p>\n<p>Luego de culminadas las exposiciones, Tauli-Corpuz, salud\u00f3 que la Sociedad Civil peruana mantenga una elaboraci\u00f3n de reportes e informes que monitorean el cumplimiento de la ley y procesos de consulta previa en el Per\u00fa, y los consider\u00f3 como insumos necesarios para aquellos funcionarios designados por el Estado en los procesos de di\u00e1logo con comunidades ind\u00edgenas.<\/p>\n<p>\u00abCreo que los reportes e informes que est\u00e1n siendo trabajados por la sociedad civil, sobre consulta, pueden llegar a\u00a0 ser un elemento importante en los procesos de di\u00e1logo, al exponer las violaciones al convenio 169\u201d, indic\u00f3 Tauli-Corpuz al Grupo de Trabajo sobre Pueblos Ind\u00edgenas.<\/p>\n<p><strong>Se viene un nuevo informe<\/strong><\/p>\n<p>La comisionada por la ONU sobre Pueblos Ind\u00edgenas, destac\u00f3 la importancia de que las comunidades puedan decir s\u00ed o no, a las inversiones que se realizar\u00e1n en sus territorios, as\u00ed como de la aprobaci\u00f3n de salvaguardas ambientales y de derechos humanos, por parte del Estado. En ese sentido, la relatora recomend\u00f3 que los inversionistas sean transparentes en sus prop\u00f3sitos y las negociaciones deben hacerse de manera p\u00fablica para que los ciudadanos tengan la posibilidad de intervenir y hacer estudios de impactos en los derechos humanos.<\/p>\n<p>Victoria Tauli-Corpuz, anunci\u00f3 que en setiembre de este a\u00f1o presentar\u00e1 un informe referido a Pueblos Ind\u00edgenas. Cabe recordar que la relatora elabor\u00f3 el informe <strong>\u00abRepercusiones de las inversiones internacionales y el libre comercio sobre los derechos humanos de los pueblos ind\u00edgenas, Informe a la Asamblea General, 2015\u00bb<\/strong>, el mismo que fue presentado a la 70\u00aa sesi\u00f3n de la Asamblea General de ONU.<\/p>\n<p>\u201cLos pueblos ind\u00edgenas son las poblaciones m\u00e1s vulnerables y no queremos que se agrave la pobreza, la desigualdad y la degradaci\u00f3n ambiental. Por esto tenemos el mandato de protegerlos, indic\u00f3\u201d.<\/p>\n<p><strong>DATOS<\/strong><\/p>\n<ul>\n<li>Victoria Tauli-Corpuz, Relatora Especial de la ONU sobre los Derechos de los Pueblos Ind\u00edgenas, Baskut Tuncak, Relator Especial sobre Residuos T\u00f3xicos, tambi\u00e9n de la ONU, y Francisco Eguiguren, Relator de la CIDH sobre Derechos de los Pueblos Ind\u00edgenas, llegaron a Lima para participar en un foro p\u00fablico, para analizar los alcances y las posibles afectaciones que sufrir\u00edan los pueblos ind\u00edgenas del Per\u00fa y de otras 11 pa\u00edses, por el Acuerdo Estrat\u00e9gico Transpac\u00edfico de Asociaci\u00f3n Econ\u00f3mica (TPP).<\/li>\n<\/ul>\n<p><a href=\"http:\/\/derechosinfronteras.pe\/wp-content\/uploads\/2016\/05\/relatora1.jpg\" rel=\"attachment wp-att-1261\"><img fetchpriority=\"high\" decoding=\"async\" class=\"aligncenter size-full wp-image-1261\" src=\"http:\/\/derechosinfronteras.pe\/wp-content\/uploads\/2016\/05\/relatora1.jpg\" alt=\"relatora1\" width=\"667\" height=\"500\" \/><\/a><\/p>\n<p><strong><em>Fotos: Comunicaciones RED MUQUI<\/em><\/strong><\/p>","protected":false},"excerpt":{"rendered":"<p>EN LIMA Grupo de Trabajo sobre Pueblos Ind\u00edgenas de la CNDDHH concret\u00f3 importante reuni\u00f3n con exposici\u00f3n de casos Relatora Victoria Tauli-Corpuz prepara un nuevo informe sobre Pueblos Ind\u00edgenas que ser\u00e1 presentado en setiembre de este a\u00f1o La Relatora de Naciones Unidas para los Pueblos Ind\u00edgenas, Victoria Tauli-Corpuz, se reuni\u00f3 con el Grupo de Trabajo sobre [&hellip;]<\/p>\n","protected":false},"author":1,"featured_media":5446,"comment_status":"closed","ping_status":"open","sticky":false,"template":"","format":"standard","meta":{"_monsterinsights_skip_tracking":false,"_monsterinsights_sitenote_active":false,"_monsterinsights_sitenote_note":"","_monsterinsights_sitenote_category":0,"_jetpack_memberships_contains_paid_content":false,"footnotes":"","jetpack_publicize_message":"","jetpack_publicize_feature_enabled":true,"jetpack_social_post_already_shared":false,"jetpack_social_options":{"image_generator_settings":{"template":"highway","default_image_id":0,"font":"","enabled":false},"version":2}},"categories":[1],"tags":[],"class_list":["post-5445","post","type-post","status-publish","format-standard","has-post-thumbnail","hentry","category-sin-categoria"],"blocksy_meta":[],"jetpack_publicize_connections":[],"jetpack_featured_media_url":"https:\/\/derechosinfronteras.pe\/wp-content\/uploads\/2016\/05\/relatora2.jpg","jetpack_sharing_enabled":true,"jetpack_likes_enabled":true,"_links":{"self":[{"href":"https:\/\/derechosinfronteras.pe\/ingles\/wp-json\/wp\/v2\/posts\/5445","targetHints":{"allow":["GET"]}}],"collection":[{"href":"https:\/\/derechosinfronteras.pe\/ingles\/wp-json\/wp\/v2\/posts"}],"about":[{"href":"https:\/\/derechosinfronteras.pe\/ingles\/wp-json\/wp\/v2\/types\/post"}],"author":[{"embeddable":true,"href":"https:\/\/derechosinfronteras.pe\/ingles\/wp-json\/wp\/v2\/users\/1"}],"replies":[{"embeddable":true,"href":"https:\/\/derechosinfronteras.pe\/ingles\/wp-json\/wp\/v2\/comments?post=5445"}],"version-history":[{"count":0,"href":"https:\/\/derechosinfronteras.pe\/ingles\/wp-json\/wp\/v2\/posts\/5445\/revisions"}],"wp:featuredmedia":[{"embeddable":true,"href":"https:\/\/derechosinfronteras.pe\/ingles\/wp-json\/wp\/v2\/media\/5446"}],"wp:attachment":[{"href":"https:\/\/derechosinfronteras.pe\/ingles\/wp-json\/wp\/v2\/media?parent=5445"}],"wp:term":[{"taxonomy":"category","embeddable":true,"href":"https:\/\/derechosinfronteras.pe\/ingles\/wp-json\/wp\/v2\/categories?post=5445"},{"taxonomy":"post_tag","embeddable":true,"href":"https:\/\/derechosinfronteras.pe\/ingles\/wp-json\/wp\/v2\/tags?post=5445"}],"curies":[{"name":"wp","href":"https:\/\/api.w.org\/{rel}","templated":true}]}}