{"id":5448,"date":"2016-05-02T10:40:21","date_gmt":"2016-05-02T15:40:21","guid":{"rendered":"http:\/\/derechosinfronteras.pe\/?p=1255"},"modified":"2016-05-02T10:40:21","modified_gmt":"2016-05-02T15:40:21","slug":"foro-contaminacion-sin-remediacion-impactos-socioambientales-en-el-lote-192-y-los-derechos-indigenas","status":"publish","type":"post","link":"https:\/\/derechosinfronteras.pe\/ingles\/foro-contaminacion-sin-remediacion-impactos-socioambientales-en-el-lote-192-y-los-derechos-indigenas\/","title":{"rendered":"Foro: Contaminaci\u00f3n sin Remediaci\u00f3n: Impactos Socioambientales en el Lote 192 y los Derechos Ind\u00edgenas."},"content":{"rendered":"<p>La Federaci\u00f3n Ind\u00edgena Quechua del Pastaza (FEDIQUEP); la Federaci\u00f3n de Comunidades Nativas del Rio Corrientes (FECONACO); la Asociaci\u00f3n Cocama de Desarrollo y Conservaci\u00f3n San Pablo de Tipishca (ACODECOSPAT),\u00a0 la Organizaci\u00f3n de Pueblos Ind\u00edgenas Kichuas, Amaz\u00f3nicos Fronterizos del Per\u00fa y Ecuador (OPIKAFPE); los Pueblos Ind\u00edgenas Amaz\u00f3nicos Unidos en Defensa de sus Territorios (PUINAMUDT); el Centro de Pol\u00edticas Publicas y Derechos Humanos \u2013 EQUIDAD, y OXFAM, invitan al foro:<\/p>\n<h3 style=\"text-align: center;\"><em><strong>CONTAMINACI\u00d3N SIN REMEDIACI\u00d3N: IMPACTOS SOCIOAMBIENTALES\u00a0EN EL LOTE 192 Y LOS DERECHOS IND\u00cdGENAS<\/strong>.<\/em><\/h3>\n<p><strong>\u00a0<\/strong><\/p>\n<p style=\"text-align: center;\"><strong>Panelistas:<\/strong><\/p>\n<p style=\"text-align: center;\"><strong>Baskut Tunkat<\/strong>, Relator Especial de Naciones Unidas sobre Sustancias Qu\u00edmicas Peligrosas y Desechos<\/p>\n<p style=\"text-align: center;\"><strong>Aurelio Chino<\/strong>, presidente FEDIQUEP<\/p>\n<p style=\"text-align: center;\"><strong>Carlos Sandi<\/strong>, presidente FECONACO<\/p>\n<p style=\"text-align: center;\"><strong>Alfonso L\u00f3pez<\/strong>, presidente ACODECOSPAT<\/p>\n<p style=\"text-align: center;\"><strong>Emerson Sandi<\/strong>, presidente Opikafpe<\/p>\n<p style=\"text-align: center;\"><strong>Mario Z\u00fa\u00f1iga<\/strong>, antrop\u00f3logo UNMSM<\/p>\n<p style=\"text-align: center;\"><strong>Manuel Ego Aguirre<\/strong>, economista y docente de la UNALM y la UARM<\/p>\n<p style=\"text-align: center;\"><strong>Amalia Cuba<\/strong>, economista y docente de UARM<\/p>\n<h4 style=\"text-align: center;\"><strong>Fecha:<\/strong> <strong>martes 03 de mayo del 2016, 17:30-20:00<br \/>\n<\/strong><\/h4>\n<h4 style=\"text-align: center;\"><strong>Lugar:<\/strong> Auditorio de la UARM (Av. Paso de los Andes 970, Pueblo Libre)<\/h4>","protected":false},"excerpt":{"rendered":"<p>La Federaci\u00f3n Ind\u00edgena Quechua del Pastaza (FEDIQUEP); la Federaci\u00f3n de Comunidades Nativas del Rio Corrientes (FECONACO); la Asociaci\u00f3n Cocama de Desarrollo y Conservaci\u00f3n San Pablo de Tipishca (ACODECOSPAT),\u00a0 la Organizaci\u00f3n de Pueblos Ind\u00edgenas Kichuas, Amaz\u00f3nicos Fronterizos del Per\u00fa y Ecuador (OPIKAFPE); los Pueblos Ind\u00edgenas Amaz\u00f3nicos Unidos en Defensa de sus Territorios (PUINAMUDT); el Centro de [&hellip;]<\/p>\n","protected":false},"author":1,"featured_media":5449,"comment_status":"closed","ping_status":"open","sticky":false,"template":"","format":"standard","meta":{"_monsterinsights_skip_tracking":false,"_monsterinsights_sitenote_active":false,"_monsterinsights_sitenote_note":"","_monsterinsights_sitenote_category":0,"_jetpack_memberships_contains_paid_content":false,"footnotes":"","jetpack_publicize_message":"","jetpack_publicize_feature_enabled":true,"jetpack_social_post_already_shared":false,"jetpack_social_options":{"image_generator_settings":{"template":"highway","default_image_id":0,"font":"","enabled":false},"version":2}},"categories":[1],"tags":[],"class_list":["post-5448","post","type-post","status-publish","format-standard","has-post-thumbnail","hentry","category-sin-categoria"],"blocksy_meta":[],"jetpack_publicize_connections":[],"jetpack_featured_media_url":"https:\/\/derechosinfronteras.pe\/wp-content\/uploads\/2016\/05\/Invitacion-e1494274429161.jpg","jetpack_sharing_enabled":true,"jetpack_likes_enabled":true,"_links":{"self":[{"href":"https:\/\/derechosinfronteras.pe\/ingles\/wp-json\/wp\/v2\/posts\/5448","targetHints":{"allow":["GET"]}}],"collection":[{"href":"https:\/\/derechosinfronteras.pe\/ingles\/wp-json\/wp\/v2\/posts"}],"about":[{"href":"https:\/\/derechosinfronteras.pe\/ingles\/wp-json\/wp\/v2\/types\/post"}],"author":[{"embeddable":true,"href":"https:\/\/derechosinfronteras.pe\/ingles\/wp-json\/wp\/v2\/users\/1"}],"replies":[{"embeddable":true,"href":"https:\/\/derechosinfronteras.pe\/ingles\/wp-json\/wp\/v2\/comments?post=5448"}],"version-history":[{"count":0,"href":"https:\/\/derechosinfronteras.pe\/ingles\/wp-json\/wp\/v2\/posts\/5448\/revisions"}],"wp:featuredmedia":[{"embeddable":true,"href":"https:\/\/derechosinfronteras.pe\/ingles\/wp-json\/wp\/v2\/media\/5449"}],"wp:attachment":[{"href":"https:\/\/derechosinfronteras.pe\/ingles\/wp-json\/wp\/v2\/media?parent=5448"}],"wp:term":[{"taxonomy":"category","embeddable":true,"href":"https:\/\/derechosinfronteras.pe\/ingles\/wp-json\/wp\/v2\/categories?post=5448"},{"taxonomy":"post_tag","embeddable":true,"href":"https:\/\/derechosinfronteras.pe\/ingles\/wp-json\/wp\/v2\/tags?post=5448"}],"curies":[{"name":"wp","href":"https:\/\/api.w.org\/{rel}","templated":true}]}}