{"id":5455,"date":"2016-04-28T17:36:05","date_gmt":"2016-04-28T22:36:05","guid":{"rendered":"http:\/\/derechosinfronteras.pe\/?p=1240"},"modified":"2016-04-28T17:36:05","modified_gmt":"2016-04-28T22:36:05","slug":"exigimos-al-congreso-la-eleccion-del-defensor-del-pueblo-magistrado-del-tc-y-nuevo-contralor-de-la-republica","status":"publish","type":"post","link":"https:\/\/derechosinfronteras.pe\/ingles\/exigimos-al-congreso-la-eleccion-del-defensor-del-pueblo-magistrado-del-tc-y-nuevo-contralor-de-la-republica\/","title":{"rendered":"Exigimos al Congreso la elecci\u00f3n del Defensor del Pueblo, Magistrado del TC y nuevo Contralor de la Rep\u00fablica"},"content":{"rendered":"<h2>\u00a1DESIGNACI\u00d3N YA!<\/h2>\n<h3>Las organizaciones de la sociedad civil, ante la excesiva demora en el nombramiento del Defensor del Pueblo, la designaci\u00f3n del reemplazo del magistrado \u00d3scar Urviola del Tribunal Constitucional y el inminente t\u00e9rmino de las funciones del Contralor de la Rep\u00fablica, y teniendo en cuenta las circunstancias en el pa\u00eds, exigimos la elecci\u00f3n de estas altas autoridades, por lo siguiente:<\/h3>\n<p><strong>1.\u00a0\u00a0 \u00a0<\/strong>El presidente del Congreso, Luis Iberico, ha convocado para el tres de mayo a reuni\u00f3n de la Junta de Portavoces, decisi\u00f3n que saludamos. Es la \u00faltima oportunidad para que antes que culmine esta legislatura, este poder del Estado y las bancadas pol\u00edticas cumplan con su responsabilidad constitucional y pol\u00edtica en la designaci\u00f3n de las autoridades encargadas de la defensa de los derechos humanos y el control del poder.<\/p>\n<p><strong>2.\u00a0<\/strong>\u00a0 \u00a0La elecci\u00f3n del Defensor del Pueblo es crucial en el actual escenario social y pol\u00edtico. Urge el nombramiento de un\/a profesional experto en la defensa de derechos humanos, que tenga comprobada trayectoria democr\u00e1tica, que est\u00e9 libre de cuestionamientos y demuestre total independencia para el ejercicio del cargo.<\/p>\n<p><strong>3.\u00a0<\/strong>\u00a0 \u00a0Del mismo modo urge la elecci\u00f3n del reemplazo del doctor \u00d3scar Urviola, magistrado del Tribunal Constitucional quien ya cumpli\u00f3 su mandato en junio de 2015. Se exige la elecci\u00f3n de un o una profesional que tambi\u00e9n cuente con sobresalientes credenciales acad\u00e9micas y probada independencia del poder. No se puede exigir menos para la corte m\u00e1s importante del pa\u00eds. Recordemos que la actual composici\u00f3n del TC fue ganada en las calles ante los intentos de una repartija pol\u00edtica que no debe volver a ocurrir.<\/p>\n<p><strong>4.\u00a0<\/strong>\u00a0 \u00a0A su vez el Congreso debe poner en su agenda la elecci\u00f3n del Contralor de la Rep\u00fablica y exigir al Presidente que haga su parte, y presente una terna de id\u00f3neos candidatos de donde el Parlamento puedan elegir, dado que el mandato del actual Contralor termina el 13 de mayo. El pa\u00eds pasa por una crisis en lucha anticorrupci\u00f3n y la necesidad de un fiscalizador de los recursos p\u00fablicos amerita de un o una profesional estrictamente independiente, sobre todo ad portas de la elecci\u00f3n de un nuevo gobierno.<\/p>\n<p><strong>5.<\/strong>\u00a0\u00a0 \u00a0Como ciudadanos y ciudadanas nos preocupa que los cargos relacionados a la defensa de los derechos humanos y materia anticorrupci\u00f3n no cuenten con funcionarios titulares y que queden a la intemperie del poder de turno. Por eso urge que no pase un d\u00eda m\u00e1s, y que se designe a estos altos funcionarios. Nuestro pa\u00eds necesita y exige profesionales independientes y de probada trayectoria democr\u00e1tica para estos cargos. Demandamos al Congreso de la Rep\u00fablica ponerse a la altura de las circunstancias y garantizar la elecci\u00f3n de autoridades independientes y democr\u00e1ticamente impecables para ocupar cargos de tan alta importancia como la Defensor\u00eda del Pueblos, el Tribunal Constitucional y la Contralor\u00eda General de la Rep\u00fablica.<\/p>\n<p>Lima, 24 de abril del 2016<\/p>\n<ul>\n<li>Coordinadora Nacional de Derechos Humanos (CNDDHH)<\/li>\n<li>Instituto de Defensa Legal (IDL)<\/li>\n<li>Asociaci\u00f3n Pro Derechos Humanos (Aprodeh)<\/li>\n<li>Asociaci\u00f3n Servicios Educativos Rurales (SER)<\/li>\n<li>Comisi\u00f3n de Justicia Social \u2013 Chimbote<\/li>\n<li>Servicio Educativo para el Desarrollo y la Solidaridad (SEDYS \u2013 Trujillo)<\/li>\n<li>Instituto Runa de Desarrollo y Estudios sobre G\u00e9nero<\/li>\n<li>Movimiento Homosexual de Lima (Mhol)<\/li>\n<li>Derechos Humanos y Medio Ambiente \u2013 Puno<\/li>\n<li>Centro de Desarrollo \u00c9tnico (CEDET)<\/li>\n<li>Fundaci\u00f3n Ecum\u00e9nica para el Desarrollo y la Paz (FEDEPAZ)<\/li>\n<li>Centro de Atenci\u00f3n Psicosocial (CAPS)<\/li>\n<li>Derecho, Ambiente y Recursos Naturales (DAR)<\/li>\n<li>Instituto Peruano de Educaci\u00f3n en Derechos Humanos y la Paz (IPEDEHP)<\/li>\n<li>Estudio para la defensa de los Derechos de la Mujer (DEMUS)<\/li>\n<li>Coordinadora Contra la Impunidad (CCI)<\/li>\n<li>Instituto Promoviendo el Desarrollo Social (IPRODES)<\/li>\n<li>Decanato Nacional del Colegio de Soci\u00f3logos del Per\u00fa<\/li>\n<li>Sindicato de Trabajadores del Poder Judicial. SUTRAPOJ \u2013 Lima<\/li>\n<li>Centro de Promoci\u00f3n y Defensa de los derechos sexuales y reproductivos (PROMSEX)<\/li>\n<li>Confederaci\u00f3n General de Trabajadores del Per\u00fa (CGTP)<\/li>\n<li>Foro de la Sociedad Civil en Salud \u2013 Forosalud<\/li>\n<li>Asociaci\u00f3n Nacional de Centros de Insvetigaci\u00f3n, Promoci\u00f3n Social y Desarrollo (ANC)<\/li>\n<li>Alfa-Red. IALaw<\/li>\n<li>Environmental Investigation Agency \u2013 EIA (Agencia de Investigaci\u00f3n Ambiental)<\/li>\n<li>Confederaci\u00f3n Campesina del Per\u00fa (CCP)<\/li>\n<li>Organizaci\u00f3n Nacional de Mujeres Andinas y Amaz\u00f3nicas del Per\u00fa (ONAMIAP)<\/li>\n<li>Centro Amaz\u00f3nico de Antropolog\u00eda y Aplicaci\u00f3n Pr\u00e1ctica \u2013 CAAAP<\/li>\n<li>Confederaci\u00f3n Nacional Agraria \u2013 CNA<\/li>\n<li>Derechos Humanos Sin Fronteras \u2013 DHSF<\/li>\n<li>Comisi\u00f3n de Derechos Humanos \u2013 COMISEDH<\/li>\n<\/ul>","protected":false},"excerpt":{"rendered":"<p>\u00a1DESIGNACI\u00d3N YA! Las organizaciones de la sociedad civil, ante la excesiva demora en el nombramiento del Defensor del Pueblo, la designaci\u00f3n del reemplazo del magistrado \u00d3scar Urviola del Tribunal Constitucional y el inminente t\u00e9rmino de las funciones del Contralor de la Rep\u00fablica, y teniendo en cuenta las circunstancias en el pa\u00eds, exigimos la elecci\u00f3n de [&hellip;]<\/p>\n","protected":false},"author":1,"featured_media":5456,"comment_status":"closed","ping_status":"open","sticky":false,"template":"","format":"standard","meta":{"_monsterinsights_skip_tracking":false,"_monsterinsights_sitenote_active":false,"_monsterinsights_sitenote_note":"","_monsterinsights_sitenote_category":0,"_jetpack_memberships_contains_paid_content":false,"footnotes":"","jetpack_publicize_message":"","jetpack_publicize_feature_enabled":true,"jetpack_social_post_already_shared":false,"jetpack_social_options":{"image_generator_settings":{"template":"highway","default_image_id":0,"font":"","enabled":false},"version":2}},"categories":[1],"tags":[],"class_list":["post-5455","post","type-post","status-publish","format-standard","has-post-thumbnail","hentry","category-sin-categoria"],"blocksy_meta":[],"jetpack_publicize_connections":[],"jetpack_featured_media_url":"https:\/\/derechosinfronteras.pe\/wp-content\/uploads\/2016\/04\/LOGO-nuevo-CNDDHH.jpg","jetpack_sharing_enabled":true,"jetpack_likes_enabled":true,"_links":{"self":[{"href":"https:\/\/derechosinfronteras.pe\/ingles\/wp-json\/wp\/v2\/posts\/5455","targetHints":{"allow":["GET"]}}],"collection":[{"href":"https:\/\/derechosinfronteras.pe\/ingles\/wp-json\/wp\/v2\/posts"}],"about":[{"href":"https:\/\/derechosinfronteras.pe\/ingles\/wp-json\/wp\/v2\/types\/post"}],"author":[{"embeddable":true,"href":"https:\/\/derechosinfronteras.pe\/ingles\/wp-json\/wp\/v2\/users\/1"}],"replies":[{"embeddable":true,"href":"https:\/\/derechosinfronteras.pe\/ingles\/wp-json\/wp\/v2\/comments?post=5455"}],"version-history":[{"count":0,"href":"https:\/\/derechosinfronteras.pe\/ingles\/wp-json\/wp\/v2\/posts\/5455\/revisions"}],"wp:featuredmedia":[{"embeddable":true,"href":"https:\/\/derechosinfronteras.pe\/ingles\/wp-json\/wp\/v2\/media\/5456"}],"wp:attachment":[{"href":"https:\/\/derechosinfronteras.pe\/ingles\/wp-json\/wp\/v2\/media?parent=5455"}],"wp:term":[{"taxonomy":"category","embeddable":true,"href":"https:\/\/derechosinfronteras.pe\/ingles\/wp-json\/wp\/v2\/categories?post=5455"},{"taxonomy":"post_tag","embeddable":true,"href":"https:\/\/derechosinfronteras.pe\/ingles\/wp-json\/wp\/v2\/tags?post=5455"}],"curies":[{"name":"wp","href":"https:\/\/api.w.org\/{rel}","templated":true}]}}