{"id":5459,"date":"2016-04-25T17:51:52","date_gmt":"2016-04-25T22:51:52","guid":{"rendered":"http:\/\/derechosinfronteras.pe\/?p=1226"},"modified":"2016-04-25T17:51:52","modified_gmt":"2016-04-25T22:51:52","slug":"mas-de-190-organizaciones-solicitan-a-primer-ministro-canadiense-justin-trudeau-promover-una-regulacion-efectiva-de-empresas-mineras-canadienses-operando-en-america-latina","status":"publish","type":"post","link":"https:\/\/derechosinfronteras.pe\/ingles\/mas-de-190-organizaciones-solicitan-a-primer-ministro-canadiense-justin-trudeau-promover-una-regulacion-efectiva-de-empresas-mineras-canadienses-operando-en-america-latina\/","title":{"rendered":"M\u00e1s de 190 organizaciones solicitan a Primer Ministro canadiense Justin Trudeau promover una regulaci\u00f3n efectiva de empresas mineras canadienses operando en Am\u00e9rica Latina"},"content":{"rendered":"<p><strong>Primer Ministro canadiense debe implementar reformas para que las empresas mineras de su pa\u00eds cumplan con los m\u00e1s altos est\u00e1ndares internacionales de derechos humanos <\/strong><\/p>\n<p><strong>Cusco, Per\u00fa 25 de abril de 2016.-<\/strong> \u00a0M\u00e1s de 190 organizaciones basadas en \u00a0Am\u00e9rica Latina, Europa y los Estados Unidos entregaron hoy al Primer Ministro de Canad\u00e1 una carta p\u00fablica instando a que su gobierno promueva reformas legales y administrativas con el fin de regular m\u00e1s eficazmente la acci\u00f3n de empresas mineras canadienses en el mundo. El <strong>apoyo diplom\u00e1tico y financiero<\/strong> del estado canadiense a empresas mineras que cometen o toleran violaciones de derechos humanos en Am\u00e9rica Latina ha sido evidenciado por comit\u00e9s tem\u00e1ticos y relator\u00edas especiales del Sistema Universal de Derechos Humanos (Naciones Unidas), as\u00ed como en audiencias p\u00fablicas llevadas a cabo por la Comisi\u00f3n Interamericana de Derechos Humanos. Tales pronunciamientos refuerzan las conclusiones de un informe elaborado una coalici\u00f3n de organizaciones de Am\u00e9rica Latina titulado <a href=\"http:\/\/www.dplf.org\/es\/resources\/el-impacto-de-la-mineria-canadiense-en-america-latina-y-la-responsabilidad-de-canada-0\" target=\"_blank\" rel=\"noopener\"><em>El impacto de la miner\u00eda canadiense en Am\u00e9rica Latina y la responsabilidad de Canad\u00e1<\/em><\/a>.<\/p>\n<p>Las organizaciones firmantes solicitan que Canad\u00e1 <strong>garantice los m\u00e1s altos est\u00e1ndares internacionales en sus pol\u00edticas de fomento a la miner\u00eda<\/strong> y en sus relaciones con los pa\u00edses donde operan empresas canadienses. Por otra parte, solicitan tambi\u00e9n la creaci\u00f3n de <strong>mecanismos de acceso a la justicia en Canad\u00e1<\/strong> para que las v\u00edctimas de violaciones a derechos humanos provocados por empresas canadienses puedan ser reparadas por los da\u00f1os provocados, cuando esto no ha ocurrido en el pa\u00eds donde ocurrieron los hechos.<\/p>\n<p>DHSF ha resaltado que: El pasado viernes 18 de diciembre del 2015, en la comunidad campesina de Hanccollahua, sector Qo\u00f1amuro, lugar denominado Patillani, Km 16 de la v\u00eda Espinar &#8211; Arequipa de la provincia de Espinar, aproximadamente a las 4:45 de la madrugada se volc\u00f3 un cami\u00f3n encapsulado de la empresa TRANSALTISA, causando el derrame de 35 toneladas de concentrados de cobre del proyecto minero Constancia de la empresa HUDBAY. Asimismo por la falta de dialogo con la empresa, las organizaciones como el\u00a0 frente de Defensa de Velille, las juntas barriales, el Frente \u00danico de Defensa de los Intereses de Chumbivilcas y las ocho comunidades de Velille han realizado aproximadamente 4 paros preventivos de 72 horas hasta la fecha, en contra de la empresa minera HudBay Per\u00fa SAC, que promueve el proyecto Constancia en el distrito de Velille, Chamaca y Livitaca de la provincia de Chumbivilcas.<\/p>\n<p>Las organizaciones firmantes de la carta reconocen los gestos de apoyo hacia un mayor respeto a los derechos humanos manifestados por el gobierno de Justin Trudeau desde su nombramiento como Primer Ministro. Sin embargo, esperan que el discurso de apertura hacia nuevas politicas de derechos humanos se materialice en medidas concretas para que las empresas mineras con sede en Canad\u00e1 act\u00faen dentro de un marco legal consistente con las obligaciones internacionales del Estado canadiense.<\/p>\n<p>Vea aqui la carta emitida al\u00a0 Primer Ministro Canadiense.<\/p>\n<p>[gview file=\u00bbhttp:\/\/derechosinfronteras.pe\/wp-content\/uploads\/2016\/04\/Carta-a-Trudeau-ESP.pdf\u00bb]<\/p>\n<p>Foto: El Comercio.<\/p>\n<p>Contacto:<\/p>\n<p>Derechos Humanos sin Fronteras<\/p>\n<p>Telf: 084 -242115<\/p>\n<p>Fax: 084 \u2013 242115.<\/p>\n<p>&nbsp;<\/p>\n","protected":false},"excerpt":{"rendered":"<p>Primer Ministro canadiense debe implementar reformas para que las empresas mineras de su pa\u00eds cumplan con los m\u00e1s altos est\u00e1ndares internacionales de derechos humanos Cusco, Per\u00fa 25 de abril de 2016.- \u00a0M\u00e1s de 190 organizaciones basadas en \u00a0Am\u00e9rica Latina, Europa y los Estados Unidos entregaron hoy al Primer Ministro de Canad\u00e1 una carta p\u00fablica instando [&hellip;]<\/p>\n","protected":false},"author":1,"featured_media":5460,"comment_status":"closed","ping_status":"open","sticky":false,"template":"","format":"standard","meta":{"_monsterinsights_skip_tracking":false,"_monsterinsights_sitenote_active":false,"_monsterinsights_sitenote_note":"","_monsterinsights_sitenote_category":0,"_jetpack_memberships_contains_paid_content":false,"footnotes":"","jetpack_publicize_message":"","jetpack_publicize_feature_enabled":true,"jetpack_social_post_already_shared":false,"jetpack_social_options":{"image_generator_settings":{"template":"highway","default_image_id":0,"font":"","enabled":false},"version":2}},"categories":[1],"tags":[],"class_list":["post-5459","post","type-post","status-publish","format-standard","has-post-thumbnail","hentry","category-sin-categoria"],"blocksy_meta":[],"jetpack_publicize_connections":[],"jetpack_featured_media_url":"https:\/\/derechosinfronteras.pe\/wp-content\/uploads\/2016\/04\/el-comercio.jpg","jetpack_sharing_enabled":true,"jetpack_likes_enabled":true,"_links":{"self":[{"href":"https:\/\/derechosinfronteras.pe\/ingles\/wp-json\/wp\/v2\/posts\/5459","targetHints":{"allow":["GET"]}}],"collection":[{"href":"https:\/\/derechosinfronteras.pe\/ingles\/wp-json\/wp\/v2\/posts"}],"about":[{"href":"https:\/\/derechosinfronteras.pe\/ingles\/wp-json\/wp\/v2\/types\/post"}],"author":[{"embeddable":true,"href":"https:\/\/derechosinfronteras.pe\/ingles\/wp-json\/wp\/v2\/users\/1"}],"replies":[{"embeddable":true,"href":"https:\/\/derechosinfronteras.pe\/ingles\/wp-json\/wp\/v2\/comments?post=5459"}],"version-history":[{"count":0,"href":"https:\/\/derechosinfronteras.pe\/ingles\/wp-json\/wp\/v2\/posts\/5459\/revisions"}],"wp:featuredmedia":[{"embeddable":true,"href":"https:\/\/derechosinfronteras.pe\/ingles\/wp-json\/wp\/v2\/media\/5460"}],"wp:attachment":[{"href":"https:\/\/derechosinfronteras.pe\/ingles\/wp-json\/wp\/v2\/media?parent=5459"}],"wp:term":[{"taxonomy":"category","embeddable":true,"href":"https:\/\/derechosinfronteras.pe\/ingles\/wp-json\/wp\/v2\/categories?post=5459"},{"taxonomy":"post_tag","embeddable":true,"href":"https:\/\/derechosinfronteras.pe\/ingles\/wp-json\/wp\/v2\/tags?post=5459"}],"curies":[{"name":"wp","href":"https:\/\/api.w.org\/{rel}","templated":true}]}}