{"id":5461,"date":"2016-04-21T15:50:39","date_gmt":"2016-04-21T20:50:39","guid":{"rendered":"http:\/\/derechosinfronteras.pe\/?p=1216"},"modified":"2016-04-21T15:50:39","modified_gmt":"2016-04-21T20:50:39","slug":"proyecto-de-ley-5139-retrocederia-la-formalizacion-de-la-mineria","status":"publish","type":"post","link":"https:\/\/derechosinfronteras.pe\/ingles\/proyecto-de-ley-5139-retrocederia-la-formalizacion-de-la-mineria\/","title":{"rendered":"Proyecto de Ley 5139 retroceder\u00eda la formalizaci\u00f3n de la mineria"},"content":{"rendered":"<p>A trav\u00e9s de su cuenta de Twitter, el titular del Ministerio del Ambiente (MINAM), Manuel Pulgar-Vidal, sostuvo que el Proyecto\u00a0de Ley N\u00ba5139\/2015-CR denominado \u201cLey de Fortalecimiento del Proceso de Formalizacion\u00a0de la Miner\u00eda Informal\u201d, buscar\u00eda\u00a0dejar sin efecto el actual marco normativo de lucha contra la miner\u00eda ilegal y retroceder en la formalizaci\u00f3n.<\/p>\n<p>El informe indica que esta iniciativa legislativa -perteneciente al Grupo de Trabajo de Seguimiento y Evaluaci\u00f3n del Proceso de Formalizaci\u00f3n de la Miner\u00eda Informal de la Comisi\u00f3n de Energ\u00eda y Minas del Congreso de la Rep\u00fablica- no\u00a0considera un fortalecimiento a la formalizaci\u00f3n porque \u201cpretende eliminar y derogar las normas que crearon y sentaron las bases de la formalizaci\u00f3n como el Decreto Legislativo 1105 y la Estrategia de Saneamiento, por tanto no plantea acciones alternativas o mejoras al proceso de formalizaci\u00f3n actual\u201d.<\/p>\n<p>\u201cCon ello se pretende iniciar de cero una nueva formalizaci\u00f3n sobre la base de nuevas entidades a cargo, requisitos y procedimientos, desconociendo el esfuerzo de m\u00e1s de 30,000 mineros encaminados hacia la formalizaci\u00f3n y generando importantes vac\u00edos normativos\u201d, afirma.<\/p>\n<p><strong>CONSECUENCIAS<\/strong><\/p>\n<p>De acuerdo al an\u00e1lisis del MINAM, de derogar la 1105 traer\u00eda como resultado el eliminar la diferencia entre miner\u00eda\u00a0ilegal e informal; es decir, generar\u00eda un mismo tratamiento a aquellos que manifestaron su voluntad en formalizarse, asumiendo obligaciones y han avanzado en dicho proceso, los que adem\u00e1s son mineros identificables, con aquellos que prefieren mantenerse al margen de la ley y el orden p\u00fablico porque evaden\u00a0impuestos, contaminando y deforestando. En virtud de ello, se dificultar\u00eda la realizaci\u00f3n de acciones tanto la fiscalizaci\u00f3n como los operativos de interdicci\u00f3n.<\/p>\n<p>\u201cTambi\u00e9n deroga las bases y requisitos para lograr la formalizaci\u00f3n que son recogidos en la Estrategia de Saneamiento como son la Declaraci\u00f3n de Compromiso, acreditaci\u00f3n de titularidad de la concesi\u00f3n o contrato de explotaci\u00f3n sobre la concesi\u00f3n miner\u00eda, acreditaci\u00f3n de propiedad o uso del terreno superficial, contar con un Instrumento de Gesti\u00f3n Ambiental Correctivo \u2013 IGAC\u201d, argumenta el Minam.<\/p>\n<p>RAZONES POR LAS QUE EL PROYECTO de Ley N\u00ba5139\/2015-CR\u00a0NO DEBE SER APROBADO<\/p>\n<p>[gview file=\u00bbhttp:\/\/derechosinfronteras.pe\/wp-content\/uploads\/2016\/04\/MINERIA-010416-3.pdf\u00bb]<\/p>\n<p>Fuente: Rumbo Minero<\/p>\n<p>Imagen: inforegion.pe<\/p>\n","protected":false},"excerpt":{"rendered":"<p>A trav\u00e9s de su cuenta de Twitter, el titular del Ministerio del Ambiente (MINAM), Manuel Pulgar-Vidal, sostuvo que el Proyecto\u00a0de Ley N\u00ba5139\/2015-CR denominado \u201cLey de Fortalecimiento del Proceso de Formalizacion\u00a0de la Miner\u00eda Informal\u201d, buscar\u00eda\u00a0dejar sin efecto el actual marco normativo de lucha contra la miner\u00eda ilegal y retroceder en la formalizaci\u00f3n. El informe indica que [&hellip;]<\/p>\n","protected":false},"author":1,"featured_media":5462,"comment_status":"closed","ping_status":"open","sticky":false,"template":"","format":"standard","meta":{"_monsterinsights_skip_tracking":false,"_monsterinsights_sitenote_active":false,"_monsterinsights_sitenote_note":"","_monsterinsights_sitenote_category":0,"_jetpack_memberships_contains_paid_content":false,"footnotes":"","jetpack_publicize_message":"","jetpack_publicize_feature_enabled":true,"jetpack_social_post_already_shared":false,"jetpack_social_options":{"image_generator_settings":{"template":"highway","default_image_id":0,"font":"","enabled":false},"version":2}},"categories":[1],"tags":[],"class_list":["post-5461","post","type-post","status-publish","format-standard","has-post-thumbnail","hentry","category-sin-categoria"],"blocksy_meta":[],"jetpack_publicize_connections":[],"jetpack_featured_media_url":"https:\/\/derechosinfronteras.pe\/wp-content\/uploads\/2016\/04\/inforegion.pe_-e1494274057822.jpg","jetpack_sharing_enabled":true,"jetpack_likes_enabled":true,"_links":{"self":[{"href":"https:\/\/derechosinfronteras.pe\/ingles\/wp-json\/wp\/v2\/posts\/5461","targetHints":{"allow":["GET"]}}],"collection":[{"href":"https:\/\/derechosinfronteras.pe\/ingles\/wp-json\/wp\/v2\/posts"}],"about":[{"href":"https:\/\/derechosinfronteras.pe\/ingles\/wp-json\/wp\/v2\/types\/post"}],"author":[{"embeddable":true,"href":"https:\/\/derechosinfronteras.pe\/ingles\/wp-json\/wp\/v2\/users\/1"}],"replies":[{"embeddable":true,"href":"https:\/\/derechosinfronteras.pe\/ingles\/wp-json\/wp\/v2\/comments?post=5461"}],"version-history":[{"count":0,"href":"https:\/\/derechosinfronteras.pe\/ingles\/wp-json\/wp\/v2\/posts\/5461\/revisions"}],"wp:featuredmedia":[{"embeddable":true,"href":"https:\/\/derechosinfronteras.pe\/ingles\/wp-json\/wp\/v2\/media\/5462"}],"wp:attachment":[{"href":"https:\/\/derechosinfronteras.pe\/ingles\/wp-json\/wp\/v2\/media?parent=5461"}],"wp:term":[{"taxonomy":"category","embeddable":true,"href":"https:\/\/derechosinfronteras.pe\/ingles\/wp-json\/wp\/v2\/categories?post=5461"},{"taxonomy":"post_tag","embeddable":true,"href":"https:\/\/derechosinfronteras.pe\/ingles\/wp-json\/wp\/v2\/tags?post=5461"}],"curies":[{"name":"wp","href":"https:\/\/api.w.org\/{rel}","templated":true}]}}