{"id":5463,"date":"2016-04-21T15:07:34","date_gmt":"2016-04-21T20:07:34","guid":{"rendered":"http:\/\/derechosinfronteras.pe\/?p=1211"},"modified":"2016-04-21T15:07:34","modified_gmt":"2016-04-21T20:07:34","slug":"chumbivilcas-revision-medica-a-victimas-de-esterilizaciones-forzadas-se-realiza-con-inconvenientes","status":"publish","type":"post","link":"https:\/\/derechosinfronteras.pe\/ingles\/chumbivilcas-revision-medica-a-victimas-de-esterilizaciones-forzadas-se-realiza-con-inconvenientes\/","title":{"rendered":"Chumbivilcas: revisi\u00f3n m\u00e9dica a v\u00edctimas de esterilizaciones forzadas se realiza con inconvenientes"},"content":{"rendered":"<p>El pasado 13 de abril el Ministerio de Justicia de la Regi\u00f3n del Cusco dio inicio a la inscripci\u00f3n de varones y mujeres que fueron v\u00edctimas de esterilizaciones forzadas de la Provincia de Chumbivilcas, el registro fue iniciado a partir de las exigencias de la Asociaci\u00f3n de Victimas de Esterilizaci\u00f3n Forzada de la Provincia de Chumbivilcas que integra a un aproximado de 192 personas provenientes de diversos distritos y comunidades campesinas de la provincia.<\/p>\n<p>EL INCONVENIENTE<\/p>\n<p>Seg\u00fan nos refiere la se\u00f1ora In\u00e9s Condori, Presidenta de la Asociaci\u00f3n de Victimas de Esterilizaci\u00f3n Forzada de la Provincia de Chumbivilcas, la inscripci\u00f3n se viene desarrollando con normalidad; sin embargo en el trascurso de los d\u00edas se han presentado aproximadamente cinco casos de personas entre varones y mujeres que se\u00f1alan haber sido v\u00edctimas de esterilizaci\u00f3n forzada, quienes al pasar por el procedimiento de inscripci\u00f3n y al ser atendidos por el medico brindado por \u00a0el Ministerio de Justicia, les indicaron que no ser\u00edan considerados en el registro debido a que no se ha logrado ubicar la cicatriz que pueda\u00a0 dar indicios de que dichas personas hayan sido sometidos a la intervenci\u00f3n quir\u00fargica.<\/p>\n<p>El se\u00f1or Juan Guerrero Quispe con DNI N\u00b0 24790918 natural del Distrito de Colquemarca \u2013 Chumbivilcas, nos refiere que \u201clo \u00fanico que hizo el m\u00e9dico, fue \u00a0buscar la cicatriz del corte que me realizaron en la intervenci\u00f3n\u201d.<\/p>\n<p>Uno de los m\u00e9dicos\u00a0encargados de esta \u00faltima fase, indica que \u201cno se les ha considerado en este registro a algunas mujeres debido a algunos embarazos anteriores, ya que\u00a0 han quedado las estr\u00edas que probablemente cubrieron\u00a0la cicatriz del corte de la ligadura y en algunos casos, algunas mujeres fueron intervenidas para una operaci\u00f3n diferente y ah\u00ed mismo se les hizo la esterilizacion\u201d.<\/p>\n<p>LA SEGUNDA FASE<\/p>\n<p>Recordemos lo dicho por el Dr. Robert Ch\u00e1vez Hurtado, Abogado representante del Ministerio de Justicia y Derechos Humanos Cusco en la nota anterior.<\/p>\n<p>\u201cEn la segunda fase se le derivar\u00e1 a un m\u00e9dico para que este certifique la compatibilidad de la herida que presenta con una esterilizaci\u00f3n forzada y al terminar entregara su constancia de haber sido atendida por \u00e9l, como siguiente paso deber\u00e1 presentar todas sus constancias y certificados al lugar donde lleno la ficha para que puedan escanearlos y subirlos al sistema correspondiente.<\/p>\n<p>Culminado ese proceso se har\u00e1 el comunicado a la Direcci\u00f3n Regional de Salud \u2013 DIRESA para que ellos puedan dar alg\u00fan reporte si es que \u00a0hay alg\u00fan antecedente de esterilizaci\u00f3n forzada de la persona. La DIRESA tendr\u00e1 un plazo de 30 d\u00edas para emitir el respectivo informe del caso.<\/p>\n<p>Con o sin el informe se cierra el registro y se le entregar\u00e1 una constancia de inscripci\u00f3n en el registro de esterilizaciones forzadas\u201d.<\/p>\n<p>La constancia final le facilitara el acceso a tres derechos fundamentales como es el Sistema de Salud \u00a0en el SIS, la asistencia psicol\u00f3gica y social a trav\u00e9s del Ministerio de la Mujer y Poblaciones Vulnerables y por \u00faltimo el servicio de la defensa p\u00fablica \u00a0con una asistencia legal integral para las personas que requieran iniciar alguna acci\u00f3n legal por las esterilizaciones u otros temas.<\/p>\n<p>INFORME DEL MINISTERIO DE JUSTICIA<\/p>\n<p>EL MINJUS menciona que el informe final en relaci\u00f3n a la recolecci\u00f3n de testimonios en el caso de esterilizaciones forzadas\u00a0ser\u00e1n emitidos entre el 16 y 17 de junio, asimismo las personas tienen plazo para presentar una apelaci\u00f3n y ser considerados antes de cerrarse el registro.<\/p>\n<p>Imagen Referencial:\u00a0holaciudad.com<\/p>","protected":false},"excerpt":{"rendered":"<p>El pasado 13 de abril el Ministerio de Justicia de la Regi\u00f3n del Cusco dio inicio a la inscripci\u00f3n de varones y mujeres que fueron v\u00edctimas de esterilizaciones forzadas de la Provincia de Chumbivilcas, el registro fue iniciado a partir de las exigencias de la Asociaci\u00f3n de Victimas de Esterilizaci\u00f3n Forzada de la Provincia de [&hellip;]<\/p>\n","protected":false},"author":1,"featured_media":5464,"comment_status":"closed","ping_status":"open","sticky":false,"template":"","format":"standard","meta":{"_monsterinsights_skip_tracking":false,"_monsterinsights_sitenote_active":false,"_monsterinsights_sitenote_note":"","_monsterinsights_sitenote_category":0,"_jetpack_memberships_contains_paid_content":false,"footnotes":"","jetpack_publicize_message":"","jetpack_publicize_feature_enabled":true,"jetpack_social_post_already_shared":false,"jetpack_social_options":{"image_generator_settings":{"template":"highway","default_image_id":0,"font":"","enabled":false},"version":2}},"categories":[1],"tags":[],"class_list":["post-5463","post","type-post","status-publish","format-standard","has-post-thumbnail","hentry","category-sin-categoria"],"blocksy_meta":[],"jetpack_publicize_connections":[],"jetpack_featured_media_url":"https:\/\/derechosinfronteras.pe\/wp-content\/uploads\/2016\/04\/Critican-ampliacion-investigacion-esterilizaciones-Peru_888221573_8672063_667x375.jpg","jetpack_sharing_enabled":true,"jetpack_likes_enabled":true,"_links":{"self":[{"href":"https:\/\/derechosinfronteras.pe\/ingles\/wp-json\/wp\/v2\/posts\/5463","targetHints":{"allow":["GET"]}}],"collection":[{"href":"https:\/\/derechosinfronteras.pe\/ingles\/wp-json\/wp\/v2\/posts"}],"about":[{"href":"https:\/\/derechosinfronteras.pe\/ingles\/wp-json\/wp\/v2\/types\/post"}],"author":[{"embeddable":true,"href":"https:\/\/derechosinfronteras.pe\/ingles\/wp-json\/wp\/v2\/users\/1"}],"replies":[{"embeddable":true,"href":"https:\/\/derechosinfronteras.pe\/ingles\/wp-json\/wp\/v2\/comments?post=5463"}],"version-history":[{"count":0,"href":"https:\/\/derechosinfronteras.pe\/ingles\/wp-json\/wp\/v2\/posts\/5463\/revisions"}],"wp:featuredmedia":[{"embeddable":true,"href":"https:\/\/derechosinfronteras.pe\/ingles\/wp-json\/wp\/v2\/media\/5464"}],"wp:attachment":[{"href":"https:\/\/derechosinfronteras.pe\/ingles\/wp-json\/wp\/v2\/media?parent=5463"}],"wp:term":[{"taxonomy":"category","embeddable":true,"href":"https:\/\/derechosinfronteras.pe\/ingles\/wp-json\/wp\/v2\/categories?post=5463"},{"taxonomy":"post_tag","embeddable":true,"href":"https:\/\/derechosinfronteras.pe\/ingles\/wp-json\/wp\/v2\/tags?post=5463"}],"curies":[{"name":"wp","href":"https:\/\/api.w.org\/{rel}","templated":true}]}}