{"id":5465,"date":"2016-04-20T15:20:46","date_gmt":"2016-04-20T20:20:46","guid":{"rendered":"http:\/\/derechosinfronteras.pe\/?p=1204"},"modified":"2016-04-20T15:20:46","modified_gmt":"2016-04-20T20:20:46","slug":"lo-que-implica-la-consulta-previa","status":"publish","type":"post","link":"https:\/\/derechosinfronteras.pe\/ingles\/lo-que-implica-la-consulta-previa\/","title":{"rendered":"Lo que implica la Consulta Previa"},"content":{"rendered":"<ul>\n<li><em>Consultar a los pueblos ind\u00edgenas es un derecho que 15 pa\u00edses de la regi\u00f3n reconocen, sin embargo, la mayor\u00eda\u00a0 de los procesos puestos en machar no respetan los est\u00e1ndares marcados por el derecho internacional.<\/em><\/li>\n<li><em>Los Estados han buscado \u201camoldar\u201d la consulta previa para asegurarse de que no afecte a sus intereses econ\u00f3micos, en una regi\u00f3n altamente dependiente de las industrias extractivas. <\/em><\/li>\n<\/ul>\n<p><em>\u00a0<\/em>Gran Angular lanza el especial \u201c<strong>El desaf\u00edo latinoamericano: consultar a los ind\u00edgenas sobre su futuro\u201d<\/strong>, en colaboraci\u00f3n con Oxfam, Fundaci\u00f3n para el Debido Proceso (DPLF, en sus siglas en ingl\u00e9s) y\u00a0 DeJusticia.<\/p>\n<p>Am\u00e9rica Latina se despierta de un sue\u00f1o econ\u00f3mico embriagador que ha durado una d\u00e9cada. La regi\u00f3n se convirti\u00f3 en estos a\u00f1os en uno de los epicentros globales de la actividad minera. Este modo de crecimiento basado en las exportaciones ha generado m\u00e1s de <strong>200 conflictos sociales<\/strong>, durante el periodo 2010-2013, con los <strong>pueblos ind\u00edgenas<\/strong> que habitan ancestralmente esas tierras.<\/p>\n<p>El mecanismo que debi\u00f3 garantizar los derechos de los pueblos frente a la voracidad extractivista para instalar minas, pozos petrol\u00edferos, o gaseoductos era la consulta previa. 500 a\u00f1os despu\u00e9s, los Estados latinoamericanos asumen el reto de que los pueblos ind\u00edgenas <strong>tengan voz <\/strong>sobre su futuro y participen en el dise\u00f1o de pol\u00edticas p\u00fablicas. Sin embargo, las experiencias de aplicaci\u00f3n de la consulta previa muestran que ha sido \u201cmoldeada\u201d por los Estados para que no interfiera con sus intereses. Esta es la cr\u00f3nica para entender las <strong>sombras que oscurecen los procesos<\/strong> de <strong>consulta previa<\/strong> y las cartas bajo la manga que se guardan pa\u00edses como Brasil, Chile, Colombia, Guatemala, Bolivia y Per\u00fa.<\/p>\n<p>Conoce las sombras que oscurecen los procesos de consulta previa\u00a0en Latinoam\u00e9rica. En Gran Angular te lo contamos.<\/p>\n<p><a href=\"http:\/\/goo.gl\/T9NBDw\" target=\"_blank\" rel=\"noopener noreferrer\">http:\/\/goo.gl\/T9NBDw<\/a><\/p>\n<h5><strong>\u00a0<\/strong>Reportaje:\u00a0Una vuelta de tuerca a la consulta previa<\/h5>\n<h5><a href=\"http:\/\/goo.gl\/nfZoxr\" target=\"_blank\" rel=\"noopener noreferrer\">http:\/\/goo.gl\/nfZoxr<\/a><\/h5>\n<h5>Emily Greenspan: \u201cTodav\u00eda falta mucho para lograr que la consulta previa busque el consentimiento y no se trate de un proceso vac\u00edo\u201d.<\/h5>\n<h5><a href=\"http:\/\/goo.gl\/HRQu2n\" target=\"_blank\" rel=\"noopener noreferrer\">http:\/\/goo.gl\/HRQu2n<\/a><\/h5>\n<h5>Colombia. \u201cMuchos procesos de consulta previa no se realizan en condiciones de libertad\u201d.<\/h5>\n<h5><a href=\"http:\/\/goo.gl\/7QjoqE\" target=\"_blank\" rel=\"noopener noreferrer\">http:\/\/goo.gl\/7QjoqE<\/a><\/h5>\n<h5>Per\u00fa. \u201cEl derecho a la consulta se viene incumpliendo permanentemente\u201d<\/h5>\n<h5><a href=\"http:\/\/goo.gl\/izS5FI\" target=\"_blank\" rel=\"noopener noreferrer\">http:\/\/goo.gl\/izS5FI<\/a><\/h5>\n<h5>Daniel Cerqueira: \u201cLa expansi\u00f3n del extractivismo en AL conlleva una tensi\u00f3n adicional a la relaci\u00f3n entre pueblos ind\u00edgenas y Estado\u201d<\/h5>\n<h5><a href=\"http:\/\/goo.gl\/u7t5j9\" target=\"_blank\" rel=\"noopener noreferrer\">http:\/\/goo.gl\/u7t5j9<\/a><\/h5>\n<h5>Mapa: Grado de protecci\u00f3n de los derechos de los pueblos ind\u00edgenas en los pa\u00edses de AL<\/h5>\n<h5><a href=\"http:\/\/goo.gl\/hrC3SL\" target=\"_blank\" rel=\"noopener noreferrer\">http:\/\/goo.gl\/hrC3SL<\/a><\/h5>\n<h5>Infograf\u00eda: \u00bfc\u00f3mo se pone en marcha la consulta en AL?<\/h5>\n<h5>Luces y sombras de la consulta previa<\/h5>\n<h5><a href=\"http:\/\/goo.gl\/cTnGQS\" target=\"_blank\" rel=\"noopener noreferrer\">http:\/\/goo.gl\/cTnGQS<\/a><\/h5>\n<p>Fuente: Gran Angular <a href=\"http:\/\/www.elgranangular.com\" target=\"_blank\" rel=\"noopener\">www.elgranangular.com<\/a><\/p>","protected":false},"excerpt":{"rendered":"<p>Consultar a los pueblos ind\u00edgenas es un derecho que 15 pa\u00edses de la regi\u00f3n reconocen, sin embargo, la mayor\u00eda\u00a0 de los procesos puestos en machar no respetan los est\u00e1ndares marcados por el derecho internacional. Los Estados han buscado \u201camoldar\u201d la consulta previa para asegurarse de que no afecte a sus intereses econ\u00f3micos, en una regi\u00f3n [&hellip;]<\/p>\n","protected":false},"author":1,"featured_media":5466,"comment_status":"closed","ping_status":"open","sticky":false,"template":"","format":"standard","meta":{"_monsterinsights_skip_tracking":false,"_monsterinsights_sitenote_active":false,"_monsterinsights_sitenote_note":"","_monsterinsights_sitenote_category":0,"_jetpack_memberships_contains_paid_content":false,"footnotes":"","jetpack_publicize_message":"","jetpack_publicize_feature_enabled":true,"jetpack_social_post_already_shared":false,"jetpack_social_options":{"image_generator_settings":{"template":"highway","default_image_id":0,"font":"","enabled":false},"version":2}},"categories":[1],"tags":[],"class_list":["post-5465","post","type-post","status-publish","format-standard","has-post-thumbnail","hentry","category-sin-categoria"],"blocksy_meta":[],"jetpack_publicize_connections":[],"jetpack_featured_media_url":"https:\/\/derechosinfronteras.pe\/wp-content\/uploads\/2016\/04\/unnamed-5-e1494273579627.jpg","jetpack_sharing_enabled":true,"jetpack_likes_enabled":true,"_links":{"self":[{"href":"https:\/\/derechosinfronteras.pe\/ingles\/wp-json\/wp\/v2\/posts\/5465","targetHints":{"allow":["GET"]}}],"collection":[{"href":"https:\/\/derechosinfronteras.pe\/ingles\/wp-json\/wp\/v2\/posts"}],"about":[{"href":"https:\/\/derechosinfronteras.pe\/ingles\/wp-json\/wp\/v2\/types\/post"}],"author":[{"embeddable":true,"href":"https:\/\/derechosinfronteras.pe\/ingles\/wp-json\/wp\/v2\/users\/1"}],"replies":[{"embeddable":true,"href":"https:\/\/derechosinfronteras.pe\/ingles\/wp-json\/wp\/v2\/comments?post=5465"}],"version-history":[{"count":0,"href":"https:\/\/derechosinfronteras.pe\/ingles\/wp-json\/wp\/v2\/posts\/5465\/revisions"}],"wp:featuredmedia":[{"embeddable":true,"href":"https:\/\/derechosinfronteras.pe\/ingles\/wp-json\/wp\/v2\/media\/5466"}],"wp:attachment":[{"href":"https:\/\/derechosinfronteras.pe\/ingles\/wp-json\/wp\/v2\/media?parent=5465"}],"wp:term":[{"taxonomy":"category","embeddable":true,"href":"https:\/\/derechosinfronteras.pe\/ingles\/wp-json\/wp\/v2\/categories?post=5465"},{"taxonomy":"post_tag","embeddable":true,"href":"https:\/\/derechosinfronteras.pe\/ingles\/wp-json\/wp\/v2\/tags?post=5465"}],"curies":[{"name":"wp","href":"https:\/\/api.w.org\/{rel}","templated":true}]}}