{"id":5471,"date":"2016-04-20T11:34:04","date_gmt":"2016-04-20T16:34:04","guid":{"rendered":"http:\/\/derechosinfronteras.pe\/?p=1189"},"modified":"2016-04-20T11:34:04","modified_gmt":"2016-04-20T16:34:04","slug":"hoy-se-realizara-el-debate-la-educacion-popular-en-nuestra-america-procesos-actuales-y-desafios","status":"publish","type":"post","link":"https:\/\/derechosinfronteras.pe\/ingles\/hoy-se-realizara-el-debate-la-educacion-popular-en-nuestra-america-procesos-actuales-y-desafios\/","title":{"rendered":"Hoy se realizar\u00e1 el debate \u00abLa educaci\u00f3n popular en Nuestra Am\u00e9rica &#8211; Procesos actuales y desafios\u00bb"},"content":{"rendered":"<div>\u00a0Esta actividad es\u00a0 organizado por el\u00a0Programa Democracia y Transformaci\u00f3n Global\u00a0con la colaboraci\u00f3n de CEAAL, el Diplomado de Formaci\u00f3n de Formadores en Educaci\u00f3n popular de la UARM y Docu Per\u00fa; a partir\u00a0 las 18:30 en la Universiad Antonio Ruiz de Montoya (Av. Paso de los Andes 970 en Pueblo Libre).<\/div>\n<div>Contar\u00e1 con la participaci\u00f3n de varias experiencias y educadorxs de distintos partes en Am\u00e9rica Latina, como Oscar Jara (Per\u00fa\/Costa Rica),\u00a0Claudia Korol (Pa\u00f1uelos en Rebeld\u00eda &#8211; Argentina), Lizzet Chavez (Programa Nina-Bolivia), Roller Escobar (Uafroc-Colombia), Javier Malpartida (Tarpurisunchis-Per\u00fa), DocuPer\u00fa, Tecus y otrxs.<\/div>\n<div><\/div>\n<div><a href=\"http:\/\/derechosinfronteras.pe\/wp-content\/uploads\/2016\/04\/unnamed.jpg\" rel=\"attachment wp-att-1190\"><img fetchpriority=\"high\" decoding=\"async\" class=\"aligncenter size-full wp-image-1190\" src=\"http:\/\/derechosinfronteras.pe\/wp-content\/uploads\/2016\/04\/unnamed.jpg\" alt=\"unnamed\" width=\"632\" height=\"897\" \/><\/a><\/div>\n<div style=\"text-align: center;\">Mas informaci\u00f3n: <a href=\"https:\/\/www.facebook.com\/events\/1695617634020191\/\" target=\"_blank\" rel=\"nofollow noopener\"><span style=\"font-family: Calibri; font-size: medium;\">https:\/\/www.<\/span>facebook.com\/<wbr \/>events\/1695617634020191\/<\/a><\/div>\n<div style=\"text-align: center;\">\u00a1Est\u00e1n todas y todos invitadxs!<br \/>\nIngreso Libre\u200b<\/div>","protected":false},"excerpt":{"rendered":"<p>\u00a0Esta actividad es\u00a0 organizado por el\u00a0Programa Democracia y Transformaci\u00f3n Global\u00a0con la colaboraci\u00f3n de CEAAL, el Diplomado de Formaci\u00f3n de Formadores en Educaci\u00f3n popular de la UARM y Docu Per\u00fa; a partir\u00a0 las 18:30 en la Universiad Antonio Ruiz de Montoya (Av. Paso de los Andes 970 en Pueblo Libre). Contar\u00e1 con la participaci\u00f3n de varias [&hellip;]<\/p>\n","protected":false},"author":1,"featured_media":0,"comment_status":"closed","ping_status":"open","sticky":false,"template":"","format":"standard","meta":{"_monsterinsights_skip_tracking":false,"_monsterinsights_sitenote_active":false,"_monsterinsights_sitenote_note":"","_monsterinsights_sitenote_category":0,"_jetpack_memberships_contains_paid_content":false,"footnotes":"","jetpack_publicize_message":"","jetpack_publicize_feature_enabled":true,"jetpack_social_post_already_shared":false,"jetpack_social_options":{"image_generator_settings":{"template":"highway","default_image_id":0,"font":"","enabled":false},"version":2}},"categories":[1],"tags":[],"class_list":["post-5471","post","type-post","status-publish","format-standard","hentry","category-sin-categoria"],"blocksy_meta":[],"jetpack_publicize_connections":[],"jetpack_featured_media_url":"","jetpack_sharing_enabled":true,"jetpack_likes_enabled":true,"_links":{"self":[{"href":"https:\/\/derechosinfronteras.pe\/ingles\/wp-json\/wp\/v2\/posts\/5471","targetHints":{"allow":["GET"]}}],"collection":[{"href":"https:\/\/derechosinfronteras.pe\/ingles\/wp-json\/wp\/v2\/posts"}],"about":[{"href":"https:\/\/derechosinfronteras.pe\/ingles\/wp-json\/wp\/v2\/types\/post"}],"author":[{"embeddable":true,"href":"https:\/\/derechosinfronteras.pe\/ingles\/wp-json\/wp\/v2\/users\/1"}],"replies":[{"embeddable":true,"href":"https:\/\/derechosinfronteras.pe\/ingles\/wp-json\/wp\/v2\/comments?post=5471"}],"version-history":[{"count":0,"href":"https:\/\/derechosinfronteras.pe\/ingles\/wp-json\/wp\/v2\/posts\/5471\/revisions"}],"wp:attachment":[{"href":"https:\/\/derechosinfronteras.pe\/ingles\/wp-json\/wp\/v2\/media?parent=5471"}],"wp:term":[{"taxonomy":"category","embeddable":true,"href":"https:\/\/derechosinfronteras.pe\/ingles\/wp-json\/wp\/v2\/categories?post=5471"},{"taxonomy":"post_tag","embeddable":true,"href":"https:\/\/derechosinfronteras.pe\/ingles\/wp-json\/wp\/v2\/tags?post=5471"}],"curies":[{"name":"wp","href":"https:\/\/api.w.org\/{rel}","templated":true}]}}