{"id":5475,"date":"2016-04-19T11:48:52","date_gmt":"2016-04-19T16:48:52","guid":{"rendered":"http:\/\/derechosinfronteras.pe\/?p=1176"},"modified":"2016-04-19T11:48:52","modified_gmt":"2016-04-19T16:48:52","slug":"encuentro-nacional-de-vigilantes-y-monitores-ambientales-comunitarios-del-sur-andino-en-la-provincia-de-espinar","status":"publish","type":"post","link":"https:\/\/derechosinfronteras.pe\/ingles\/encuentro-nacional-de-vigilantes-y-monitores-ambientales-comunitarios-del-sur-andino-en-la-provincia-de-espinar\/","title":{"rendered":"Encuentro Nacional de Vigilantes y Monitores Ambientales comunitarios del Sur Andino en la Provincia de Espinar"},"content":{"rendered":"<p>Al existir \u00a0acueductos rurales que no cumplen con las especificaciones t\u00e9cnicas y de operaci\u00f3n que garanticen la calidad del servicio de agua, ya que \u00a0puede contaminarse en la fuente natural, en la\u00a0 captaci\u00f3n o en la red de distribuci\u00f3n; es aqu\u00ed donde toma gran importancia\u00a0\u00a0\u00a0 el\u00a0\u00a0\u00a0 papel\u00a0\u00a0\u00a0 de\u00a0\u00a0\u00a0 la\u00a0\u00a0\u00a0 comunidad\u00a0\u00a0\u00a0 y\u00a0\u00a0\u00a0 la\u00a0\u00a0\u00a0 organizaci\u00f3n\u00a0\u00a0 administradora\u00a0 del\u00a0 acueducto,\u00a0 como\u00a0 encargados\u00a0 de\u00a0 velar\u00a0 por\u00a0 el\u00a0 buen\u00a0 estado\u00a0 del\u00a0 sistema,\u00a0 para\u00a0 asegurar\u00a0 agua\u00a0 de\u00a0 calidad,\u00a0 apta para el consumo humano.<\/p>\n<p>En su mayor\u00eda las zonas donde se ha iniciado con el monitoreo comunitario son zonas que tienen impactos ambientales y sociales negativos significativos (es decir, proyectos relacionados a industrias extractivas, como la miner\u00eda, petr\u00f3leo y gas, e infraestructuras a gran escala) donde las comunidades tienen una historia de desconfianza hacia el Estado o la empresa.<\/p>\n<p>Por ello y con el objetivo de intercambiar acciones, metodolog\u00edas y estrategias en temas de monitoreo comunitario en la macro sur, Puno, Ayacucho, Apur\u00edmac, \u00a0las provincias de, Cotabambas, Chumbivilcas, Paruro, las oficinas de gesti\u00f3n ambiental, los pobladores y escolares de los distritos y centros poblados de la provincia de Espinar, participaron en el Encuentro Nacional de Vigilantes y Monitores Ambientales comunitarios del Sur Andino en la Provincia de Espinar el jueves 14 de abril.<\/p>\n<p>Este primer encuentro permiti\u00f3 identificar las problem\u00e1ticas que se presentan para poder realizar el monitoreo comunitario, en los diferentes departamentos, siendo algunos:<\/p>\n<ul>\n<li>La falta de sensibilizaci\u00f3n y concientizaci\u00f3n en temas de cuidado del agua y monitoreo comunitario.<\/li>\n<li>Los vertimientos de relaves mineros en el caso de Espinar, pro infiltraci\u00f3n de los cuerpos de agua que hay en el lugar, hace de esa agua inservible para el consumo humano.<\/li>\n<li>No contar con herramientas ni capacitaci\u00f3n para realizar el monitoreo de sus r\u00edos.<\/li>\n<li>El incremento de la basura que contamina los r\u00edos.<\/li>\n<li>No existe el ordenamiento territorial, para saber y delimitar de qu\u00e9 punto a que punto es su territorio y poder realizar actividades de cultivo y ganader\u00eda para el provecho de ellos.<\/li>\n<li>No se cuenta con una planta de relleno sanitario, pese a ser competencia de las municipalidades.<\/li>\n<\/ul>\n<p><a href=\"http:\/\/derechosinfronteras.pe\/wp-content\/uploads\/2016\/04\/IMG_9904.jpg\" rel=\"attachment wp-att-1177\"><img fetchpriority=\"high\" decoding=\"async\" class=\"aligncenter size-full wp-image-1177\" src=\"http:\/\/derechosinfronteras.pe\/wp-content\/uploads\/2016\/04\/IMG_9904.jpg\" alt=\"IMG_9904\" width=\"500\" height=\"750\" \/><\/a><\/p>\n<p>ESTRATEGIAS QUE SE APLICAN A LA \u00a0LABOR DE VIGILANTES Y MONITORES AMBIENTALES<\/p>\n<p>Formamos comisiones ambientales, formaci\u00f3n de l\u00edderes en cada comunidad quienes hagan respetar los derechos y problemas que tiene cada monitoreo, para:<\/p>\n<ul>\n<li>Articular las organizaciones a la Comisi\u00f3n ambiental Municipal \u2013CAM para estar reconocidas y hacer valer sus derechos.<\/li>\n<li>Lograr presupuestos para realizar monitoreos participativos en alianzas con instituciones.<\/li>\n<li>Reconocimiento de monitores por el Gobierno local, provincial y nacional.<\/li>\n<li>Difusi\u00f3n de los logros y resultados obtenidos a nivel nacional por una plataforma comunicativa.<\/li>\n<li>Educar en temas ambientales a trav\u00e9s de las emisoras en los centros poblados.<\/li>\n<\/ul>\n<p>\u00bfQU\u00c9 LECCI\u00d3N Y APORTES ALCANZAMOS DE NUESTRAS EXPERIENCIAS DE MONITOREO AL ESTADO?<\/p>\n<ul>\n<li>Los pobladores exigen se valide los resultados obtenidos por la comunidad durante los monitoreos.<\/li>\n<li>Promover leyes para el reconocimiento de monitores comunales.<\/li>\n<li>Dar a conocer las problem\u00e1ticas y necesidades de la comunidad, para que el Estado conozca a fondo la problem\u00e1tica de estas poblaciones.<\/li>\n<li>El aporte de las ONG en las comunidades es muy importante, lo que el Estado no puede hacer, siendo las ONG quienes toman esa responsabilidad, es una lecci\u00f3n al Estado.<\/li>\n<li>La criminalizaci\u00f3n a personas por reclamos justos es un abuso.<\/li>\n<\/ul>\n<p><a href=\"http:\/\/derechosinfronteras.pe\/wp-content\/uploads\/2016\/04\/IMG_9990.jpg\" rel=\"attachment wp-att-1178\"><img decoding=\"async\" class=\"aligncenter size-full wp-image-1178\" src=\"http:\/\/derechosinfronteras.pe\/wp-content\/uploads\/2016\/04\/IMG_9990.jpg\" alt=\"IMG_9990\" width=\"750\" height=\"500\" \/><\/a><\/p>\n<p>PARTICIPANTES<\/p>\n<p>Participaron como exponentes el Ing. Edwin Alejandro Berrospi \u2013 Red Muqui Nacional, Ing. Mar\u00eda Teresa Jim\u00e9nez del Gobierno Regional Cusco, Ing. Arnaldo Huayhua de la Gerencia de Recursos Naturales y medio ambiente en Espinar, Ing. Denis \u00c1lvarez Campano representante de la Autoridad Nacional del Agua (ANA) \u2013 Ala Alto Apur\u00edmac Velille, quienes dieron a conocer las acciones que vienen realizando desde la instituci\u00f3n respectiva.<\/p>\n<p>Resultado de ello el representante del ANA manifest\u00f3 que la Autoridad Nacional del Agua desde el inicio de sus actividades en 2012 ha hecho la evaluaci\u00f3n de las aguas superficiales en los r\u00edos en Espinar \u00a0y en\u00a0 el mes de junio presentar\u00e1n el diagn\u00f3stico de los informes que hasta la fecha han ejecutado.<\/p>\n<p><a href=\"http:\/\/derechosinfronteras.pe\/wp-content\/uploads\/2016\/04\/IMG_9957.jpg\" rel=\"attachment wp-att-1179\"><img decoding=\"async\" class=\"aligncenter size-full wp-image-1179\" src=\"http:\/\/derechosinfronteras.pe\/wp-content\/uploads\/2016\/04\/IMG_9957.jpg\" alt=\"IMG_9957\" width=\"500\" height=\"750\" \/><\/a><\/p>\n<p>Este primer encuentro permiti\u00f3 la interacci\u00f3n, intercambio de las experiencias realizadas hasta el momento y planificaci\u00f3n de actividades futuras conjuntas entre todos los monitores, pues los participantes dieron a conocer qu\u00e9 es lo que \u00a0vienen \u00a0desarrollando entre sus \u00a0actividades de concientizaci\u00f3n acerca del cuidado del medio ambiente y sobre todo el cuidado de los r\u00edos y los recursos h\u00eddricos en zona de influencia minera.<\/p>\n<p>Este encuentro fue organizado por: la Red Muqui Sur, Derechos Humanos sin Fronteras, Cooperacci\u00f3n, IDECA, Asociaci\u00f3n Arariwa, Cedap, Grupo Apur\u00edmac y CADEP Jos\u00e9 Mar\u00eda Arguedas.<\/p>","protected":false},"excerpt":{"rendered":"<p>Al existir \u00a0acueductos rurales que no cumplen con las especificaciones t\u00e9cnicas y de operaci\u00f3n que garanticen la calidad del servicio de agua, ya que \u00a0puede contaminarse en la fuente natural, en la\u00a0 captaci\u00f3n o en la red de distribuci\u00f3n; es aqu\u00ed donde toma gran importancia\u00a0\u00a0\u00a0 el\u00a0\u00a0\u00a0 papel\u00a0\u00a0\u00a0 de\u00a0\u00a0\u00a0 la\u00a0\u00a0\u00a0 comunidad\u00a0\u00a0\u00a0 y\u00a0\u00a0\u00a0 la\u00a0\u00a0\u00a0 organizaci\u00f3n\u00a0\u00a0 administradora\u00a0 del\u00a0 [&hellip;]<\/p>\n","protected":false},"author":1,"featured_media":5476,"comment_status":"closed","ping_status":"open","sticky":false,"template":"","format":"standard","meta":{"_monsterinsights_skip_tracking":false,"_monsterinsights_sitenote_active":false,"_monsterinsights_sitenote_note":"","_monsterinsights_sitenote_category":0,"_jetpack_memberships_contains_paid_content":false,"footnotes":"","jetpack_publicize_message":"","jetpack_publicize_feature_enabled":true,"jetpack_social_post_already_shared":false,"jetpack_social_options":{"image_generator_settings":{"template":"highway","default_image_id":0,"font":"","enabled":false},"version":2}},"categories":[1],"tags":[],"class_list":["post-5475","post","type-post","status-publish","format-standard","has-post-thumbnail","hentry","category-sin-categoria"],"blocksy_meta":[],"jetpack_publicize_connections":[],"jetpack_featured_media_url":"https:\/\/derechosinfronteras.pe\/wp-content\/uploads\/2016\/04\/IMG_9954.jpg","jetpack_sharing_enabled":true,"jetpack_likes_enabled":true,"_links":{"self":[{"href":"https:\/\/derechosinfronteras.pe\/ingles\/wp-json\/wp\/v2\/posts\/5475","targetHints":{"allow":["GET"]}}],"collection":[{"href":"https:\/\/derechosinfronteras.pe\/ingles\/wp-json\/wp\/v2\/posts"}],"about":[{"href":"https:\/\/derechosinfronteras.pe\/ingles\/wp-json\/wp\/v2\/types\/post"}],"author":[{"embeddable":true,"href":"https:\/\/derechosinfronteras.pe\/ingles\/wp-json\/wp\/v2\/users\/1"}],"replies":[{"embeddable":true,"href":"https:\/\/derechosinfronteras.pe\/ingles\/wp-json\/wp\/v2\/comments?post=5475"}],"version-history":[{"count":0,"href":"https:\/\/derechosinfronteras.pe\/ingles\/wp-json\/wp\/v2\/posts\/5475\/revisions"}],"wp:featuredmedia":[{"embeddable":true,"href":"https:\/\/derechosinfronteras.pe\/ingles\/wp-json\/wp\/v2\/media\/5476"}],"wp:attachment":[{"href":"https:\/\/derechosinfronteras.pe\/ingles\/wp-json\/wp\/v2\/media?parent=5475"}],"wp:term":[{"taxonomy":"category","embeddable":true,"href":"https:\/\/derechosinfronteras.pe\/ingles\/wp-json\/wp\/v2\/categories?post=5475"},{"taxonomy":"post_tag","embeddable":true,"href":"https:\/\/derechosinfronteras.pe\/ingles\/wp-json\/wp\/v2\/tags?post=5475"}],"curies":[{"name":"wp","href":"https:\/\/api.w.org\/{rel}","templated":true}]}}