{"id":5480,"date":"2016-04-18T16:17:16","date_gmt":"2016-04-18T21:17:16","guid":{"rendered":"http:\/\/derechosinfronteras.pe\/?p=1170"},"modified":"2016-04-18T16:17:16","modified_gmt":"2016-04-18T21:17:16","slug":"paro-indefinido-en-challhuahuacho-se-suspende-ante-proxima-reunion-con-ministros","status":"publish","type":"post","link":"https:\/\/derechosinfronteras.pe\/ingles\/paro-indefinido-en-challhuahuacho-se-suspende-ante-proxima-reunion-con-ministros\/","title":{"rendered":"Paro indefinido en Challhuahuacho se suspende ante pr\u00f3xima reuni\u00f3n con ministros"},"content":{"rendered":"<p>LAS BAMBAS<\/p>\n<ul>\n<li><em>PCM garantiza presencia de ministros en la zona para este 27 de abril<\/em><\/li>\n<\/ul>\n<p>El jefe de la Oficina de Sostenibilidad y Di\u00e1logo de la Presidencia del Consejo de Ministros (ONSD-PCM), Jos\u00e9 \u00c1vila, garantiz\u00f3 que este mi\u00e9rcoles 27 de abril se llevar\u00e1 a cabo un reuni\u00f3n ejecutiva entre las organizaciones sociales de Challahuahuacho (Cotabambas, Arequipa), y los ministros que participaron directamente en la mesa de desarrollo de este distrito que es la principal zona de influencia del proyecto minero Las Bambas.<\/p>\n<p>En respuesta, se acord\u00f3 la suspensi\u00f3n del paro indefinido que se acata en todo el distrito desde el 5 de abril. Esta tregua se dar\u00e1 hasta el mi\u00e9rcoles 20 de abril, d\u00eda en que se llevar\u00e1 a cabo una reuni\u00f3n previa con los viceministros de los sectores involucrados en la Mesa para el desarrollo de Challhuahuacho, y los dirigentes de las organizaciones sociales quienes acudir\u00e1n con sus respectivos asesores t\u00e9cnicos.<a href=\"http:\/\/derechosinfronteras.pe\/wp-content\/uploads\/2016\/04\/challhua7.jpg\" rel=\"attachment wp-att-1172\"><img fetchpriority=\"high\" decoding=\"async\" class=\"aligncenter size-full wp-image-1172\" src=\"http:\/\/derechosinfronteras.pe\/wp-content\/uploads\/2016\/04\/challhua7.jpg\" alt=\"challhua7\" width=\"720\" height=\"405\" \/><br \/>\n<\/a>El pasado 15 de abril, Jos\u00e9 \u00c1vila lleg\u00f3 hasta Challhuahuacho y\u00a0 se reuni\u00f3 con los dirigentes de las organizaciones sociales que sostienen este un paro distrital indefinido. En dicho encuentro, como representante del Ejecutivo, el jefe de la ONSD-PCM reconoci\u00f3 las causas legales del paro y su expresi\u00f3n pac\u00edfica, adem\u00e1s de aceptar negociar la plataforma de lucha de las 35 comunidades ind\u00edgenas de la zona, seg\u00fan indic\u00f3 el alcalde distrital, Antol\u00edn Chipani, desde su cuenta de<em>Facebook<\/em>.<\/p>\n<p>Chipani, asegur\u00f3 a trav\u00e9s de un comunicado, que la Federaci\u00f3n Campesina de Challhuahuacho, el Frente de Defensa de los intereses del distrito de Challhuahuacho y la asociaci\u00f3n de j\u00f3venes PAKIS WARAKA, buscan el camino a la paz, mediante el desarrollo local y el di\u00e1logo.<\/p>\n<p>Finalmente, el burgomaestre, dijo esperar que los acuerdos tomados en esta reuni\u00f3n con \u00c1vila, contribuya a la paz y la estabilidad social en el distrito.<\/p>\n<p>La medida de fuerza, que ha sido suspendida por el momento, responde al incumplimiento de los acuerdos tomados en la mesa para el desarrollo de Challhuahuacho, la misma que ha venido trabajado de marzo a junio de 2015 para atender la situaci\u00f3n de extrema pobreza de la poblaci\u00f3n que habita zona de influencia del proyecto minero Las Bambas.<\/p>\n<p><strong><em>Fotos: Facebook de Antol\u00edn Chipani<\/em><\/strong><\/p>","protected":false},"excerpt":{"rendered":"<p>LAS BAMBAS PCM garantiza presencia de ministros en la zona para este 27 de abril El jefe de la Oficina de Sostenibilidad y Di\u00e1logo de la Presidencia del Consejo de Ministros (ONSD-PCM), Jos\u00e9 \u00c1vila, garantiz\u00f3 que este mi\u00e9rcoles 27 de abril se llevar\u00e1 a cabo un reuni\u00f3n ejecutiva entre las organizaciones sociales de Challahuahuacho (Cotabambas, [&hellip;]<\/p>\n","protected":false},"author":1,"featured_media":5481,"comment_status":"closed","ping_status":"open","sticky":false,"template":"","format":"standard","meta":{"_monsterinsights_skip_tracking":false,"_monsterinsights_sitenote_active":false,"_monsterinsights_sitenote_note":"","_monsterinsights_sitenote_category":0,"_jetpack_memberships_contains_paid_content":false,"footnotes":"","jetpack_publicize_message":"","jetpack_publicize_feature_enabled":true,"jetpack_social_post_already_shared":false,"jetpack_social_options":{"image_generator_settings":{"template":"highway","default_image_id":0,"font":"","enabled":false},"version":2}},"categories":[1],"tags":[],"class_list":["post-5480","post","type-post","status-publish","format-standard","has-post-thumbnail","hentry","category-sin-categoria"],"blocksy_meta":[],"jetpack_publicize_connections":[],"jetpack_featured_media_url":"https:\/\/derechosinfronteras.pe\/wp-content\/uploads\/2016\/04\/challhua6.jpg","jetpack_sharing_enabled":true,"jetpack_likes_enabled":true,"_links":{"self":[{"href":"https:\/\/derechosinfronteras.pe\/ingles\/wp-json\/wp\/v2\/posts\/5480","targetHints":{"allow":["GET"]}}],"collection":[{"href":"https:\/\/derechosinfronteras.pe\/ingles\/wp-json\/wp\/v2\/posts"}],"about":[{"href":"https:\/\/derechosinfronteras.pe\/ingles\/wp-json\/wp\/v2\/types\/post"}],"author":[{"embeddable":true,"href":"https:\/\/derechosinfronteras.pe\/ingles\/wp-json\/wp\/v2\/users\/1"}],"replies":[{"embeddable":true,"href":"https:\/\/derechosinfronteras.pe\/ingles\/wp-json\/wp\/v2\/comments?post=5480"}],"version-history":[{"count":0,"href":"https:\/\/derechosinfronteras.pe\/ingles\/wp-json\/wp\/v2\/posts\/5480\/revisions"}],"wp:featuredmedia":[{"embeddable":true,"href":"https:\/\/derechosinfronteras.pe\/ingles\/wp-json\/wp\/v2\/media\/5481"}],"wp:attachment":[{"href":"https:\/\/derechosinfronteras.pe\/ingles\/wp-json\/wp\/v2\/media?parent=5480"}],"wp:term":[{"taxonomy":"category","embeddable":true,"href":"https:\/\/derechosinfronteras.pe\/ingles\/wp-json\/wp\/v2\/categories?post=5480"},{"taxonomy":"post_tag","embeddable":true,"href":"https:\/\/derechosinfronteras.pe\/ingles\/wp-json\/wp\/v2\/tags?post=5480"}],"curies":[{"name":"wp","href":"https:\/\/api.w.org\/{rel}","templated":true}]}}