{"id":5483,"date":"2016-04-18T16:02:36","date_gmt":"2016-04-18T21:02:36","guid":{"rendered":"http:\/\/derechosinfronteras.pe\/?p=1161"},"modified":"2016-04-18T16:02:36","modified_gmt":"2016-04-18T21:02:36","slug":"se-inicioel-recojo-de-testimonio-a-mujeres-afectadas-por-esterilizaciones-forzadas-en-chumbivilcas","status":"publish","type":"post","link":"https:\/\/derechosinfronteras.pe\/ingles\/se-inicioel-recojo-de-testimonio-a-mujeres-afectadas-por-esterilizaciones-forzadas-en-chumbivilcas\/","title":{"rendered":"Se inici\u00f3 el recojo de testimonio a mujeres afectadas por esterilizaciones forzadas en Chumbivilcas"},"content":{"rendered":"<p>El 13 de abril se \u00a0inici\u00f3 con el \u00a0recojo de testimonio \u00a0a las mujeres\u00a0 inscritas en el registro de la Asociaci\u00f3n de Mujeres V\u00edctimas de las Esterilizaciones Forzadas \u00a0en la provincia de Chumbivilcas , el padr\u00f3n de la asociaci\u00f3n cuenta con la inscripci\u00f3n de 192 mujeres que ser\u00e1n atendidas del 13 al 25 de abril.<\/p>\n<p>Seg\u00fan declaraciones del Dr. Robert Ch\u00e1vez Hurtado, Abogado representante del Ministerio de Justicia y Derechos Humanos Cusco, este recojo de testimonios ser\u00e1 acompa\u00f1ado por 4 abogados profesionales de manera permanente, los mismos que cuentan con 4 traductores del idioma quechua pertenecientes al Centro Cultural Cusco, entre las entidades p\u00fablicas se est\u00e1 trabajando con el Ministerio de la Mujer y Poblaciones Vulnerables en caso de soporte psicol\u00f3gico que requieran las posibles v\u00edctimas y el Ministerio de Justicia en el caso de la direcci\u00f3n distrital de defensa p\u00fablica a cargo del proceso.<\/p>\n<p>EL PROCESO<\/p>\n<p>Este registro se inicia con el recojo de informaci\u00f3n a trav\u00e9s de una ficha, donde la persona afectada podr\u00e1 detallar y dar alcances de c\u00f3mo fue la manera en la que fue v\u00edctima de la esterilizaci\u00f3n, seguidamente se le har\u00e1 entrega de una constancia que indica que ha sido parte del inicio del procedimiento. En la segunda fase se le derivar\u00e1 a un m\u00e9dico para que este certifique la compatibilidad de la herida que presenta con una esterilizaci\u00f3n forzada y al terminar entregara su constancia de haber sido atendida por \u00e9l.<\/p>\n<p>Al culminar deber\u00e1 presentar todas sus constancias y certificados al lugar donde lleno la ficha para que puedan escanearlos y subirlos al sistema correspondiente.<\/p>\n<p>Paso seguido se har\u00e1 el comunicado a la Direcci\u00f3n Regional de Salud \u2013 DIRESA para que ellos puedan dar alg\u00fan reporte si es que \u00a0hay alg\u00fan antecedente de esterilizaci\u00f3n forzada de la persona. La DIRESA tendr\u00e1 un plazo de 30 d\u00edas para emitir el respectivo informe del caso.<\/p>\n<p>Con o sin el informe se cierra el registro y se le entregar\u00e1 una constancia de inscripci\u00f3n en el registro de esterilizaciones forzadas.<\/p>\n<p><a href=\"http:\/\/derechosinfronteras.pe\/wp-content\/uploads\/2016\/04\/ESTERILIZACIONES-CHUMBI.jpg\" rel=\"attachment wp-att-1164\"><img fetchpriority=\"high\" decoding=\"async\" class=\"aligncenter size-full wp-image-1164\" src=\"http:\/\/derechosinfronteras.pe\/wp-content\/uploads\/2016\/04\/ESTERILIZACIONES-CHUMBI.jpg\" alt=\"ESTERILIZACIONES CHUMBI\" width=\"749\" height=\"446\" \/><\/a><\/p>\n<p><a href=\"http:\/\/derechosinfronteras.pe\/wp-content\/uploads\/2016\/04\/IMG_9778.jpg\" rel=\"attachment wp-att-1162\"><img decoding=\"async\" class=\"aligncenter size-full wp-image-1162\" src=\"http:\/\/derechosinfronteras.pe\/wp-content\/uploads\/2016\/04\/IMG_9778.jpg\" alt=\"IMG_9778\" width=\"750\" height=\"500\" \/><\/a><\/p>\n<p>LA CONSTANCIA<\/p>\n<p>La constancia final le facilitara el acceso a tres derechos fundamentales como es el Sistema de Salud \u00a0en el SIS, la asistencia psicol\u00f3gica y social a trav\u00e9s del Ministerio de la Mujer y Poblaciones Vulnerables y por \u00faltimo el servicio de la defensa p\u00fablica \u00a0con una asistencia legal integral para las personas que requieran iniciar alguna acci\u00f3n legal por las esterilizaciones u otros temas.<\/p>\n<p>Durante la semana se tomaron los testimonios de 20 personas por d\u00eda, quienes a trav\u00e9s del padr\u00f3n pueden saber que fechas les toca seg\u00fan al distrito y sector al cual pertenezcan, asimismo las mujeres que a\u00fan no han sido inscritas en el padr\u00f3n de enero pasado tendr\u00e1n el tiempo de 10 d\u00edas posteriores \u00a0al culminar la evaluaci\u00f3n de las mujeres afectadas, es decir a partir del 26 de abril para su respectivo registro.<\/p>","protected":false},"excerpt":{"rendered":"<p>El 13 de abril se \u00a0inici\u00f3 con el \u00a0recojo de testimonio \u00a0a las mujeres\u00a0 inscritas en el registro de la Asociaci\u00f3n de Mujeres V\u00edctimas de las Esterilizaciones Forzadas \u00a0en la provincia de Chumbivilcas , el padr\u00f3n de la asociaci\u00f3n cuenta con la inscripci\u00f3n de 192 mujeres que ser\u00e1n atendidas del 13 al 25 de abril. [&hellip;]<\/p>\n","protected":false},"author":1,"featured_media":5484,"comment_status":"closed","ping_status":"open","sticky":false,"template":"","format":"standard","meta":{"_monsterinsights_skip_tracking":false,"_monsterinsights_sitenote_active":false,"_monsterinsights_sitenote_note":"","_monsterinsights_sitenote_category":0,"_jetpack_memberships_contains_paid_content":false,"footnotes":"","jetpack_publicize_message":"","jetpack_publicize_feature_enabled":true,"jetpack_social_post_already_shared":false,"jetpack_social_options":{"image_generator_settings":{"template":"highway","default_image_id":0,"font":"","enabled":false},"version":2}},"categories":[1],"tags":[],"class_list":["post-5483","post","type-post","status-publish","format-standard","has-post-thumbnail","hentry","category-sin-categoria"],"blocksy_meta":[],"jetpack_publicize_connections":[],"jetpack_featured_media_url":"https:\/\/derechosinfronteras.pe\/wp-content\/uploads\/2016\/04\/IMG_9781.jpg","jetpack_sharing_enabled":true,"jetpack_likes_enabled":true,"_links":{"self":[{"href":"https:\/\/derechosinfronteras.pe\/ingles\/wp-json\/wp\/v2\/posts\/5483","targetHints":{"allow":["GET"]}}],"collection":[{"href":"https:\/\/derechosinfronteras.pe\/ingles\/wp-json\/wp\/v2\/posts"}],"about":[{"href":"https:\/\/derechosinfronteras.pe\/ingles\/wp-json\/wp\/v2\/types\/post"}],"author":[{"embeddable":true,"href":"https:\/\/derechosinfronteras.pe\/ingles\/wp-json\/wp\/v2\/users\/1"}],"replies":[{"embeddable":true,"href":"https:\/\/derechosinfronteras.pe\/ingles\/wp-json\/wp\/v2\/comments?post=5483"}],"version-history":[{"count":0,"href":"https:\/\/derechosinfronteras.pe\/ingles\/wp-json\/wp\/v2\/posts\/5483\/revisions"}],"wp:featuredmedia":[{"embeddable":true,"href":"https:\/\/derechosinfronteras.pe\/ingles\/wp-json\/wp\/v2\/media\/5484"}],"wp:attachment":[{"href":"https:\/\/derechosinfronteras.pe\/ingles\/wp-json\/wp\/v2\/media?parent=5483"}],"wp:term":[{"taxonomy":"category","embeddable":true,"href":"https:\/\/derechosinfronteras.pe\/ingles\/wp-json\/wp\/v2\/categories?post=5483"},{"taxonomy":"post_tag","embeddable":true,"href":"https:\/\/derechosinfronteras.pe\/ingles\/wp-json\/wp\/v2\/tags?post=5483"}],"curies":[{"name":"wp","href":"https:\/\/api.w.org\/{rel}","templated":true}]}}