{"id":5492,"date":"2016-04-18T10:43:04","date_gmt":"2016-04-18T15:43:04","guid":{"rendered":"http:\/\/derechosinfronteras.pe\/?p=1148"},"modified":"2016-04-18T10:43:04","modified_gmt":"2016-04-18T15:43:04","slug":"programa-de-capacitacion-en-gestion-publica-concluye-en-chumbivilcas","status":"publish","type":"post","link":"https:\/\/derechosinfronteras.pe\/ingles\/programa-de-capacitacion-en-gestion-publica-concluye-en-chumbivilcas\/","title":{"rendered":"Programa de Capacitaci\u00f3n en Gesti\u00f3n P\u00fablica concluye en Chumbivilcas"},"content":{"rendered":"<p>Con el objetivo de fortalecer sus capacidades en temas de gesti\u00f3n p\u00fablica, deberes y derechos as\u00ed como el conocimiento de la normatividad de sus roles y funciones a favor de la provincia de Chumbivilcas, sus 8 distritos Santo Tom\u00e1s, Capacmarca, Chamaca, Colquemarca, Livitaca, Llusco, Qui\u00f1ota y Velille y las 77 comunidades rurales, el mi\u00e9rcoles 13 de abril se realiz\u00f3 la clausura del \u201cPrograma de Capacitaci\u00f3n en Gesti\u00f3n Municipal para Regidoras y Regidores de la Provincia de Chumbivilcas\u201d con el cuarto modulo denominado \u201cEJERCICIO DE CIUDADANIA\u201d.<br \/>\nEn el desarrollo de la Gesti\u00f3n de los Gobiernos Locales, provinciales a lo largo de estos a\u00f1os se ha detectado la existencia de diferencias y\/o desviaciones que inciden negativamente en el cumplimiento de los objetivos y metas. Tales aspectos se tornan repetitivos y el no superarlos oportunamente ha mostrado deficiencias que han ocasionado problemas de mayor magnitud.<br \/>\nPor ello la necesidad de capacitar a los regidores y autoridades de los centros poblados, para que puedan fiscalizar, pronunciarse y hacer cumplir con sus competencias municipales a las autoridades, que tienen la responsabilidad de cumplir las funciones atribuidas por la Constituci\u00f3n Pol\u00edtica del Estado y desarrolladas en la Ley Org\u00e1nica de Municipalidades; brindando bienestar a los pobladores a trav\u00e9s de una adecuada prestaci\u00f3n de los Servicios P\u00fablicos Locales y la ejecuci\u00f3n de Obras de Infraestructura Local para satisfacer las crecientes necesidades de la Poblaci\u00f3n.<\/p>\n<p><a href=\"http:\/\/derechosinfronteras.pe\/wp-content\/uploads\/2016\/04\/IMG_9808.jpg\" rel=\"attachment wp-att-1149\"><img fetchpriority=\"high\" decoding=\"async\" class=\"aligncenter size-full wp-image-1149\" src=\"http:\/\/derechosinfronteras.pe\/wp-content\/uploads\/2016\/04\/IMG_9808.jpg\" alt=\"IMG_9808\" width=\"750\" height=\"500\" \/><\/a><\/p>\n<p>El evento fue organizado por el \u201cGrupo Impulsor\u201d conformado por Organismos de Desarrollo no Gubernamentales (Asociaci\u00f3n Arariwa, CADEP Jos\u00e9 Mar\u00eda Arguedas, Derechos Humanos sin Fronteras y Plan Internacional) en coordinaci\u00f3n con autoridades de la provincia de Chumbivilcas, pues ello responde al complejo escenario que brinda la modernizaci\u00f3n del Estado, lo cual ha creado nuevos retos al desempe\u00f1o de las entidades p\u00fablicas y la relaci\u00f3n con la sociedad civil.<br \/>\nTEMAS<br \/>\nDesde setiembre del 2015 hasta la fecha se han desarrollado 4 m\u00f3dulos para capacitar e involucrar a los regidores y las regidoras de la provincia, sus distritos y los centros poblados de chumbivilcas, siendo estos:<br \/>\nM\u00f3dulo I: GOBIERNOS LOCALES Y FUNCIONES DE SUS AUTORIDADES<br \/>\nM\u00f3dulo II: POLITICAS PUBLICAS Y REPRESENTATIVIDAD<br \/>\nM\u00f3dulo III: GESTION POR RESULTADOS Y POLITICAS P\u00daBLICAS<br \/>\nM\u00f3dulo IV: EJERCICIO DE CIUDADANIA<\/p>\n<p><a href=\"http:\/\/derechosinfronteras.pe\/wp-content\/uploads\/2016\/04\/IMG_9816.jpg\" rel=\"attachment wp-att-1150\"><img decoding=\"async\" class=\"aligncenter size-full wp-image-1150\" src=\"http:\/\/derechosinfronteras.pe\/wp-content\/uploads\/2016\/04\/IMG_9816.jpg\" alt=\"IMG_9816\" width=\"500\" height=\"750\" \/><\/a><\/p>\n<p>Recordemos que es necesario el aprendizaje de la norma para hacer prevalecer nuestros derechos y la de nuestros hermanos campesinos m\u00e1s aun siendo autoridades y regidores representantes de un pueblo; ya que las Municipalidades, est\u00e1n constitucionalmente facultadas para decidir qu\u00e9 cosa hacer para lograr el desarrollo Local.<\/p>","protected":false},"excerpt":{"rendered":"<p>Con el objetivo de fortalecer sus capacidades en temas de gesti\u00f3n p\u00fablica, deberes y derechos as\u00ed como el conocimiento de la normatividad de sus roles y funciones a favor de la provincia de Chumbivilcas, sus 8 distritos Santo Tom\u00e1s, Capacmarca, Chamaca, Colquemarca, Livitaca, Llusco, Qui\u00f1ota y Velille y las 77 comunidades rurales, el mi\u00e9rcoles 13 [&hellip;]<\/p>\n","protected":false},"author":1,"featured_media":5493,"comment_status":"closed","ping_status":"open","sticky":false,"template":"","format":"standard","meta":{"_monsterinsights_skip_tracking":false,"_monsterinsights_sitenote_active":false,"_monsterinsights_sitenote_note":"","_monsterinsights_sitenote_category":0,"_jetpack_memberships_contains_paid_content":false,"footnotes":"","jetpack_publicize_message":"","jetpack_publicize_feature_enabled":true,"jetpack_social_post_already_shared":false,"jetpack_social_options":{"image_generator_settings":{"template":"highway","default_image_id":0,"font":"","enabled":false},"version":2}},"categories":[1],"tags":[],"class_list":["post-5492","post","type-post","status-publish","format-standard","has-post-thumbnail","hentry","category-sin-categoria"],"blocksy_meta":[],"jetpack_publicize_connections":[],"jetpack_featured_media_url":"https:\/\/derechosinfronteras.pe\/wp-content\/uploads\/2016\/04\/IMG_9856.jpg","jetpack_sharing_enabled":true,"jetpack_likes_enabled":true,"_links":{"self":[{"href":"https:\/\/derechosinfronteras.pe\/ingles\/wp-json\/wp\/v2\/posts\/5492","targetHints":{"allow":["GET"]}}],"collection":[{"href":"https:\/\/derechosinfronteras.pe\/ingles\/wp-json\/wp\/v2\/posts"}],"about":[{"href":"https:\/\/derechosinfronteras.pe\/ingles\/wp-json\/wp\/v2\/types\/post"}],"author":[{"embeddable":true,"href":"https:\/\/derechosinfronteras.pe\/ingles\/wp-json\/wp\/v2\/users\/1"}],"replies":[{"embeddable":true,"href":"https:\/\/derechosinfronteras.pe\/ingles\/wp-json\/wp\/v2\/comments?post=5492"}],"version-history":[{"count":0,"href":"https:\/\/derechosinfronteras.pe\/ingles\/wp-json\/wp\/v2\/posts\/5492\/revisions"}],"wp:featuredmedia":[{"embeddable":true,"href":"https:\/\/derechosinfronteras.pe\/ingles\/wp-json\/wp\/v2\/media\/5493"}],"wp:attachment":[{"href":"https:\/\/derechosinfronteras.pe\/ingles\/wp-json\/wp\/v2\/media?parent=5492"}],"wp:term":[{"taxonomy":"category","embeddable":true,"href":"https:\/\/derechosinfronteras.pe\/ingles\/wp-json\/wp\/v2\/categories?post=5492"},{"taxonomy":"post_tag","embeddable":true,"href":"https:\/\/derechosinfronteras.pe\/ingles\/wp-json\/wp\/v2\/tags?post=5492"}],"curies":[{"name":"wp","href":"https:\/\/api.w.org\/{rel}","templated":true}]}}