{"id":5496,"date":"2016-04-15T18:20:17","date_gmt":"2016-04-15T23:20:17","guid":{"rendered":"http:\/\/derechosinfronteras.pe\/?p=1140"},"modified":"2016-04-15T18:20:17","modified_gmt":"2016-04-15T23:20:17","slug":"en-chumbivilcas-se-realizo-el-i-encuentro-de-regidoras-y-mujeres-autoridades-de-centros-poblados","status":"publish","type":"post","link":"https:\/\/derechosinfronteras.pe\/ingles\/en-chumbivilcas-se-realizo-el-i-encuentro-de-regidoras-y-mujeres-autoridades-de-centros-poblados\/","title":{"rendered":"En Chumbivilcas  se realiz\u00f3 el I Encuentro de Regidoras y mujeres autoridades de centros poblados"},"content":{"rendered":"<p>El 12 de abril se desarroll\u00f3 el primer \u00a0encuentro de mujeres regidoras y autoridades mujeres de los centros poblados de la provincia de chumbivilcas &#8211; Cusco, con el objetivo de contribuir al fortalecimiento de las capacidades de las mujeres de la provincia para ejercer una gesti\u00f3n p\u00fablica eficiente que les permita promover el desarrollo de sus localidades, y en particular el respeto y ejercicio de los derechos de las mujeres en Chumbivilcas.<\/p>\n<p>Asimismo se realiz\u00f3 la constituci\u00f3n formal de una Asociaci\u00f3n Civil sin fines de lucro con los alcances previstos en el C\u00f3digo Civil denominada \u201cAsociaci\u00f3n de Regidoras y mujeres autoridades de la Provincia de Chumbivilcas \u2013 ARMACH\u201d\u00a0 que agrupa a todas las mujeres autoridades (alcaldesas y regidoras) de la provincia y sus 8 distritos para trabajar en la participaci\u00f3n pol\u00edtica de la mujer generando pol\u00edticas p\u00fablicas, en temas de equidad de g\u00e9nero, seguridad alimentaria, empoderamiento en los conocimiento de sus derechos y deberes y otros.<\/p>\n<p><a href=\"http:\/\/derechosinfronteras.pe\/wp-content\/uploads\/2016\/04\/IMG_9756.jpg\" rel=\"attachment wp-att-1141\"><img fetchpriority=\"high\" decoding=\"async\" class=\"aligncenter size-full wp-image-1141\" src=\"http:\/\/derechosinfronteras.pe\/wp-content\/uploads\/2016\/04\/IMG_9756.jpg\" alt=\"IMG_9756\" width=\"750\" height=\"500\" \/><\/a><\/p>\n<p>El encuentro inicio con la presentaci\u00f3n sobre los avances en pol\u00edticas de igualdad de oportunidades a nivel local y regional, seguidamente se realiz\u00f3 una exposici\u00f3n dialogada y trabajo grupal sobre situaci\u00f3n de las mujeres; avances dificultades y retos\u00a0 en la arquitectura de g\u00e9nero, identificando los espacios de concertaci\u00f3n en los que participan, las limitaciones para acceder a las instancias de poder o hacer incidencia respecto a sus agendas.<\/p>\n<p>Este importante encuentro permiti\u00f3 fortalecer a las organizaciones de mujeres, visibilizar y plantear sus agendas y lograr compromisos de las mujeres Chumbivilcanas.<\/p>","protected":false},"excerpt":{"rendered":"<p>El 12 de abril se desarroll\u00f3 el primer \u00a0encuentro de mujeres regidoras y autoridades mujeres de los centros poblados de la provincia de chumbivilcas &#8211; Cusco, con el objetivo de contribuir al fortalecimiento de las capacidades de las mujeres de la provincia para ejercer una gesti\u00f3n p\u00fablica eficiente que les permita promover el desarrollo de [&hellip;]<\/p>\n","protected":false},"author":1,"featured_media":5497,"comment_status":"closed","ping_status":"open","sticky":false,"template":"","format":"standard","meta":{"_monsterinsights_skip_tracking":false,"_monsterinsights_sitenote_active":false,"_monsterinsights_sitenote_note":"","_monsterinsights_sitenote_category":0,"_jetpack_memberships_contains_paid_content":false,"footnotes":"","jetpack_publicize_message":"","jetpack_publicize_feature_enabled":true,"jetpack_social_post_already_shared":false,"jetpack_social_options":{"image_generator_settings":{"template":"highway","default_image_id":0,"font":"","enabled":false},"version":2}},"categories":[1],"tags":[],"class_list":["post-5496","post","type-post","status-publish","format-standard","has-post-thumbnail","hentry","category-sin-categoria"],"blocksy_meta":[],"jetpack_publicize_connections":[],"jetpack_featured_media_url":"https:\/\/derechosinfronteras.pe\/wp-content\/uploads\/2016\/04\/IMG_9764.jpg","jetpack_sharing_enabled":true,"jetpack_likes_enabled":true,"_links":{"self":[{"href":"https:\/\/derechosinfronteras.pe\/ingles\/wp-json\/wp\/v2\/posts\/5496","targetHints":{"allow":["GET"]}}],"collection":[{"href":"https:\/\/derechosinfronteras.pe\/ingles\/wp-json\/wp\/v2\/posts"}],"about":[{"href":"https:\/\/derechosinfronteras.pe\/ingles\/wp-json\/wp\/v2\/types\/post"}],"author":[{"embeddable":true,"href":"https:\/\/derechosinfronteras.pe\/ingles\/wp-json\/wp\/v2\/users\/1"}],"replies":[{"embeddable":true,"href":"https:\/\/derechosinfronteras.pe\/ingles\/wp-json\/wp\/v2\/comments?post=5496"}],"version-history":[{"count":0,"href":"https:\/\/derechosinfronteras.pe\/ingles\/wp-json\/wp\/v2\/posts\/5496\/revisions"}],"wp:featuredmedia":[{"embeddable":true,"href":"https:\/\/derechosinfronteras.pe\/ingles\/wp-json\/wp\/v2\/media\/5497"}],"wp:attachment":[{"href":"https:\/\/derechosinfronteras.pe\/ingles\/wp-json\/wp\/v2\/media?parent=5496"}],"wp:term":[{"taxonomy":"category","embeddable":true,"href":"https:\/\/derechosinfronteras.pe\/ingles\/wp-json\/wp\/v2\/categories?post=5496"},{"taxonomy":"post_tag","embeddable":true,"href":"https:\/\/derechosinfronteras.pe\/ingles\/wp-json\/wp\/v2\/tags?post=5496"}],"curies":[{"name":"wp","href":"https:\/\/api.w.org\/{rel}","templated":true}]}}