{"id":5499,"date":"2016-04-15T17:31:54","date_gmt":"2016-04-15T22:31:54","guid":{"rendered":"http:\/\/derechosinfronteras.pe\/?p=1137"},"modified":"2016-04-15T17:31:54","modified_gmt":"2016-04-15T22:31:54","slug":"policia-nacional-brindara-seguridad-a-la-familia-chaupe-acuna","status":"publish","type":"post","link":"https:\/\/derechosinfronteras.pe\/ingles\/policia-nacional-brindara-seguridad-a-la-familia-chaupe-acuna\/","title":{"rendered":"Polic\u00eda Nacional brindar\u00e1 seguridad a la familia Chaupe Acu\u00f1a"},"content":{"rendered":"<p>POR DISPOSICI\u00d3N DE LA ONAGI<\/p>\n<ul>\n<li><em>Gobernaci\u00f3n de Cajamarca asegura que tiempo de garant\u00edas personales es indeterminado<\/em><\/li>\n<li><em>Si Yanacocha irrumpe en Tragadero grande tendr\u00eda que responder ante el Poder Judicial <\/em><\/li>\n<\/ul>\n<p>La Oficina Nacional de Gobierno Interior (ONAGI) dispuso que la regi\u00f3n policial de Cajamarca se traslade dos veces por mes hasta el predio de Tragadero grande para asegurar que el personal de la empresa minera Yanacocha deje de irrumpir y hostilizar a la campesina M\u00e1xima Acu\u00f1a y a su familia.<\/p>\n<p>La abogada de los Chaupe Acu\u00f1a, Mirtha V\u00e1squez, detall\u00f3 que la resoluci\u00f3n directoral N\u00b0 0014 \u2013 2015 emitida por esta dependencia del Ministerio del Interior, precisa que estos desplazamientos ser\u00e1n de manera inopinada a bordo de motocicletas, adem\u00e1s de proporcionar tel\u00e9fonos m\u00f3viles a M\u00e1xima Chaupe Atalaya, as\u00ed como a sus hijos Daniel e Isidora Chaupe Acu\u00f1a, quienes podr\u00e1n estar en permanente contacto con la polic\u00eda y alertarlos en caso de alguna emergencia.<\/p>\n<p>Adem\u00e1s V\u00e1squez detall\u00f3 que esta disposici\u00f3n se da en atenci\u00f3n a una resoluci\u00f3n de la Comisi\u00f3n Interamericana de Derechos Humanos (CIDH).<\/p>\n<p><strong>Habla el gobernador<\/strong><\/p>\n<p>Por su parte, el gobernador pol\u00edtico de Cajamarca, Edwin Edquen S\u00e1nchez, indic\u00f3 que la duraci\u00f3n de estas garant\u00edas es de car\u00e1cter indeterminado.<\/p>\n<p>\u201cSe han venido tramitando garant\u00edas, y estas ya llegaron a su punto final, es decir, est\u00e1n consentidas. Es por eso que se ha emitido un documento de cumplimiento por parte de la regi\u00f3n policial y las acciones de protecci\u00f3n ya se est\u00e1n llevando a cabo. La duraci\u00f3n de las garant\u00edas es indeterminada\u201d, recalc\u00f3 Edquen.<\/p>\n<p>Edquen indic\u00f3 que desde que las garant\u00edas son efectivas, la polic\u00eda ya cuenta con mecanismos de comunicar a la autoridad competente, si la tranquilidad de los Chaupe Acu\u00f1a se est\u00e1 trasgrediendo. Tambi\u00e9n asegur\u00f3 que se le est\u00e1 comunicando a la minera Yanacocha sobre esta decisi\u00f3n de su despacho, as\u00ed como de la resoluci\u00f3n de la ONAGI, con el fin de que faciliten el cumplimiento de estas garant\u00edas.<\/p>\n<p>\u201cEn caso de incumplimiento por parte de la empresa minera, a la gobernaci\u00f3n ya no le corresponder\u00eda continuar alg\u00fan otro proceso, sino al Poder Judicial\u201d, puntualiz\u00f3.<\/p>\n<p><strong>DATO:<\/strong><\/p>\n<p>La \u00faltima incursi\u00f3n de la minera Yanacocha al terreno de los Chaupe Acu\u00f1a se dio el 15 de marzo \u00faltimo. Esta vez el personal de seguridad privada de la minera rosearon unos qu\u00edmicos en spray sobre el terreno.<\/p>\n<p style=\"text-align: right;\">Fuente: Red Muqui.<\/p>\n<p style=\"text-align: right;\">Imagen: utero.pe<\/p>","protected":false},"excerpt":{"rendered":"<p>POR DISPOSICI\u00d3N DE LA ONAGI Gobernaci\u00f3n de Cajamarca asegura que tiempo de garant\u00edas personales es indeterminado Si Yanacocha irrumpe en Tragadero grande tendr\u00eda que responder ante el Poder Judicial La Oficina Nacional de Gobierno Interior (ONAGI) dispuso que la regi\u00f3n policial de Cajamarca se traslade dos veces por mes hasta el predio de Tragadero grande [&hellip;]<\/p>\n","protected":false},"author":1,"featured_media":5500,"comment_status":"closed","ping_status":"open","sticky":false,"template":"","format":"standard","meta":{"_monsterinsights_skip_tracking":false,"_monsterinsights_sitenote_active":false,"_monsterinsights_sitenote_note":"","_monsterinsights_sitenote_category":0,"_jetpack_memberships_contains_paid_content":false,"footnotes":"","jetpack_publicize_message":"","jetpack_publicize_feature_enabled":true,"jetpack_social_post_already_shared":false,"jetpack_social_options":{"image_generator_settings":{"template":"highway","default_image_id":0,"font":"","enabled":false},"version":2}},"categories":[1],"tags":[],"class_list":["post-5499","post","type-post","status-publish","format-standard","has-post-thumbnail","hentry","category-sin-categoria"],"blocksy_meta":[],"jetpack_publicize_connections":[],"jetpack_featured_media_url":"https:\/\/derechosinfronteras.pe\/wp-content\/uploads\/2016\/04\/Maxima-Acuna-de-Chaupe-denuncia-nueva-intimidacion-de-Policia-Nacional-del-Peru-contratada-por-minera-Yanacocha.jpg","jetpack_sharing_enabled":true,"jetpack_likes_enabled":true,"_links":{"self":[{"href":"https:\/\/derechosinfronteras.pe\/ingles\/wp-json\/wp\/v2\/posts\/5499","targetHints":{"allow":["GET"]}}],"collection":[{"href":"https:\/\/derechosinfronteras.pe\/ingles\/wp-json\/wp\/v2\/posts"}],"about":[{"href":"https:\/\/derechosinfronteras.pe\/ingles\/wp-json\/wp\/v2\/types\/post"}],"author":[{"embeddable":true,"href":"https:\/\/derechosinfronteras.pe\/ingles\/wp-json\/wp\/v2\/users\/1"}],"replies":[{"embeddable":true,"href":"https:\/\/derechosinfronteras.pe\/ingles\/wp-json\/wp\/v2\/comments?post=5499"}],"version-history":[{"count":0,"href":"https:\/\/derechosinfronteras.pe\/ingles\/wp-json\/wp\/v2\/posts\/5499\/revisions"}],"wp:featuredmedia":[{"embeddable":true,"href":"https:\/\/derechosinfronteras.pe\/ingles\/wp-json\/wp\/v2\/media\/5500"}],"wp:attachment":[{"href":"https:\/\/derechosinfronteras.pe\/ingles\/wp-json\/wp\/v2\/media?parent=5499"}],"wp:term":[{"taxonomy":"category","embeddable":true,"href":"https:\/\/derechosinfronteras.pe\/ingles\/wp-json\/wp\/v2\/categories?post=5499"},{"taxonomy":"post_tag","embeddable":true,"href":"https:\/\/derechosinfronteras.pe\/ingles\/wp-json\/wp\/v2\/tags?post=5499"}],"curies":[{"name":"wp","href":"https:\/\/api.w.org\/{rel}","templated":true}]}}