{"id":5505,"date":"2016-04-11T16:49:49","date_gmt":"2016-04-11T21:49:49","guid":{"rendered":"http:\/\/derechosinfronteras.pe\/?p=1128"},"modified":"2016-04-11T16:49:49","modified_gmt":"2016-04-11T21:49:49","slug":"este-martes-challhuahuacho-retoma-paro-indefinido-y-demanda-presencia-de-ministros","status":"publish","type":"post","link":"https:\/\/derechosinfronteras.pe\/ingles\/este-martes-challhuahuacho-retoma-paro-indefinido-y-demanda-presencia-de-ministros\/","title":{"rendered":"Este martes Challhuahuacho retoma paro indefinido y demanda presencia de ministros"},"content":{"rendered":"<p>LUEGO DE ELECCIONES<\/p>\n<p>Las autoridades locales, dirigentes sociales y poblaci\u00f3n del distrito de Challahuahuacho anunciaron que \u00a0este martes 11, se retomar\u00e1 el paro indefinido que iniciaron el 5 de abril y que fue suspendido debido a las elecciones generales, as\u00ed lo dio a conocer el alcalde de dicho distrito, Antol\u00edn Chipani Lima, a trav\u00e9s de su cuenta personal de <em>Facebook<\/em>.<\/p>\n<p>Seg\u00fan refiri\u00f3 el burgomaestre local, las organizaciones sociales le informaron esta decisi\u00f3n al Minisitro de Vivienda, Francisco Dumler, quien lleg\u00f3 hasta Apur\u00edmac liderando una comisi\u00f3n del Ejecutivo con el fin de coordinar la ejecuci\u00f3n pendiente de obras en Challhuahuacho, adem\u00e1s de trasladarse a Tambobamba para supervisar la mesa de trabajo pendiente con toda la provincia de Cotabambas.<\/p>\n<p>\u201c(Durante) el cuarto d\u00eda, del conflicto activo, y el primer d\u00eda de suspensi\u00f3n del paro indefinido debido al proceso electoral, los representantes de organizaciones sociales recibieron en Challhuahuacho al Ministro Dumler, y le informaron muy respetuosamente que el di\u00e1logo y negociaci\u00f3n iniciara solo bajo la presencia de Pedro Cateriano y los titulares de las siguientes carteras: MVCS, MINEM, MINAM, MTC, MINDIS, MINSA, MINEDU, MINAGRI, MINJUS Y CULTURA\u201d, indic\u00f3 Chipani.<\/p>\n<p>El alcalde de Challhuahuaho se\u00f1al\u00f3 que esta medida de fuerza responde al incumplimiento de los acuerdos tomados en la mesa para el desarrollo de Challhuahuacho, la misma que ha venido trabajado de marzo a junio de 2015 para atender la situaci\u00f3n de extrema pobreza de la poblaci\u00f3n que habita zona de influencia del proyecto minero Las Bambas.<\/p>\n<p>En di\u00e1logo con RED MUQUI, el alcalde Chipani, aclar\u00f3 que este paro distrital indefinido es acatado por ocho federaciones sociales, 34 comunidades campesinas y ocho barrios del distrito de Challhuahuacho. \u201cLa mesa provincial que se lleva en Tambobamba y el pedido de di\u00e1logo de las 47 comunidades Chankas-Yanawara son plataformas distintas\u201d, agreg\u00f3.<\/p>\n<p><strong>Mesa de di\u00e1logo, no de trabajo<\/strong><\/p>\n<p>De otro lado, en Tambobamba, el Ejecutivo se comprometi\u00f3 una vez m\u00e1s a cambiar la denominaci\u00f3n de la \u201cMesa de Trabajo para el Desarrollo de la Provincia de Cotabambas\u201d por una mesa de di\u00e1logo, acuerdo que las organizaciones sociales y autoridades locales de la provincia de Cotabambas (Apur\u00edmac) vienen esperando que se cumpla desde que se instal\u00f3 oficialmente el 29 de febrero de este a\u00f1o.<\/p>\n<p>Este viernes 8 de abril, el Ejecutivo comision\u00f3 al Ministro de Vivienda, Francisco Dumler, para atender los asuntos de la mesa de trabajo de Cotabambas, tras el retiro de las organizaciones sociales que exig\u00edan la presencia de un ministro de Estado. Tras sostenerse una reuni\u00f3n en la sede de la Municipalidad Provincial de Cotabambas, Dumler junto con algunos alcaldes y dirigentes sociales, acordaron que se modificar\u00e1 la resoluci\u00f3n que denomina la mesa como un grupo de trabajo para el desarrollo.<\/p>\n<p>De igual modo, acordaron reprogramar las fechas de inicio de los los sub grupos establecidos en la mesa de trabajo, que no se llevaron a cabo entre el 21 y 23 de marzo. Ronald Bello del Frente de defensa de los intereses de Tambobamba, coment\u00f3 a RED MUQUI que, a ra\u00edz de este acuerdo, las organizaciones sociales decidieron reincorporarse a la mesa de trabajo.<\/p>\n<p>Es as\u00ed que fueron decididas las fechas de los ejes de trabajo:<\/p>\n<ul>\n<li>Medio Ambiente: Jueves 21 de abril en Tambobamba.<\/li>\n<li>Derechos Humanos: Viernes 22 de abril en el distrito de Mara \u2013 Pisaccasa.<\/li>\n<li>Desarrollo Sostenible: Lunes 25 de abril en el distrito de Haquira.<\/li>\n<li>Responsabilidad Social Empresarial: Martes 26 de abril en el distrito de Coyllurqui.<\/li>\n<\/ul>\n<p><strong>DATOS:<\/strong><\/p>\n<ul>\n<li>A Francisco Dumler, lo acompa\u00f1\u00f3 el Viceministro de Minas, Guillermo Shinno; el Viceministro de Transportes, Henry Zayra, as\u00ed como representantes de la Oficina Nacional de Di\u00e1logo y Sostenibilidad de la Presidencia del Consejo de Ministros.<\/li>\n<li>Por parte de las autoridades locales asistieron la alcaldesa encargada de la provincia de Cotabambas, Olinda Bol\u00edvar; y los alcaldes distritales de Coyllurqui, Leoncio Mendoza Zambrano y de Cotabambas, Fortunato Mantilla Huaracc. Tambi\u00e9n acudieron algunos dirigentes del Frente de Defensa de Cotabambas, Virginia Pinares, Ronald Bello, Rodolfo Abarca y Allem Torre.<\/li>\n<\/ul>\n<p><strong><em>Fotos: Facebook Antol\u00edn Chipani \/ Ministerio de Vivienda<\/em><\/strong><\/p>","protected":false},"excerpt":{"rendered":"<p>LUEGO DE ELECCIONES Las autoridades locales, dirigentes sociales y poblaci\u00f3n del distrito de Challahuahuacho anunciaron que \u00a0este martes 11, se retomar\u00e1 el paro indefinido que iniciaron el 5 de abril y que fue suspendido debido a las elecciones generales, as\u00ed lo dio a conocer el alcalde de dicho distrito, Antol\u00edn Chipani Lima, a trav\u00e9s de [&hellip;]<\/p>\n","protected":false},"author":1,"featured_media":5506,"comment_status":"closed","ping_status":"open","sticky":false,"template":"","format":"standard","meta":{"_monsterinsights_skip_tracking":false,"_monsterinsights_sitenote_active":false,"_monsterinsights_sitenote_note":"","_monsterinsights_sitenote_category":0,"_jetpack_memberships_contains_paid_content":false,"footnotes":"","jetpack_publicize_message":"","jetpack_publicize_feature_enabled":true,"jetpack_social_post_already_shared":false,"jetpack_social_options":{"image_generator_settings":{"template":"highway","default_image_id":0,"font":"","enabled":false},"version":2}},"categories":[1],"tags":[],"class_list":["post-5505","post","type-post","status-publish","format-standard","has-post-thumbnail","hentry","category-sin-categoria"],"blocksy_meta":[],"jetpack_publicize_connections":[],"jetpack_featured_media_url":"https:\/\/derechosinfronteras.pe\/wp-content\/uploads\/2016\/04\/chalhua3.png","jetpack_sharing_enabled":true,"jetpack_likes_enabled":true,"_links":{"self":[{"href":"https:\/\/derechosinfronteras.pe\/ingles\/wp-json\/wp\/v2\/posts\/5505","targetHints":{"allow":["GET"]}}],"collection":[{"href":"https:\/\/derechosinfronteras.pe\/ingles\/wp-json\/wp\/v2\/posts"}],"about":[{"href":"https:\/\/derechosinfronteras.pe\/ingles\/wp-json\/wp\/v2\/types\/post"}],"author":[{"embeddable":true,"href":"https:\/\/derechosinfronteras.pe\/ingles\/wp-json\/wp\/v2\/users\/1"}],"replies":[{"embeddable":true,"href":"https:\/\/derechosinfronteras.pe\/ingles\/wp-json\/wp\/v2\/comments?post=5505"}],"version-history":[{"count":0,"href":"https:\/\/derechosinfronteras.pe\/ingles\/wp-json\/wp\/v2\/posts\/5505\/revisions"}],"wp:featuredmedia":[{"embeddable":true,"href":"https:\/\/derechosinfronteras.pe\/ingles\/wp-json\/wp\/v2\/media\/5506"}],"wp:attachment":[{"href":"https:\/\/derechosinfronteras.pe\/ingles\/wp-json\/wp\/v2\/media?parent=5505"}],"wp:term":[{"taxonomy":"category","embeddable":true,"href":"https:\/\/derechosinfronteras.pe\/ingles\/wp-json\/wp\/v2\/categories?post=5505"},{"taxonomy":"post_tag","embeddable":true,"href":"https:\/\/derechosinfronteras.pe\/ingles\/wp-json\/wp\/v2\/tags?post=5505"}],"curies":[{"name":"wp","href":"https:\/\/api.w.org\/{rel}","templated":true}]}}