{"id":5507,"date":"2016-04-08T17:05:04","date_gmt":"2016-04-08T22:05:04","guid":{"rendered":"http:\/\/derechosinfronteras.pe\/?p=1121"},"modified":"2023-12-28T20:57:55","modified_gmt":"2023-12-29T01:57:55","slug":"contaminacion-de-la-poblacion-de-espinar-cusco-llega-a-la-comision-interamericana-de-derechos-humanos","status":"publish","type":"post","link":"https:\/\/derechosinfronteras.pe\/ingles\/contaminacion-de-la-poblacion-de-espinar-cusco-llega-a-la-comision-interamericana-de-derechos-humanos\/","title":{"rendered":"Contaminaci\u00f3n de la poblaci\u00f3n de Espinar- Cusco llega a la Comisi\u00f3n Interamericana de Derechos Humanos"},"content":{"rendered":"<p>El d\u00eda de hoy, viernes 8 de abril, en Washington D.C.-EEUU, a las 2.40 pm, se llev\u00f3 a cabo ante la Comisi\u00f3n Interamericana de Derechos Humanos (CIDH) la audiencia p\u00fablica sobre la indiferencia del Estado en el grave caso de contaminaci\u00f3n por metales pesados de personas en Espinar &#8211; Cusco.<\/p>\n<p>En este espacio internacional se describi\u00f3 lo ocurrido con las comunidades campesinas de Espinar, Alto Huancan\u00e9 y Huisa: C\u00f3mo la poblaci\u00f3n en menci\u00f3n fue sometida a diversos estudios cient\u00edficos a trav\u00e9s de los cuales se comprob\u00f3 la exposici\u00f3n a metales pesados (cadmio, ars\u00e9nico, cadmio, plomo y otros). Los hechos que se narraron en la audiencia y que se sustentaron con pruebas se enmarcan en un contexto de abandono de los roles del Estado hacia la poblaci\u00f3n de Espinar, particularmente ind\u00edgena, y la denuncia de un nivel de coordinaci\u00f3n ilegal entre las empresas mineras que realizan actividad extractiva en la zona y los organismos del Estado; as\u00ed como un nivel de amedrentamiento contra los pobladores que han denunciado estos hechos. Una situaci\u00f3n en la que convergen graves violaciones a los derechos humanos, como el derecho a la salud, integridad f\u00edsica y vida digna.<\/p>\n<p>En representaci\u00f3n de las v\u00edctimas asistieron: Melchora Surco Rimachi, lideresa ind\u00edgena; Juan Carlos Ruiz Molleda, abogado del IDL y Fernando Osores Plenge, m\u00e9dico ambientalista. Participaron en representaci\u00f3n del Estado el procurador, Luis Huerta Guerrero.<\/p>\n<p>Los integrantes de la CIDH; Paulo Vannuchi, Enrique Gil, Esmeralda Arosemena, hicieron evidente su preocupaci\u00f3n por lo que ocurre con la salud de la poblaci\u00f3n, as\u00ed como por la actitud del\u00a0 Estado de criminalizar a quienes protestan por esta situaci\u00f3n. El Comisionado, Gil Botero, se\u00f1al\u00f3 que los estudios muestran con contundencia y de forma alarmante lo nocivo de los metales pesados. Por su lado la Comisionada, Esmeralda Arosemena, solicit\u00f3 al Estado peruano una evaluaci\u00f3n y revisi\u00f3n de la situaci\u00f3n jur\u00eddica de las tres personas detenidas de forma preventiva por reclamar contaminaci\u00f3n, e hizo un llamado a detener la contaminaci\u00f3n.<\/p>\n<p>Los representantes de las v\u00edctimas solicitaron a la CIDH lo siguiente:<\/p>\n<p><strong>Solitudes para el caso espec\u00edfico<\/strong><\/p>\n<ol>\n<li>Que el Estado peruano brinde atenci\u00f3n a la salud de las v\u00edctimas expuestas a metales pesados en la regi\u00f3n de Cusco, provincia de Espinar, y en concreto se realicen ex\u00e1menes epidemiol\u00f3gicos y toxicol\u00f3gicos a toda la poblaci\u00f3n afectada.<\/li>\n<\/ol>\n<ol start=\"2\">\n<li>Que el Estado peruano asigne presupuesto a los planes de atenci\u00f3n integral de las v\u00edctimas con metales pesados elaborados por el Gobierno Regional o el Ministerio de Salud.<\/li>\n<\/ol>\n<ol start=\"3\">\n<li>Que el Estado peruano garantice un servicio de salud adecuado, id\u00f3neo, y bien implementado, con personal t\u00e9cnicamente capaz e imparcial.<\/li>\n<\/ol>\n<ol start=\"4\">\n<li>Que el Estado peruano archive la denuncia ante Ministerio P\u00fablico contra el m\u00e9dico Fernando Osores Plenge y el abogado Juan Carlos Ruiz Molleda, el primero m\u00e9dico asesor y el segundo abogado de las comunidades campesinas afectadas por metales pesados.<\/li>\n<\/ol>\n<ol start=\"5\">\n<li>Que el Estado peruano, deje de criminalizar a los dirigentes de las comunidades campesinas en represalia por protestar contra la contaminaci\u00f3n ambiental y la exposici\u00f3n a metales pesados en Espinar tal como se viene haciendo con 3 dirigentes de la Asociaci\u00f3n de productores de Huinipampa, en Espinar, Cusco; espec\u00edficamente se pide garant\u00edas para la dirigente Melchora Surco Rimachi.<\/li>\n<\/ol>\n<p><strong>Solicitudes generales<\/strong><\/p>\n<ol start=\"6\">\n<li>Que el Estado peruano cumpla con el deber de proteger a la poblaci\u00f3n en su derecho a la salud, especialmente en zonas vulnerables y cuando de por medio hay actividad de extracci\u00f3n de recursos naturales, especialmente mineras.<\/li>\n<\/ol>\n<ol start=\"7\">\n<li>Que el Estado peruano se abstenga de realizar contratos, sea en materia de salud o de seguridad, con empresas extractivas de recursos naturales; a fin que no se vea mellado el principio de imparcialidad y no se corra el riesgo de privatizar servicios p\u00fablicos.<\/li>\n<\/ol>\n<ol start=\"8\">\n<li>Que el Estado peruano, bajo el principio de transparencia, solicite a las instituciones pertinentes a publicar todos los contratos que tienen tanto la Polic\u00eda Nacional del Per\u00fa y las entidades del sector salud con empresas encargadas de extraer recursos naturales o las empresas tercerizadoras que realizan trabajo en zonas de extracci\u00f3n de recursos naturales.<\/li>\n<\/ol>\n<p>Para ver la audiencia completa dele clic al siguiente enlace:<\/p>\n<p>Per\u00fa: Pueblos ind\u00edgenas en Espinar, Cusco <\/p>\n<p>La audiencia se realiza por el trabajo de:<\/p>\n<p>Asociaci\u00f3n para la Defensa de Paccpaco afectada por la Miner\u00eda Alto Huancane (ADEPAMI) \/ CooperAcci\u00f3n \/ Derechos Humanos sin Fronteras (DHF)\/ Instituto de Defensa Legal (IDL); y el apoyo de Broederlijk Denle.<\/p>","protected":false},"excerpt":{"rendered":"<p>El d\u00eda de hoy, viernes 8 de abril, en Washington D.C.-EEUU, a las 2.40 pm, se llev\u00f3 a cabo ante la Comisi\u00f3n Interamericana de Derechos Humanos (CIDH) la audiencia p\u00fablica sobre la indiferencia del Estado en el grave caso de contaminaci\u00f3n por metales pesados de personas en Espinar &#8211; Cusco. En este espacio internacional se [&hellip;]<\/p>\n","protected":false},"author":1,"featured_media":5508,"comment_status":"closed","ping_status":"open","sticky":false,"template":"","format":"standard","meta":{"_monsterinsights_skip_tracking":false,"_monsterinsights_sitenote_active":false,"_monsterinsights_sitenote_note":"","_monsterinsights_sitenote_category":0,"_jetpack_memberships_contains_paid_content":false,"footnotes":"","jetpack_publicize_message":"","jetpack_publicize_feature_enabled":true,"jetpack_social_post_already_shared":false,"jetpack_social_options":{"image_generator_settings":{"template":"highway","default_image_id":0,"font":"","enabled":false},"version":2}},"categories":[1],"tags":[],"class_list":["post-5507","post","type-post","status-publish","format-standard","has-post-thumbnail","hentry","category-sin-categoria"],"blocksy_meta":[],"jetpack_publicize_connections":[],"jetpack_featured_media_url":"https:\/\/derechosinfronteras.pe\/wp-content\/uploads\/2016\/04\/MELCHORA.jpg","jetpack_sharing_enabled":true,"jetpack_likes_enabled":true,"_links":{"self":[{"href":"https:\/\/derechosinfronteras.pe\/ingles\/wp-json\/wp\/v2\/posts\/5507","targetHints":{"allow":["GET"]}}],"collection":[{"href":"https:\/\/derechosinfronteras.pe\/ingles\/wp-json\/wp\/v2\/posts"}],"about":[{"href":"https:\/\/derechosinfronteras.pe\/ingles\/wp-json\/wp\/v2\/types\/post"}],"author":[{"embeddable":true,"href":"https:\/\/derechosinfronteras.pe\/ingles\/wp-json\/wp\/v2\/users\/1"}],"replies":[{"embeddable":true,"href":"https:\/\/derechosinfronteras.pe\/ingles\/wp-json\/wp\/v2\/comments?post=5507"}],"version-history":[{"count":1,"href":"https:\/\/derechosinfronteras.pe\/ingles\/wp-json\/wp\/v2\/posts\/5507\/revisions"}],"predecessor-version":[{"id":7160,"href":"https:\/\/derechosinfronteras.pe\/ingles\/wp-json\/wp\/v2\/posts\/5507\/revisions\/7160"}],"wp:featuredmedia":[{"embeddable":true,"href":"https:\/\/derechosinfronteras.pe\/ingles\/wp-json\/wp\/v2\/media\/5508"}],"wp:attachment":[{"href":"https:\/\/derechosinfronteras.pe\/ingles\/wp-json\/wp\/v2\/media?parent=5507"}],"wp:term":[{"taxonomy":"category","embeddable":true,"href":"https:\/\/derechosinfronteras.pe\/ingles\/wp-json\/wp\/v2\/categories?post=5507"},{"taxonomy":"post_tag","embeddable":true,"href":"https:\/\/derechosinfronteras.pe\/ingles\/wp-json\/wp\/v2\/tags?post=5507"}],"curies":[{"name":"wp","href":"https:\/\/api.w.org\/{rel}","templated":true}]}}