{"id":5519,"date":"2016-04-06T12:46:51","date_gmt":"2016-04-06T17:46:51","guid":{"rendered":"http:\/\/derechosinfronteras.pe\/?p=1086"},"modified":"2016-04-06T12:46:51","modified_gmt":"2016-04-06T17:46:51","slug":"por-un-voto-responsable-e-informado-en-base-a-propuestas","status":"publish","type":"post","link":"https:\/\/derechosinfronteras.pe\/ingles\/por-un-voto-responsable-e-informado-en-base-a-propuestas\/","title":{"rendered":"Por un Voto Responsable e Informado en Base a Propuestas"},"content":{"rendered":"<p>RED MUQUI se dirige a la opini\u00f3n p\u00fablica nacional e internacional para manifestar lo siguiente:<\/p>\n<ol>\n<li>Saludamos la realizaci\u00f3n de estas elecciones generales, presidenciales y congresales, que\u00a0 se realizan por tercera vez consecutiva, luego de que se recuperara la democracia vulnerada por un gobierno dictatorial.<\/li>\n<li>Cabe recordar que el gobierno de Alberto Fujimori flexibiliz\u00f3 las normas en materia econ\u00f3mica, ambiental y social para captar inversiones a cualquier costo, por medio de una serie de decretos legislativos. Luego, Alan Garc\u00eda hizo lo propio, lo que condujo a hechos tan lamentables como lo ocurrido en Bagua; el actual gobierno ha continuado en esa misma l\u00ednea, afectando seriamente, entre otras, la institucionalidad ambiental.<\/li>\n<\/ol>\n<p>En los \u00faltimos 25 a\u00f1os nuestra econom\u00eda ha profundizado su dependencia a la \u00a0explotaci\u00f3n de materias primas -especialmente minerales- sin ning\u00fan valor agregado. Asimismo, los ingresos percibidos por el Estado producto de este tipo de actividad, no han sido los que corresponder\u00edan recibir en un largo periodo de bonanza. Adem\u00e1s, esos ingresos no han sido utilizados\u00a0 para apalancar el desarrollo del pa\u00eds.\u00a0 Un ejemplo de ello es Cajamarca. Esta regi\u00f3n\u00a0 tiene la mina de oro m\u00e1s grande de Am\u00e9rica Latina y la cuarta en el mundo y, sin embargo, \u00a0es una de las m\u00e1s pobres del Per\u00fa.<\/p>\n<ol start=\"3\">\n<li>Es necesaria una diversificaci\u00f3n de nuestra econom\u00eda para no depender de una sola actividad productiva y evitar ser tan vulnerables a los precios de los minerales, as\u00ed como al mercado internacional. No podemos seguir presionando sobre los territorios con proyectos extractivos sin tener en claro su capacidad de soporte, al igual que la viabilidad econ\u00f3mica, ambiental y social de los proyectos extractivos. Para determinarlo esto, es\u00a0 imprescindible impulsar el ordenamiento territorial de manera decidida, en el pa\u00eds.<\/li>\n<li>Son indispensables una serie de pol\u00edticas p\u00fablicas y una Ley de Ordenamiento Territorial que establezcan d\u00f3nde se puede, o no, realizar actividades mineras, considerando las potencialidades y debilidades de nuestras regiones, protegiendo debidamente nuestros nevados, glaciales y ecosistemas de monta\u00f1a que son los generadores de recursos h\u00eddricos, adem\u00e1s de las tierras agr\u00edcolas que son de importancia para nuestra seguridad alimentaria (s\u00f3lo 7% a nivel nacional est\u00e1n destinadas para ello).<\/li>\n<li>La protecci\u00f3n de la salud ambiental y el tratamiento de los pasivos ambientales ha quedado de lado, por lo que hoy es una ocupaci\u00f3n prioritaria. El Estado s\u00f3lo ha avanzado en tener un inventario nacional de pasivos que alcanzan los 9 mil, pero no se han establecido pol\u00edticas, ni normativas para su necesaria remediaci\u00f3n, ni tampoco para la prevenci\u00f3n del da\u00f1o a la salud y la atenci\u00f3n m\u00e9dica especializada de las personas afectadas.<\/li>\n<li>La miner\u00eda ilegal e informal es otro problema nacional. Lamentablemente el programa de formalizaci\u00f3n ha sido un fracaso. Por ello, se debe promover alternativas de desarrollo productivo y sostenible en las zonas donde el incremento de la miner\u00eda ilegal e informal ha sido explosivo; de esta manera las personas podr\u00e1n tener otra opci\u00f3n econ\u00f3mica, y as\u00ed romper el c\u00edrculo vicioso: pobreza, dependencia de la actividad extractiva, falta de oportunidades y de diversificaci\u00f3n productiva, miner\u00eda ilegal e informal. Adem\u00e1s es necesario establecer las responsabilidades de quienes promueven la miner\u00eda ilegal e informal en toda la cadena de valor. No basta con las interdicciones realizadas, es necesaria una intervenci\u00f3n que responda a todos los factores que la propician.<\/li>\n<li>Los derechos de las comunidades campesinas y nativas tambi\u00e9n es un tema pendiente. \u00c9stos se han visto afectados, en especial el derecho a la propiedad comunitaria de la tierra con los paquetazos normativos dictados por el actual gobierno, que desconoce normas internacionales que los amparan, y viene facilitando el otorgamiento de concesiones mineras y otros derechos, sin haber cumplido con entregar t\u00edtulos de propiedad a las comunidades como corresponde, \u00a0a esto se le suma la no aplicaci\u00f3n de la consulta previa en miner\u00eda a proyectos en los que hab\u00eda obligaci\u00f3n de hacerlo, seg\u00fan lo ha se\u00f1alado la Defensor\u00eda del Pueblo.<\/li>\n<li>No se debe dejar de lado la conflictividad social, cuyo abordaje debe darse desde la prevenci\u00f3n. Esto tiene que ver con mecanismos de di\u00e1logo en fases tempranas, y la aplicaci\u00f3n reglas justas y respetuosas de los derechos humanos que establezcan una relaci\u00f3n sim\u00e9trica entre los actores. En consecuencia, la utilizaci\u00f3n de los Estados de Emergencia, la militarizaci\u00f3n de las zonas de conflicto y la criminalizaci\u00f3n de la protesta no son una soluci\u00f3n a la demandas que tienen sectores de la poblaci\u00f3n para protecci\u00f3n de sus intereses y derechos; por el contrario, a la larga este tipo de medidas crean una situaci\u00f3n que le resta legitimidad al Estado.<\/li>\n<\/ol>\n<p>Finalmente, a trav\u00e9s de su campa\u00f1a \u201cVolvamos a las propuestas\u201d, RED MUQUI busca poner en el centro de la discusi\u00f3n, temas relevantes para el pa\u00eds, los mismos que tambi\u00e9n est\u00e1n incluidos en nuestra agenda \u201cPropuestas de Pol\u00edticas p\u00fablicas para una nueva miner\u00eda en el Per\u00fa\u201d, compilaci\u00f3n que hicimos llegar a los candidatos\/as, que fue difundido a nivel nacional en su momento, y que se pueden encontrar en nuestra web: <a href=\"http:\/\/www.muqui.org\/\" target=\"_blank\" rel=\"noopener\">www.muqui.org<\/a> y <em>Fan Page<\/em>:<a href=\"http:\/\/www.facebook.com\/redmuqui\" target=\"_blank\" rel=\"noopener\">www.facebook.com\/redmuqui<\/a><\/p>\n<p>Esperamos que \u00e9ste 10 de abril, la ciudadan\u00eda asuma un voto responsable e informado que nos permita tener autoridades que sean las m\u00e1s id\u00f3neas para orientar nuestro futuro, y que se tomen en cuenta nuestras propuestas en materia de miner\u00eda, ambiente y comunidades.<\/p>\n<p style=\"text-align: center;\"><strong>RED MUQUI<\/strong><\/p>","protected":false},"excerpt":{"rendered":"<p>RED MUQUI se dirige a la opini\u00f3n p\u00fablica nacional e internacional para manifestar lo siguiente: Saludamos la realizaci\u00f3n de estas elecciones generales, presidenciales y congresales, que\u00a0 se realizan por tercera vez consecutiva, luego de que se recuperara la democracia vulnerada por un gobierno dictatorial. Cabe recordar que el gobierno de Alberto Fujimori flexibiliz\u00f3 las normas [&hellip;]<\/p>\n","protected":false},"author":1,"featured_media":5520,"comment_status":"closed","ping_status":"open","sticky":false,"template":"","format":"standard","meta":{"_monsterinsights_skip_tracking":false,"_monsterinsights_sitenote_active":false,"_monsterinsights_sitenote_note":"","_monsterinsights_sitenote_category":0,"_jetpack_memberships_contains_paid_content":false,"footnotes":"","jetpack_publicize_message":"","jetpack_publicize_feature_enabled":true,"jetpack_social_post_already_shared":false,"jetpack_social_options":{"image_generator_settings":{"template":"highway","default_image_id":0,"font":"","enabled":false},"version":2}},"categories":[1],"tags":[],"class_list":["post-5519","post","type-post","status-publish","format-standard","has-post-thumbnail","hentry","category-sin-categoria"],"blocksy_meta":[],"jetpack_publicize_connections":[],"jetpack_featured_media_url":"https:\/\/derechosinfronteras.pe\/wp-content\/uploads\/2016\/04\/unnamed-1-1.jpg","jetpack_sharing_enabled":true,"jetpack_likes_enabled":true,"_links":{"self":[{"href":"https:\/\/derechosinfronteras.pe\/ingles\/wp-json\/wp\/v2\/posts\/5519","targetHints":{"allow":["GET"]}}],"collection":[{"href":"https:\/\/derechosinfronteras.pe\/ingles\/wp-json\/wp\/v2\/posts"}],"about":[{"href":"https:\/\/derechosinfronteras.pe\/ingles\/wp-json\/wp\/v2\/types\/post"}],"author":[{"embeddable":true,"href":"https:\/\/derechosinfronteras.pe\/ingles\/wp-json\/wp\/v2\/users\/1"}],"replies":[{"embeddable":true,"href":"https:\/\/derechosinfronteras.pe\/ingles\/wp-json\/wp\/v2\/comments?post=5519"}],"version-history":[{"count":0,"href":"https:\/\/derechosinfronteras.pe\/ingles\/wp-json\/wp\/v2\/posts\/5519\/revisions"}],"wp:featuredmedia":[{"embeddable":true,"href":"https:\/\/derechosinfronteras.pe\/ingles\/wp-json\/wp\/v2\/media\/5520"}],"wp:attachment":[{"href":"https:\/\/derechosinfronteras.pe\/ingles\/wp-json\/wp\/v2\/media?parent=5519"}],"wp:term":[{"taxonomy":"category","embeddable":true,"href":"https:\/\/derechosinfronteras.pe\/ingles\/wp-json\/wp\/v2\/categories?post=5519"},{"taxonomy":"post_tag","embeddable":true,"href":"https:\/\/derechosinfronteras.pe\/ingles\/wp-json\/wp\/v2\/tags?post=5519"}],"curies":[{"name":"wp","href":"https:\/\/api.w.org\/{rel}","templated":true}]}}