{"id":5521,"date":"2016-04-06T12:33:49","date_gmt":"2016-04-06T17:33:49","guid":{"rendered":"http:\/\/derechosinfronteras.pe\/?p=1076"},"modified":"2023-12-28T20:58:03","modified_gmt":"2023-12-29T01:58:03","slug":"5-de-abril-multitudinaria-marcha-contra-keiko-fujimori-en-cusco","status":"publish","type":"post","link":"https:\/\/derechosinfronteras.pe\/ingles\/5-de-abril-multitudinaria-marcha-contra-keiko-fujimori-en-cusco\/","title":{"rendered":"#5 de Abril: Multitudinaria marcha contra Keiko Fujimori en Cusco"},"content":{"rendered":"<p>A puertas de elegir al nuevo presidente en Per\u00fa y a 24 a\u00f1os del autogolpe del ex presidente Alberto Fujimori en 1992, diversos colectivos y ciudadanos que se oponen a la candidata del fujimorismo marcharon en la ciudad del Cusco, en diversos departamentos del pa\u00eds y hasta en el extranjero.<\/p>\n<p>A tan solo cinco d\u00edas de las elecciones, la fecha fue propicia para que varios centenares de ciudadanos, en su mayor\u00eda j\u00f3venes, organizaciones de Mujeres Afectadas por las\u00a0 Esterilizaciones Forzadas , como la AMAEF, la Federaci\u00f3n Nacional de Trabajadores de Construcci\u00f3n Civil, la comunidad LGTB, la Federaci\u00f3n Agraria Revolucionaria T\u00fapac Amaru de Cusco \u2013 FARTAC, estudiantes universitarios, la FDTC, \u00a0gremios y organizaciones no gubernamentales de derechos humanos participaron en esta marcha pac\u00edfica que tuvo lugar en las diferentes calles de nuestra ciudad de Cusco.<\/p>\n<p><a href=\"http:\/\/derechosinfronteras.pe\/wp-content\/uploads\/2016\/04\/IMG_9346.jpg\" rel=\"attachment wp-att-1078\"><img fetchpriority=\"high\" decoding=\"async\" class=\"aligncenter size-full wp-image-1078\" src=\"http:\/\/derechosinfronteras.pe\/wp-content\/uploads\/2016\/04\/IMG_9346.jpg\" alt=\"IMG_9346\" width=\"750\" height=\"500\" \/><\/a><\/p>\n<p><a href=\"http:\/\/derechosinfronteras.pe\/wp-content\/uploads\/2016\/04\/IMG_9473.jpg\" rel=\"attachment wp-att-1079\"><img decoding=\"async\" class=\"aligncenter size-full wp-image-1079\" src=\"http:\/\/derechosinfronteras.pe\/wp-content\/uploads\/2016\/04\/IMG_9473.jpg\" alt=\"IMG_9473\" width=\"750\" height=\"500\" \/><\/a><\/p>\n<p><a href=\"http:\/\/derechosinfronteras.pe\/wp-content\/uploads\/2016\/04\/IMG_9498.jpg\" rel=\"attachment wp-att-1081\"><img decoding=\"async\" class=\"aligncenter size-full wp-image-1081\" src=\"http:\/\/derechosinfronteras.pe\/wp-content\/uploads\/2016\/04\/IMG_9498.jpg\" alt=\"IMG_9498\" width=\"750\" height=\"500\" \/><\/a><\/p>\n<p>Asimismo la actividad estuvo supervisada no solo por un fuerte n\u00famero de efectivos policiales que alcanzaban alrededor de 300 en todo el recorrido, sino por la Defensor\u00eda del pueblo y los Observadores de la Uni\u00f3n Europea- Misi\u00f3n de Observaci\u00f3n Electoral en el Per\u00fa.<\/p>\n<p>En Cusco, la protesta se realiz\u00f3 de manera pac\u00edfica e inici\u00f3 en la Plaza T\u00fapac Amaru d\u00f3nde, de acuerdo a los organizadores, se congregaron alrededor de 800 personas, que marcharon por varias calles del centro hist\u00f3rico, como la avenida el sol, tres cruces, Plaza San Pedro, Plaza San Francisco hasta llegar a la Plaza de Armas, a medida que la gente avanzaba se plegaron a la marcha m\u00e1s personas, llegando a congregar en su momento a m\u00e1s de 2 mil personas, luego de ello se realiz\u00f3 la quema de ata\u00fad de una imagen de Keiko Fujimori, en rechazo a todas las acciones de vulneraci\u00f3n de derechos que en el r\u00e9gimen fujimorista se realiz\u00f3.<\/p>\n<p>Es importante se\u00f1alar el mensaje de la marcha que estuvo centrada en: \u00a1Fujimori Nunca M\u00e1s!, \u00a1No somos uno, no somos dos, somos todo el pueblo a una sola voz! , \u00a1Somos las hijas de las campesinas que no pudiste esterilizar!, entre otros.\u00a0 Tambi\u00e9n las manifestaciones fueron\u00a0 contundentes en otras regiones del pa\u00eds como Lima, Tacna, Puno, Arequipa, Trujillo, Cusco y en diferentes pa\u00edses del mundo como Brasil, Argentina, Francia, Italia y Espa\u00f1a, se realizaron vigilias y manifestaciones p\u00fablicas.<\/p>\n<p><a href=\"http:\/\/derechosinfronteras.pe\/wp-content\/uploads\/2016\/04\/IMG_9406.jpg\" rel=\"attachment wp-att-1077\"><img loading=\"lazy\" decoding=\"async\" class=\"aligncenter size-full wp-image-1077\" src=\"http:\/\/derechosinfronteras.pe\/wp-content\/uploads\/2016\/04\/IMG_9406.jpg\" alt=\"IMG_9406\" width=\"750\" height=\"500\" \/><\/a><\/p>\n<p>Queda claro que la ciudadan\u00eda a nivel nacional ha expresado por un lado su rechazo a lo que signific\u00f3 la dictadura fujimorista y que no est\u00e1 dispuesta a que se repita la historia nuevamente, pero de otro lado la memoria y la dignidad de los peruanos se mantiene intacto y estamos seguros que el fujimorismo actual liderado por Keiko Fujimori sabe que la gente volver\u00e1 a salir a las calles si pretenden gobernar nuevamente el pa\u00eds con sus viejas pr\u00e1cticas.<\/p>\n<p style=\"text-align: center;\"><a href=\"http:\/\/derechosinfronteras.pe\/wp-content\/uploads\/2016\/04\/IMG_9553.jpg\" rel=\"attachment wp-att-1082\"><img loading=\"lazy\" decoding=\"async\" class=\"aligncenter size-full wp-image-1082\" src=\"http:\/\/derechosinfronteras.pe\/wp-content\/uploads\/2016\/04\/IMG_9553.jpg\" alt=\"IMG_9553\" width=\"750\" height=\"500\" \/><\/a>\u00abQuien no conoce su historia est\u00e1 condenado a repetir sus errores\u00bb, Paul Preston.<\/p>\n<p style=\"text-align: center;\">Para ver lo que fue esta marcha\u00a0 dale clik al siguiente enlace:<\/p>\n<p style=\"text-align: center;\">#5 de Abril: Multitudinaria marcha contra Keiko Fujimori en Cusco<\/p>","protected":false},"excerpt":{"rendered":"<p>A puertas de elegir al nuevo presidente en Per\u00fa y a 24 a\u00f1os del autogolpe del ex presidente Alberto Fujimori en 1992, diversos colectivos y ciudadanos que se oponen a la candidata del fujimorismo marcharon en la ciudad del Cusco, en diversos departamentos del pa\u00eds y hasta en el extranjero. A tan solo cinco d\u00edas [&hellip;]<\/p>\n","protected":false},"author":1,"featured_media":5522,"comment_status":"closed","ping_status":"open","sticky":false,"template":"","format":"standard","meta":{"_monsterinsights_skip_tracking":false,"_monsterinsights_sitenote_active":false,"_monsterinsights_sitenote_note":"","_monsterinsights_sitenote_category":0,"_jetpack_memberships_contains_paid_content":false,"footnotes":"","jetpack_publicize_message":"","jetpack_publicize_feature_enabled":true,"jetpack_social_post_already_shared":false,"jetpack_social_options":{"image_generator_settings":{"template":"highway","default_image_id":0,"font":"","enabled":false},"version":2}},"categories":[1],"tags":[],"class_list":["post-5521","post","type-post","status-publish","format-standard","has-post-thumbnail","hentry","category-sin-categoria"],"blocksy_meta":[],"jetpack_publicize_connections":[],"jetpack_featured_media_url":"https:\/\/derechosinfronteras.pe\/wp-content\/uploads\/2016\/04\/IMG_9394.jpg","jetpack_sharing_enabled":true,"jetpack_likes_enabled":true,"_links":{"self":[{"href":"https:\/\/derechosinfronteras.pe\/ingles\/wp-json\/wp\/v2\/posts\/5521","targetHints":{"allow":["GET"]}}],"collection":[{"href":"https:\/\/derechosinfronteras.pe\/ingles\/wp-json\/wp\/v2\/posts"}],"about":[{"href":"https:\/\/derechosinfronteras.pe\/ingles\/wp-json\/wp\/v2\/types\/post"}],"author":[{"embeddable":true,"href":"https:\/\/derechosinfronteras.pe\/ingles\/wp-json\/wp\/v2\/users\/1"}],"replies":[{"embeddable":true,"href":"https:\/\/derechosinfronteras.pe\/ingles\/wp-json\/wp\/v2\/comments?post=5521"}],"version-history":[{"count":1,"href":"https:\/\/derechosinfronteras.pe\/ingles\/wp-json\/wp\/v2\/posts\/5521\/revisions"}],"predecessor-version":[{"id":7162,"href":"https:\/\/derechosinfronteras.pe\/ingles\/wp-json\/wp\/v2\/posts\/5521\/revisions\/7162"}],"wp:featuredmedia":[{"embeddable":true,"href":"https:\/\/derechosinfronteras.pe\/ingles\/wp-json\/wp\/v2\/media\/5522"}],"wp:attachment":[{"href":"https:\/\/derechosinfronteras.pe\/ingles\/wp-json\/wp\/v2\/media?parent=5521"}],"wp:term":[{"taxonomy":"category","embeddable":true,"href":"https:\/\/derechosinfronteras.pe\/ingles\/wp-json\/wp\/v2\/categories?post=5521"},{"taxonomy":"post_tag","embeddable":true,"href":"https:\/\/derechosinfronteras.pe\/ingles\/wp-json\/wp\/v2\/tags?post=5521"}],"curies":[{"name":"wp","href":"https:\/\/api.w.org\/{rel}","templated":true}]}}