{"id":5528,"date":"2016-04-05T16:20:14","date_gmt":"2016-04-05T21:20:14","guid":{"rendered":"http:\/\/derechosinfronteras.pe\/?p=1072"},"modified":"2016-04-05T16:20:14","modified_gmt":"2016-04-05T21:20:14","slug":"nunca-mas-un-5-de-abril-por-la-afirmacion-de-los-derechos-humanos","status":"publish","type":"post","link":"https:\/\/derechosinfronteras.pe\/ingles\/nunca-mas-un-5-de-abril-por-la-afirmacion-de-los-derechos-humanos\/","title":{"rendered":"Nunca m\u00e1s un 5 de abril; por la afirmaci\u00f3n de los Derechos Humanos."},"content":{"rendered":"<p>Desde Derechos Humanos sin Fronteras (DHSF) queremos afirmar el d\u00eda de hoy 05 de abril, la defensa irrestricta de los derechos humanos, luego de 24 a\u00f1os del autogolpe de Alberto Fujimori muchas cosas han cambiado en nuestro pa\u00eds, se recuper\u00f3 la democracia, y todav\u00eda batallamos d\u00eda a d\u00eda para que nuestros derechos se respeten, aunque no podemos decir que hoy tenemos un Estado que garantiza a \u00a0plenitud nuestros derechos, pero podemos exigirlos y no ser perseguidos sistem\u00e1ticamente por ello, pues todav\u00eda podemos salir a las calles a reclamar por ellos.<\/p>\n<p>Aunque no les guste a las autoridades de turno la marcha autoconvocada por cientos de organizaciones sociales, gremiales, de j\u00f3venes, de mujeres y colectivos a nivel nacional, el mensaje es \u00fanico; no se puede permitir el retorno del fujimorismo nunca m\u00e1s, y en esta coyuntura electoral la hija del ex presidente Alberto Fujimori quiere tentar nuevamente la presidencia del pa\u00eds y por eso hoy m\u00e1s que nunca la ciudadan\u00eda debe hacer sentir su voz de protesta, el mensaje a los fujimoristas es que si tenemos memoria y nunca m\u00e1s permitiremos que la historia se repita.<\/p>\n<p>Sabiendo que el derecho a la protesta y la movilizaci\u00f3n es un derecho consagrado en la Constituci\u00f3n y en tratados internacionales\u00a0 tenemos que cuidar en esta marcha que todo se de en el marco del respeto, la tolerancia y la democracia, no caigamos en actos y hechos violentos, y mucho menos en la provocaci\u00f3n, la marcha debe ser pac\u00edfica y ese debe ser el mensaje a los fujimoristas.<\/p>\n<p>Por ello desde Derechos Humanos sin Fronteras estaremos vigilantes a cualquier hecho que ocurra en el transcurso de esta movilizaci\u00f3n.<\/p>\n<p>En Cusco nos vemos en la Plaza T\u00fapac Amaru.<\/p>","protected":false},"excerpt":{"rendered":"<p>Desde Derechos Humanos sin Fronteras (DHSF) queremos afirmar el d\u00eda de hoy 05 de abril, la defensa irrestricta de los derechos humanos, luego de 24 a\u00f1os del autogolpe de Alberto Fujimori muchas cosas han cambiado en nuestro pa\u00eds, se recuper\u00f3 la democracia, y todav\u00eda batallamos d\u00eda a d\u00eda para que nuestros derechos se respeten, aunque [&hellip;]<\/p>\n","protected":false},"author":1,"featured_media":5529,"comment_status":"closed","ping_status":"open","sticky":false,"template":"","format":"standard","meta":{"_monsterinsights_skip_tracking":false,"_monsterinsights_sitenote_active":false,"_monsterinsights_sitenote_note":"","_monsterinsights_sitenote_category":0,"_jetpack_memberships_contains_paid_content":false,"footnotes":"","jetpack_publicize_message":"","jetpack_publicize_feature_enabled":true,"jetpack_social_post_already_shared":false,"jetpack_social_options":{"image_generator_settings":{"template":"highway","default_image_id":0,"font":"","enabled":false},"version":2}},"categories":[1],"tags":[],"class_list":["post-5528","post","type-post","status-publish","format-standard","has-post-thumbnail","hentry","category-sin-categoria"],"blocksy_meta":[],"jetpack_publicize_connections":[],"jetpack_featured_media_url":"https:\/\/derechosinfronteras.pe\/wp-content\/uploads\/2016\/04\/keiko-fujimori.jpg","jetpack_sharing_enabled":true,"jetpack_likes_enabled":true,"_links":{"self":[{"href":"https:\/\/derechosinfronteras.pe\/ingles\/wp-json\/wp\/v2\/posts\/5528","targetHints":{"allow":["GET"]}}],"collection":[{"href":"https:\/\/derechosinfronteras.pe\/ingles\/wp-json\/wp\/v2\/posts"}],"about":[{"href":"https:\/\/derechosinfronteras.pe\/ingles\/wp-json\/wp\/v2\/types\/post"}],"author":[{"embeddable":true,"href":"https:\/\/derechosinfronteras.pe\/ingles\/wp-json\/wp\/v2\/users\/1"}],"replies":[{"embeddable":true,"href":"https:\/\/derechosinfronteras.pe\/ingles\/wp-json\/wp\/v2\/comments?post=5528"}],"version-history":[{"count":0,"href":"https:\/\/derechosinfronteras.pe\/ingles\/wp-json\/wp\/v2\/posts\/5528\/revisions"}],"wp:featuredmedia":[{"embeddable":true,"href":"https:\/\/derechosinfronteras.pe\/ingles\/wp-json\/wp\/v2\/media\/5529"}],"wp:attachment":[{"href":"https:\/\/derechosinfronteras.pe\/ingles\/wp-json\/wp\/v2\/media?parent=5528"}],"wp:term":[{"taxonomy":"category","embeddable":true,"href":"https:\/\/derechosinfronteras.pe\/ingles\/wp-json\/wp\/v2\/categories?post=5528"},{"taxonomy":"post_tag","embeddable":true,"href":"https:\/\/derechosinfronteras.pe\/ingles\/wp-json\/wp\/v2\/tags?post=5528"}],"curies":[{"name":"wp","href":"https:\/\/api.w.org\/{rel}","templated":true}]}}