{"id":5530,"date":"2016-04-05T15:31:51","date_gmt":"2016-04-05T20:31:51","guid":{"rendered":"http:\/\/derechosinfronteras.pe\/?p=1066"},"modified":"2016-04-05T15:31:51","modified_gmt":"2016-04-05T20:31:51","slug":"candidatos-anunciaron-propuestas-de-modelo-economico-en-debate-presidencial","status":"publish","type":"post","link":"https:\/\/derechosinfronteras.pe\/ingles\/candidatos-anunciaron-propuestas-de-modelo-economico-en-debate-presidencial\/","title":{"rendered":"Candidatos anunciaron propuestas de modelo econ\u00f3mico en debate presidencial"},"content":{"rendered":"<p>A UNA SEMANA DE LAS ELECCIONES<\/p>\n<p>Los diez candidatos presidenciales en carrera, expusieron que tipo de modelo econ\u00f3mico conducir\u00edan de llegar al gobierno. La mayor\u00eda de ellos apostaron con alg\u00fan cambio en la forma en que se lleva la econom\u00eda actual y coincidieron en impulsar la diversificaci\u00f3n econ\u00f3mica ante la crisis del modelo de exportaci\u00f3n primaria que sostiene al Per\u00fa.<\/p>\n<p>La RED MUQUI identific\u00f3 las posiciones econ\u00f3micas de los candidatos y c\u00f3mo estas \u2013en algunos casos\u2013 fueron relacionadas a la miner\u00eda, el medioambiente y comunidades ind\u00edgenas, durante sus exposiciones y r\u00e9plicas respectivas.<\/p>\n<p><strong>Alejandro Toledo (Per\u00fa Posible)<\/strong><\/p>\n<p>El expresidente y candidato, prioriz\u00f3 su propuesta econ\u00f3mica de crecimiento en la inversi\u00f3n en seguridad ciudadana. Seg\u00fan dijo no se puede crecer sin seguridad y con la corrupci\u00f3n presente en el sector p\u00fablico. \u00abConmigo no hab\u00eda niveles de corrupci\u00f3n ni hab\u00eda la inseguridad que amenaza, te roban por un celular&#8230;\u00bb, agreg\u00f3.<\/p>\n<p><strong>Ver\u00f3nika Mendoza (Frente Amplio)<\/strong><\/p>\n<p>La congresista y candidata, indic\u00f3 que su plan de gobierno apuesta por una diversificaci\u00f3n de la econom\u00eda, con \u00e9nfasis en el turismo y en el agro. \u201cDependemos de la exportaci\u00f3n de minerales y cuando los precios de estos se caen, se frena la econom\u00eda\u201d, resalt\u00f3. En ese sentido, dijo que su agrupaci\u00f3n pol\u00edtica cree en la recuperaci\u00f3n de nuestra soberan\u00eda sobre los recursos al servicio del pueblo.<\/p>\n<p>Para ello, recalc\u00f3 tambi\u00e9n su voluntad de promover la aprobaci\u00f3n de una nueva constituci\u00f3n, por lo que neg\u00f3 que el crecimiento econ\u00f3mico del pa\u00eds se haya basado en el actual texto constitucional, sino al trabajo y sacrificio de los peruanos que dignamente sacan adelante a sus familias y a nuestro pa\u00eds.<\/p>\n<p>Respecto a la miner\u00eda ilegal, la candidata se\u00f1al\u00f3 que ello se puede combatir con la implementaci\u00f3n de una pol\u00edtica de ordenamiento territorial para definir d\u00f3nde se puede hacer actividad minera y d\u00f3nde no.<\/p>\n<p><strong>Alfredo Barnechea (Acci\u00f3n Popular)<\/strong><\/p>\n<p>Al referirse a la concesi\u00f3n del lote 56 del gas, Barnechea plante\u00f3 que el Per\u00fa debe dejar de ser un pa\u00eds productor solo de materias primas y orientarse a la industrializaci\u00f3n, es decir a la diversificaci\u00f3n econ\u00f3mica. En ese sentido hizo hincapi\u00e9 en la necesidad de redistribuir las ganancias obtenidas producto de las actividades extractivas en otros sectores de desarrollo social, esto se traduce a un \u201ccapitalismo popular de ciudadanos con econom\u00eda social\u201d, seg\u00fan dijo.<\/p>\n<p>\u00abPasar la plata de los recursos no renovables (&#8230;) y pasarla a los sectores constantemente renovables que son la infraestructura y la educaci\u00f3n\u00bb, resalt\u00f3.<\/p>\n<p>Para ello destac\u00f3 su propuesta de equilibrar los porcentajes de impuestos que pagan las empresas que extraen recursos naturales. \u201cTenemos que equilibrar las cuentas fiscales, y para ello es necesario cambiar la relaci\u00f3n con las industrias extractivas. Renegociar el contrato del gas por ejemplo\u201d, remarc\u00f3 durante sus intervenci\u00f3n.<\/p>\n<p><strong>Gregorio Santos (Democracia Directa)<\/strong><\/p>\n<p>Al exponer sobre econom\u00eda, Santos resalt\u00f3 la necesidad de contar con una nueva constituci\u00f3n para poder renegociar con los contratos con las industrias extractivas, ya que la Carta Magna que rige desde hace 23 a\u00f1os, permite entregar la riqueza nacional al capital extranjero, y la firma de contratos ley que exoneran a algunas compa\u00f1\u00edas mineras del pago de regal\u00edas, seg\u00fan dijo.<\/p>\n<p>\u201cEsta Constituci\u00f3n permite atar al Estado peruano para que no pueda tener una empresa, porque los que la critican viven del pasado\u201d, indic\u00f3. En ese sentido, propuso modificar -la v\u00eda canales democr\u00e1ticos- la actual Constituci\u00f3n por una moderna y soberana que permita a los campesinos tener tierras y los peruanos un lugar digno para vivir.<\/p>\n<p><strong>Alan Garc\u00eda (Alianza Popular)<\/strong><\/p>\n<p>A su turno, el expresidente y candidato, reiter\u00f3 las medidas econ\u00f3micas para ayudar a la inversi\u00f3n y a la producci\u00f3n nacional, a trav\u00e9s de la reducci\u00f3n dr\u00e1stica de tr\u00e1mites y de acabar con la \u201cpersecuci\u00f3n\u201d de la Superintendencia Nacional de Aduanas y de Administraci\u00f3n Tributaria (Sunat)\u00bb.<\/p>\n<p>Para impulsar la econom\u00eda, Garc\u00eda asegur\u00f3 que apostar\u00e1 por fomentar las inversiones y dinamizar la econom\u00eda a trav\u00e9s de facilidades para adquirir viviendas, reducir intereses para tarjetas de cr\u00e9dito, entre otras iniciativas.<\/p>\n<p>\u00abEstamos convencidos que se pueden hacer cambios fundamentales en favor de los m\u00e1s humildes, no con propuestas gaseosas y renegociaciones que supondr\u00e1n a\u00f1os, queremos hacer cosas concretas\u00bb, anot\u00f3.<\/p>\n<p><strong>Fernando Olivera (Frente Esperanza)<\/strong><\/p>\n<p>El candidato presidencial del Frente Esperanza, Fernando Olivera, asegur\u00f3 que acabar\u00e1 con la \u00abinjusticia y la impunidad\u00bb, adem\u00e1s de crear cuatro millones de puestos de trabajo, con una diversificaci\u00f3n productiva, priorizando el agro rescatando los valores ancestrales y los recursos naturales para los peruanos.<\/p>\n<p>Por otro lado, ofreci\u00f3 multiplicar la actividad del turismo con un incremento de tres a 30 millones de turistas al a\u00f1o, as\u00ed como impulsar la pesca de consumo interno y la industria forestal sin tala ilegal.<\/p>\n<p><strong>Miguel Hilario (Progresando por el Per\u00fa)<\/strong><\/p>\n<p>Hilario asegur\u00f3 que de ser gobernante, se reactivar\u00eda la miner\u00eda bajo dos condiciones: colocando a las comunidades como accionistas de la empresa y promoviendo el respeto a los derechos humanos y el medio ambiente.<\/p>\n<p>Otro de los beneficios que anunci\u00f3 para las comunidades \u2013nativas y campesinas\u2013 estuvo orientado a impulsar la agricultura org\u00e1nica, as\u00ed como focalizar la inversi\u00f3n en infraestructura de carreteras, agua y desag\u00fce, en territorios ind\u00edgenas.<\/p>\n<p>Tambi\u00e9n se mostr\u00f3 de acuerdo con diversificar la econom\u00eda, dando un \u00e9nfasis al turismo y prescindiendo m\u00e1s de la econom\u00eda extractivista. \u201cNecesitamos una econom\u00eda m\u00e1s diversificada y de turismo, tomando en cuenta que al a\u00f1o nos visitan 3.3 millones de extranjeros, podr\u00edamos esperar triplicar dicha cifra\u201d, se\u00f1al\u00f3.<\/p>\n<p>Hilario sugiri\u00f3 que el rol de la sociedad civil corresponde al de fiscalizar el cumplimiento de la ley y las autoridades. Algo que empoderar\u00eda de ser presidente.<\/p>\n<p><strong>Keiko Fujimori (Fuerza Popular)<\/strong><\/p>\n<p>Indic\u00f3 que la constituci\u00f3n implantada por su padre, el expresidente Alberto Fujimori, ha sido la base del crecimiento de la econom\u00eda en los \u00faltimos 23 a\u00f1os. En ese sentido reiter\u00f3 que esta carta magna seguir\u00e1 siendo el pilar para el crecimiento en un eventual gobierno suyo.<\/p>\n<p>\u201cPromoveremos un boom de la infraestructura, tanto productivas como sociales. Para ello vamos a destrabar m\u00e1s de 33 mil millones de soles en proyectos a realizarse en asociaciones p\u00fablico-privadas (APP) ya aprobadas\u201d agreg\u00f3.<\/p>\n<p>Para ello, Fujimori incidi\u00f3 que se debe continuar con la simplificaci\u00f3n acelerada de licencias, autorizaciones y permisos.\u00bbNo m\u00e1s tr\u00e1mites que entrampen el progreso\u00bb, asever\u00f3.<\/p>\n<p><strong>Pedro Pablo Kuczynski (Peruanos Por el Kambio)<\/strong><\/p>\n<p>Para Kuczynski, la mejora de la econom\u00eda del pa\u00eds parte de motivar a la peque\u00f1a empresa. \u201cSienten que el Estado les pide y les da muy poco, de ah\u00ed nace la informalidad\u201d, sostuvo.<\/p>\n<p>De igual modo dijo que para retomar el crecimiento econ\u00f3mico se requiere mayor infraestructura como el gas en el sur del Per\u00fa, adem\u00e1s de promover el agro que es la zona m\u00e1s pobre del Per\u00fa, la educaci\u00f3n y la energ\u00eda.<\/p>\n<p><strong>\u00c1ntero Flores-Ar\u00e1oz (Orden)<\/strong><\/p>\n<p>En torno a la econom\u00eda del pa\u00eds, Flores-Ar\u00e1oz coincidi\u00f3 con su contendor Kuczynski en \u201cdar facilidades a los peque\u00f1os empresarios que quieren formalizarse\u201d.<\/p>\n<p>Para ello critic\u00f3 la condici\u00f3n de las microempresas frente al pago excesivo de impuestos por una serie de conceptos que finalmente desalientan la formalizaci\u00f3n. \u201cSi no hay una amnist\u00eda, las formalizaciones ser\u00e1n un cuentazo\u201d, indic\u00f3.<\/p>\n<p>DATOS<\/p>\n<p>\u00b7 El evento, organizado por el Jurado Nacional de Elecciones (JNE), tuvo lugar en el Centro de Convenciones de Lima (San Borja) y tuvo una din\u00e1mica de debate por duplas.<\/p>\n<p>\u00b7 D\u00edas antes, el m\u00e1ximo ente electoral realiz\u00f3 un sorteo para definir quienes estar\u00edan uno a uno. Estas fueron: Alejandro Toledo \u2013 Ver\u00f3nika Mendoza, Pedro Pablo Kuczynski \u2013 \u00c1ntero Flores-Ar\u00e1oz, Fernando Olivera \u2013 Alan Garc\u00eda, Gregorio Santos \u2013 Alfredo Barnechea, Keiko Fujimori \u2013 Miguel Hilario.<\/p>\n<p>\u00b7 El debate estuvo dividido en tres bloques de temas: Visi\u00f3n de pa\u00eds (Bloque 1), Econom\u00eda, seguridad ciudadana y lucha contra la corrupci\u00f3n (Bloque 2) y el de pregunta ciudadana (Bloque 3) en el que los aspirantes a palacio de gobierno pod\u00edan responder sobre cualquier tema.<\/p>","protected":false},"excerpt":{"rendered":"<p>A UNA SEMANA DE LAS ELECCIONES Los diez candidatos presidenciales en carrera, expusieron que tipo de modelo econ\u00f3mico conducir\u00edan de llegar al gobierno. La mayor\u00eda de ellos apostaron con alg\u00fan cambio en la forma en que se lleva la econom\u00eda actual y coincidieron en impulsar la diversificaci\u00f3n econ\u00f3mica ante la crisis del modelo de exportaci\u00f3n [&hellip;]<\/p>\n","protected":false},"author":1,"featured_media":5531,"comment_status":"closed","ping_status":"open","sticky":false,"template":"","format":"standard","meta":{"_monsterinsights_skip_tracking":false,"_monsterinsights_sitenote_active":false,"_monsterinsights_sitenote_note":"","_monsterinsights_sitenote_category":0,"_jetpack_memberships_contains_paid_content":false,"footnotes":"","jetpack_publicize_message":"","jetpack_publicize_feature_enabled":true,"jetpack_social_post_already_shared":false,"jetpack_social_options":{"image_generator_settings":{"template":"highway","default_image_id":0,"font":"","enabled":false},"version":2}},"categories":[1],"tags":[],"class_list":["post-5530","post","type-post","status-publish","format-standard","has-post-thumbnail","hentry","category-sin-categoria"],"blocksy_meta":[],"jetpack_publicize_connections":[],"jetpack_featured_media_url":"https:\/\/derechosinfronteras.pe\/wp-content\/uploads\/2016\/04\/debate.jpg","jetpack_sharing_enabled":true,"jetpack_likes_enabled":true,"_links":{"self":[{"href":"https:\/\/derechosinfronteras.pe\/ingles\/wp-json\/wp\/v2\/posts\/5530","targetHints":{"allow":["GET"]}}],"collection":[{"href":"https:\/\/derechosinfronteras.pe\/ingles\/wp-json\/wp\/v2\/posts"}],"about":[{"href":"https:\/\/derechosinfronteras.pe\/ingles\/wp-json\/wp\/v2\/types\/post"}],"author":[{"embeddable":true,"href":"https:\/\/derechosinfronteras.pe\/ingles\/wp-json\/wp\/v2\/users\/1"}],"replies":[{"embeddable":true,"href":"https:\/\/derechosinfronteras.pe\/ingles\/wp-json\/wp\/v2\/comments?post=5530"}],"version-history":[{"count":0,"href":"https:\/\/derechosinfronteras.pe\/ingles\/wp-json\/wp\/v2\/posts\/5530\/revisions"}],"wp:featuredmedia":[{"embeddable":true,"href":"https:\/\/derechosinfronteras.pe\/ingles\/wp-json\/wp\/v2\/media\/5531"}],"wp:attachment":[{"href":"https:\/\/derechosinfronteras.pe\/ingles\/wp-json\/wp\/v2\/media?parent=5530"}],"wp:term":[{"taxonomy":"category","embeddable":true,"href":"https:\/\/derechosinfronteras.pe\/ingles\/wp-json\/wp\/v2\/categories?post=5530"},{"taxonomy":"post_tag","embeddable":true,"href":"https:\/\/derechosinfronteras.pe\/ingles\/wp-json\/wp\/v2\/tags?post=5530"}],"curies":[{"name":"wp","href":"https:\/\/api.w.org\/{rel}","templated":true}]}}