{"id":5536,"date":"2016-04-01T16:30:25","date_gmt":"2016-04-01T21:30:25","guid":{"rendered":"http:\/\/derechosinfronteras.pe\/?p=1048"},"modified":"2016-04-01T16:30:25","modified_gmt":"2016-04-01T21:30:25","slug":"chankas-yanahuara-esperan-que-oefa-compruebe-danos-ambientales-en-sus-comunidades","status":"publish","type":"post","link":"https:\/\/derechosinfronteras.pe\/ingles\/chankas-yanahuara-esperan-que-oefa-compruebe-danos-ambientales-en-sus-comunidades\/","title":{"rendered":"Chankas-Yanahuara esperan que OEFA compruebe da\u00f1os ambientales en sus comunidades"},"content":{"rendered":"<p>EN LAS BAMBAS<strong><br \/>\n<\/strong><\/p>\n<p>Unos 50 delegados de la Asociaci\u00f3n Uni\u00f3n de Comunidades Campesinas de influencia directa e indirecta afectadas por el proyecto minero Las Bambas \u2013 UCCAMBA, llegaron este martes a la sede de la Defensor\u00eda del Pueblo donde fueron recibidos por la Adjunt\u00eda del Medio Ambiente, Servicios P\u00fablicos y Pueblos Ind\u00edgenas. A la par iniciaron una huelga de hambre a las afueras de la Defensor\u00eda.<\/p>\n<p>El dirigente campesino, Rodmy Cabrera, asegur\u00f3 que esta entidad ha recogido el testimonio de cada representante Chanka-Yanawara, adem\u00e1s de comprometerse a solicitar al Organismo de Evaluaci\u00f3n y Fiscalizaci\u00f3n Ambiental \u2013 OEFA que disponga corroborar los da\u00f1os ambientales por parte de la minera. Ellos esperan pronta respuesta del organismo fiscalizador para el levantamiento de muestras en la zona.<\/p>\n<p>Asimismo, en un comunicado los Chankas-Yanawara condenan la afectaci\u00f3n ambiental de sus territorios por parte del proyecto minero Las Bambas.<\/p>\n<p>\u201cCon la actividad minera se est\u00e1 dando inicio a la destrucci\u00f3n de los ecosistemas en las cabeceras de cuenca contaminando nuestros recursos h\u00eddricos y destruyendo la actividad agroganadera y nuestra propia vida comunal, lo que se hace en complicidad del Estado peruano, que en vez de hacer respetar el Convenio 169, la Constituci\u00f3n y la Ley de comunidades campesinas, favorece a esta empresa exploradora, habiendo aceptado la modificaci\u00f3n unilateral y arbitraria del Estudio Impacto Ambiental\u201d, se\u00f1ala un comunicado.<\/p>\n<p>Desde que llegaron a Lima el 8 de marzo, han intentado dialogar con MMG Limited sin \u00e9xito, pues seg\u00fan refieren, los funcionarios de la empresa quer\u00edan limitarse a recibir a tres de sus representantes campesinos.<\/p>\n<p>\u201cLa empresa se debe sentar con todos nosotros, no somos dos o tres comunidades, somos 47 las afectadas por ellos. Entonces no nos pueden pedir conversar a puerta cerrada solo con algunos. Tenemos que estar todos presentes. De otra manera no podemos conversar. Queremos hablar con la empresa de due\u00f1o a due\u00f1o. Nosotros tenemos t\u00edtulos de propiedad\u201d, manifest\u00f3 Rodmy Cabrera, representante de la comitiva Chanka-Yanawara.<\/p>\n<p>Cabrera tambi\u00e9n coment\u00f3 a RED MUQUI que d\u00edas antes se acercaron a la Presidencia del Consejo de Ministros (PCM) sin resultados.<\/p>\n<p>\u201cCuando hemos ido a la PCM nos dijeron que ya existe una mesa de trabajo en la provincia (Cotabambas) y que dialoguemos ah\u00ed, que esa es la \u00fanica forma de ver nuestro caso. Ellos (la PCM) no entiende que si estamos aqu\u00ed es porque tenemos acuerdos pendientes por parte de la minera desde hace a\u00f1os\u201d, declar\u00f3 el dirigente Chanka.<\/p>\n<p>Otra puerta que tocaron fue la comisi\u00f3n de Pueblos del Congreso de la Rep\u00fablica, grupo de trabajo que les sigue asegurando que concertar\u00e1n una mesa de di\u00e1logo con representantes de la PCM y otros ministerios del sector. Este proceso se encontrar\u00eda en tr\u00e1mite seg\u00fan los asesores parlamentarios de dicha comisi\u00f3n.<\/p>\n<p>\u201cEsa mesa (de trabajo) se ha postergado tantas veces que ya no creemos. Nuestra problem\u00e1tica con la empresa viene de a\u00f1os atr\u00e1s. No nos reconocen los acuerdos de licencia social, ni los que hicimos con Xtrata Tintaya en el 2004, ni los de Glencore en el 2010. Es por ello que ya no queremos a Las Bambas\u201d, coment\u00f3 Cabrera a RED MUQUI.<\/p>\n<p>Esta delegaci\u00f3n que representa a 47 comunidades afectadas por las actividades mineras del proyecto Las Bambas, llegaron a Lima luego de realizar una marcha de sacrificio desde Apur\u00edmac.\u00a0 Ahora tambi\u00e9n solicitan que el Estado intervenga y establezca las condiciones para el di\u00e1logo con los funcionarios de la minera.<\/p>\n<p><strong>DATOS<\/strong><\/p>\n<ul>\n<li>Est\u00e1n en Lima desde el 8 de marzo, m\u00e1s de 20 d\u00edas<\/li>\n<li>Estas 47 comunidades agrupan a un aproximado de 40 mil pobladores. Todas ellas pertenecen a todos los distritos de la provincia de Cotabambas y a tres de Grau, en un radio de influencia, cuya extensi\u00f3n comprende unas 60 mil hect\u00e1reas.<\/li>\n<li>Se dedican a la agricultura, la ganader\u00eda y a la miner\u00eda artesanal.<\/li>\n<li>Son 30 los representantes comuneros que acatan una huelga de hambre al no lograr acceder a un di\u00e1logo con la empresa minera MMG Limited, de capitales chinos.<\/li>\n<\/ul>\n<p><strong>Relaci\u00f3n de comunidades campesinas Chanka-Yanawara:<\/strong><\/p>\n<ul>\n<li>Huancuiri<\/li>\n<li>Pumamarca<\/li>\n<li>Sacsahuillca<\/li>\n<li>Fuerabamba<\/li>\n<li>Chuicuni<\/li>\n<li>Ccasa<\/li>\n<li>Huanacopampa<\/li>\n<li>Cchuanpirhua<\/li>\n<li>Pamputa<\/li>\n<li>Choqueca antuyo<\/li>\n<li>Chumilli<\/li>\n<li>Chic\u00f1ahui<\/li>\n<li>Quehuira<\/li>\n<li>Manuel Seoane Corrales<\/li>\n<li>Carmen Alto-Challhuahuacho<\/li>\n<li>Cconccacca<\/li>\n<li>Arcospampa Congota<\/li>\n<li>Pabamba<\/li>\n<li>Pisaccasa<\/li>\n<li>Yuricancha<\/li>\n<li>Huaruma<\/li>\n<li>Andr\u00e9s Avelino C\u00e1ceres<\/li>\n<li>Chacamachay<\/li>\n<li>Pitic<\/li>\n<li>Qqello<\/li>\n<li>Allahua<\/li>\n<li>Ccasacancha<\/li>\n<li>Hulluyo<\/li>\n<li>Asacasi<\/li>\n<li>Payancca<\/li>\n<li>Queu\u00f1a<\/li>\n<li>Tambulla<\/li>\n<li>Pararani<\/li>\n<li>Huancuiri<\/li>\n<li>Chila<\/li>\n<li>Choaquere<\/li>\n<li>Minascucho<\/li>\n<li>Lahuani<\/li>\n<li>Chocoyo<\/li>\n<li>Chuntahuillqui<\/li>\n<li>Huarccoyo<\/li>\n<li>Llamahuiri<\/li>\n<li>Anta Anta<\/li>\n<li>Patario<\/li>\n<li>Cuchuhuacho<\/li>\n<li>Picosayhua<\/li>\n<li>Juan Velasco Alvarado<\/li>\n<li>Escorno<\/li>\n<\/ul>\n<p><strong>Fuente: Red Muqui.<\/strong><\/p>","protected":false},"excerpt":{"rendered":"<p>EN LAS BAMBAS Unos 50 delegados de la Asociaci\u00f3n Uni\u00f3n de Comunidades Campesinas de influencia directa e indirecta afectadas por el proyecto minero Las Bambas \u2013 UCCAMBA, llegaron este martes a la sede de la Defensor\u00eda del Pueblo donde fueron recibidos por la Adjunt\u00eda del Medio Ambiente, Servicios P\u00fablicos y Pueblos Ind\u00edgenas. A la par [&hellip;]<\/p>\n","protected":false},"author":1,"featured_media":5537,"comment_status":"closed","ping_status":"open","sticky":false,"template":"","format":"standard","meta":{"_monsterinsights_skip_tracking":false,"_monsterinsights_sitenote_active":false,"_monsterinsights_sitenote_note":"","_monsterinsights_sitenote_category":0,"_jetpack_memberships_contains_paid_content":false,"footnotes":"","jetpack_publicize_message":"","jetpack_publicize_feature_enabled":true,"jetpack_social_post_already_shared":false,"jetpack_social_options":{"image_generator_settings":{"template":"highway","default_image_id":0,"font":"","enabled":false},"version":2}},"categories":[1],"tags":[],"class_list":["post-5536","post","type-post","status-publish","format-standard","has-post-thumbnail","hentry","category-sin-categoria"],"blocksy_meta":[],"jetpack_publicize_connections":[],"jetpack_featured_media_url":"https:\/\/derechosinfronteras.pe\/wp-content\/uploads\/2016\/04\/chankasfoto1.jpg","jetpack_sharing_enabled":true,"jetpack_likes_enabled":true,"_links":{"self":[{"href":"https:\/\/derechosinfronteras.pe\/ingles\/wp-json\/wp\/v2\/posts\/5536","targetHints":{"allow":["GET"]}}],"collection":[{"href":"https:\/\/derechosinfronteras.pe\/ingles\/wp-json\/wp\/v2\/posts"}],"about":[{"href":"https:\/\/derechosinfronteras.pe\/ingles\/wp-json\/wp\/v2\/types\/post"}],"author":[{"embeddable":true,"href":"https:\/\/derechosinfronteras.pe\/ingles\/wp-json\/wp\/v2\/users\/1"}],"replies":[{"embeddable":true,"href":"https:\/\/derechosinfronteras.pe\/ingles\/wp-json\/wp\/v2\/comments?post=5536"}],"version-history":[{"count":0,"href":"https:\/\/derechosinfronteras.pe\/ingles\/wp-json\/wp\/v2\/posts\/5536\/revisions"}],"wp:featuredmedia":[{"embeddable":true,"href":"https:\/\/derechosinfronteras.pe\/ingles\/wp-json\/wp\/v2\/media\/5537"}],"wp:attachment":[{"href":"https:\/\/derechosinfronteras.pe\/ingles\/wp-json\/wp\/v2\/media?parent=5536"}],"wp:term":[{"taxonomy":"category","embeddable":true,"href":"https:\/\/derechosinfronteras.pe\/ingles\/wp-json\/wp\/v2\/categories?post=5536"},{"taxonomy":"post_tag","embeddable":true,"href":"https:\/\/derechosinfronteras.pe\/ingles\/wp-json\/wp\/v2\/tags?post=5536"}],"curies":[{"name":"wp","href":"https:\/\/api.w.org\/{rel}","templated":true}]}}