{"id":5538,"date":"2016-04-01T13:13:09","date_gmt":"2016-04-01T18:13:09","guid":{"rendered":"http:\/\/derechosinfronteras.pe\/?p=1044"},"modified":"2016-04-01T13:13:09","modified_gmt":"2016-04-01T18:13:09","slug":"juzgado-de-huancabamba-unifico-procesos-por-presunta-tortura-de-28-campesinos-en-campamento-minero-rio-blanco","status":"publish","type":"post","link":"https:\/\/derechosinfronteras.pe\/ingles\/juzgado-de-huancabamba-unifico-procesos-por-presunta-tortura-de-28-campesinos-en-campamento-minero-rio-blanco\/","title":{"rendered":"Juzgado de Huancabamba unific\u00f3 procesos por presunta tortura de 28 campesinos en campamento minero R\u00edo Blanco"},"content":{"rendered":"<p>CASO MAJAZ &#8211; PIURA<\/p>\n<p>El Juzgado de investigaci\u00f3n preparatoria de la provincia de Huancabamba(Piura) resolvi\u00f3 unificar los dos procesos penales en los que se vienen investigando las presuntas torturas que sufrieron 28 campesinos dentro del campamento minero de R\u00edo Blanco, a cargo de la empresa Copper S.A. Esta decisi\u00f3n fue tomada ante la solicitud de los abogados de la Fundaci\u00f3n Ecum\u00e9nica para el Desarrollo y la Paz- FEDEPAZ, organizaci\u00f3n que representa a las presuntas v\u00edctimas.<\/p>\n<p>El Primer Juzgado de Investigaci\u00f3n Preparatoria de Huancabamba acumul\u00f3 en un solo proceso los Expedientes No. 201-2013 y No. 30-2011, ambos correspondientes a investigaciones penales seguidas contra 17 efectivos de la Polic\u00eda Nacional del Per\u00fa (PNP) que son se\u00f1alados como presuntos responsables de los actos de tortura y secuestro agravado, presuntamente cometidos contra los comuneros que se opon\u00edan al desarrollo del proyecto minero R\u00edo Blanco en agosto del a\u00f1o 2005.<\/p>\n<p>Seg\u00fan testimonios de los supuestos agraviados, entre los d\u00edas 1 y 3 de agosto de 2005, estuvieron cautivos dentro del campamento minero donde fueron v\u00edctimas de tortura por parte de la Polic\u00eda en conjunto con funcionarios y trabajadores de R\u00edo Blanco Copper S.A., as\u00ed como de la empresa de seguridad privada Forza.<\/p>\n<p>Algunas de las vejaciones f\u00edsica, adem\u00e1s de las psicol\u00f3gicas, los pobladores denunciaron que les vendaron los ojos y fueron llevados a un matadero de reses, en otro momento fueron cubiertos con bolsas tipo costal y se les rose\u00f3 gas lacrim\u00f3geno, y hasta se denunci\u00f3 la violaci\u00f3n sexual de dos mujeres que estaban en dicho grupo.<\/p>\n<p>Una de las investigaciones penales es seguida contra dos coroneles y otros doce miembros de la Polic\u00eda Nacional del Per\u00fa, sobre quienes pesa una acusaci\u00f3n fiscal en la que se solicita 10 a\u00f1os de c\u00e1rcel por el Delito Contra la humanidad \u2013 Tortura. La segunda, se sigue contra dos generales y un comandante PNP, para quienes la fiscal\u00eda pide una imposici\u00f3n de 25 a\u00f1os de pena privativa de la libertad, por el mismo Delito contra la Humanidad \u2013 Tortura Agravada, y al que se le suma el Delito contra la Libertad Personal \u2013 Secuestro Agravado.<\/p>\n<p>Al respecto, FEDEPAZ considera que la acumulaci\u00f3n de las dos investigaciones penales en un solo proceso judicial (Expediente No. 30-2011) constituye un gran paso en la lucha contra la impunidad en las violaciones de derechos humanos y contra los cr\u00edmenes de lesa humanidad.<\/p>\n<p>De esta manera, la organizaci\u00f3n miembro de la RED MUQUI refiere que se estar\u00eda evitando la posibilidad de emisi\u00f3n de sentencias contradictorias sobre un mismo crimen. Asimismo, FEDEPAZ se reafirma en la necesidad de que se haga justicia a las v\u00edctimas y se les repare de forma integral.<\/p>\n<p>Esta unificaci\u00f3n de procesos de un caso com\u00fan, permitir\u00e1 una investigaci\u00f3n m\u00e1s efectiva para que se sancione a todos los responsables de esta brutal agresi\u00f3n a los citados campesinos quienes ejerc\u00edan su derecho a la protesta social, a la defensa de sus tierras, y a vivir en un medio ambiente sano y equilibrado, bajo el modelo de desarrollo local que ellos han elegido.<\/p>\n<p>Frente a estos casos de violaci\u00f3n a los derechos humanos por actividades extractivas, FEDEPAZ considera necesario mejorar los marcos normativos del sector miner\u00eda para que las empresas se vean realmente obligadas a respetar los derechos de las personas,\u00a0 especialmente, a los pueblos ind\u00edgenas.<\/p>\n<p><strong>DATO:<\/strong><\/p>\n<p>En el a\u00f1o 2005, 28 campesinos de las diferentes comunidades campesinas, de Piura y Cajamarca, participaron en una marcha de sacrificio pac\u00edfica, al estar siendo afectadas por el desarrollo del proyecto minero R\u00edo Blanco en las provincias de Huancabamba y Ayabaca.<\/p>\n<p><em><strong>Fuente: FEDEPAZ<\/strong><\/em><\/p>\n<p>Imagen: CNDDH<\/p>","protected":false},"excerpt":{"rendered":"<p>CASO MAJAZ &#8211; PIURA El Juzgado de investigaci\u00f3n preparatoria de la provincia de Huancabamba(Piura) resolvi\u00f3 unificar los dos procesos penales en los que se vienen investigando las presuntas torturas que sufrieron 28 campesinos dentro del campamento minero de R\u00edo Blanco, a cargo de la empresa Copper S.A. Esta decisi\u00f3n fue tomada ante la solicitud de [&hellip;]<\/p>\n","protected":false},"author":1,"featured_media":5539,"comment_status":"closed","ping_status":"open","sticky":false,"template":"","format":"standard","meta":{"_monsterinsights_skip_tracking":false,"_monsterinsights_sitenote_active":false,"_monsterinsights_sitenote_note":"","_monsterinsights_sitenote_category":0,"_jetpack_memberships_contains_paid_content":false,"footnotes":"","jetpack_publicize_message":"","jetpack_publicize_feature_enabled":true,"jetpack_social_post_already_shared":false,"jetpack_social_options":{"image_generator_settings":{"template":"highway","default_image_id":0,"font":"","enabled":false},"version":2}},"categories":[1],"tags":[],"class_list":["post-5538","post","type-post","status-publish","format-standard","has-post-thumbnail","hentry","category-sin-categoria"],"blocksy_meta":[],"jetpack_publicize_connections":[],"jetpack_featured_media_url":"https:\/\/derechosinfronteras.pe\/wp-content\/uploads\/2016\/04\/553-majaz_torturas_5.jpg","jetpack_sharing_enabled":true,"jetpack_likes_enabled":true,"_links":{"self":[{"href":"https:\/\/derechosinfronteras.pe\/ingles\/wp-json\/wp\/v2\/posts\/5538","targetHints":{"allow":["GET"]}}],"collection":[{"href":"https:\/\/derechosinfronteras.pe\/ingles\/wp-json\/wp\/v2\/posts"}],"about":[{"href":"https:\/\/derechosinfronteras.pe\/ingles\/wp-json\/wp\/v2\/types\/post"}],"author":[{"embeddable":true,"href":"https:\/\/derechosinfronteras.pe\/ingles\/wp-json\/wp\/v2\/users\/1"}],"replies":[{"embeddable":true,"href":"https:\/\/derechosinfronteras.pe\/ingles\/wp-json\/wp\/v2\/comments?post=5538"}],"version-history":[{"count":0,"href":"https:\/\/derechosinfronteras.pe\/ingles\/wp-json\/wp\/v2\/posts\/5538\/revisions"}],"wp:featuredmedia":[{"embeddable":true,"href":"https:\/\/derechosinfronteras.pe\/ingles\/wp-json\/wp\/v2\/media\/5539"}],"wp:attachment":[{"href":"https:\/\/derechosinfronteras.pe\/ingles\/wp-json\/wp\/v2\/media?parent=5538"}],"wp:term":[{"taxonomy":"category","embeddable":true,"href":"https:\/\/derechosinfronteras.pe\/ingles\/wp-json\/wp\/v2\/categories?post=5538"},{"taxonomy":"post_tag","embeddable":true,"href":"https:\/\/derechosinfronteras.pe\/ingles\/wp-json\/wp\/v2\/tags?post=5538"}],"curies":[{"name":"wp","href":"https:\/\/api.w.org\/{rel}","templated":true}]}}