{"id":5540,"date":"2016-03-31T16:32:38","date_gmt":"2016-03-31T21:32:38","guid":{"rendered":"http:\/\/derechosinfronteras.pe\/?p=1039"},"modified":"2016-03-31T16:32:38","modified_gmt":"2016-03-31T21:32:38","slug":"heroes-anonimos-que-realmente-derrotaron-a-sendero-luminoso","status":"publish","type":"post","link":"https:\/\/derechosinfronteras.pe\/ingles\/heroes-anonimos-que-realmente-derrotaron-a-sendero-luminoso\/","title":{"rendered":"H\u00e9roes an\u00f3nimos que realmente derrotaron a Sendero Luminoso"},"content":{"rendered":"<p>Aclaraci\u00f3n hist\u00f3rica. <a href=\"http:\/\/larepublica.pe\/impresa\/en-portada\/752295-ningun-medico-actuaba-por-su-cuenta-sino-que-obedecia-los-mandatos-del-gobierno\" target=\"_blank\" rel=\"noopener\">Fujimori<\/a> y <a href=\"http:\/\/larepublica.pe\/politica\/751967-juicio-contra-vladimiro-montesinos-por-secuestros-continuara-el-7-de-abril\" target=\"_blank\" rel=\"noopener\">Montesinos<\/a> tomaron una victoria que no era suya. El presidente del ILD, <a href=\"http:\/\/larepublica.pe\/impresa\/politica\/751909-alfredo-barnechea-invita-hernando-de-soto-integrarse-su-equipo\" target=\"_blank\" rel=\"noopener\">Hernando de Soto<\/a>, destaca el protagonismo de miles de valientes campesinos. Esto acaba finalmente con el mito de un fujimorismo vencedor.<\/p>\n<div>A partir de 1980, cuando el Per\u00fa sal\u00eda de una dictadura militar, \u00a0<a href=\"http:\/\/larepublica.pe\/politica\/750439-sendero-luminoso-intentaria-boicotear-proceso-electoral-en-el-vraem\" target=\"_blank\" rel=\"noopener\">Sendero Luminoso<\/a> tomaba el control de los pueblos rurales en el departamento de \u00a0Ayacucho tras una serie de ataques a puestos policiales.<\/div>\n<div><\/div>\n<div>\u00a0Al principio hubo expectativa entre muchos campesinos debido a las promesas de SL, pero a medida que \u00e9ste trataba de colectivizar sus tierras \u2013ignorando que ya hab\u00edan sido parceladas\u2013, expropiar parte de su producci\u00f3n, reclutar a sus hijos, se fue armando la resistencia.<\/div>\n<div><\/div>\n<div>Para defenderse los campesinos formaron por su cuenta los <strong>Comit\u00e9s de Autodefensa<\/strong>, las llamadas DECAS rurales armadas. Con hachas, cuchillos m\u00e1s de 120,000 personas junto con las fuerzas armadas impidieron que la organizaci\u00f3n mao\u00edsta se apoderara de amplios territorios del pa\u00eds.<\/div>\n<div><\/div>\n<div>Esta resistencia local empez\u00f3 en un primer momento, en 1981, cuando los campesinos de Ayacucho, Huancavelica, Apur\u00edmac se rebelaron contra las pol\u00edticas de Sendero.<\/div>\n<div><\/div>\n<div>El economista y presidente del Instituto Libertad y Democracia (ILD), <a href=\"http:\/\/larepublica.pe\/tag\/hernando-de-soto\" target=\"_blank\" rel=\"noopener\">Hernando de Soto<\/a>, ha estudiado minuciosamente este proceso y llega a la conclusi\u00f3n de que la victoria determinante solo fue posible despu\u00e9s de 10 a\u00f1os cuando las fuerzas armadas se aliaron con las DECAS (Comit\u00e9s de Defensa Civil Antisubversivas).<\/div>\n<div><\/div>\n<div>\u00abEsa demora fue lamentable porque al igual que las guerras de Vietnam, o las actuales en Medio Oriente, los soldados y polic\u00edas enviados desde Lima a la sierra y selva combat\u00edan a ciegas al no saber distinguir al terrorista del campesino, ambos con la misma tez y vestido\u00bb.<\/div>\n<div><\/div>\n<div>De Soto recuerda que los dirigentes de las DECAS le comentaban al comienzo que \u00a0\u00ablos militares en combate no solo eran ciegos de vista, sino de lengua pues la mayor\u00eda de ellos no hablaba quechua\u00bb.<\/div>\n<div><\/div>\n<div>\n<h3>Un ej\u00e9rcito extralegal<\/h3>\n<div>\u00bfC\u00f3mo convencer a la comunidad internacional, a las fuerzas armadas de que el ej\u00e9rcito informal campesino era la expresi\u00f3n de la revoluci\u00f3n industrial peruana?<\/div>\n<div>Durante dos a\u00f1os Hernando de Soto y algunos del ILD \u00a0pensaron en un plan para que la situaci\u00f3n de los campesinos encaje en las obligaciones de los tratados internacionales firmados por el Per\u00fa.<\/div>\n<div>El equipo de Instituto Libertad y Democracia <strong>\u00a0invit\u00f3 a inspectores de la ONU<\/strong> y de los pa\u00edses desarrollados a visitar las zonas de conflicto y reunirse con las diferentes organizaciones rurales, incluidas las DECAS, para tipificarlas como \u201cinterlocutores v\u00e1lidos\u201d y permitir que se unan a las fuerzas armadas para derrotar al terrorismo.<\/div>\n<div>Tras varias negociaciones al m\u00e1s alto nivel pol\u00edtico, las autoridades estadounidenses aceptaron la posici\u00f3n peruana y lo confirmaron dentro del convenio firmado con Per\u00fa el 14 de mayo de 1991.<\/div>\n<div>Los cocaleros ya no eran por definici\u00f3n narcotraficantes sino productores extralegales;<strong> la estrategia represiva ten\u00eda que ser dirigida exclusivamente contra los narcotraficantes<\/strong>; y que la mejor manera de combatir al narcotr\u00e1fico era mediante una alianza entre el gobierno y los agricultores por la v\u00eda de pol\u00edticas que priorizaran la participaci\u00f3n democr\u00e1tica, los derechos de propiedad, y medidas de desarrollo alternativo favorable al medio ambiente.<\/div>\n<div>A finales de 1991, las DECAS hab\u00edan crecido seis veces, constituyendo una gran fuerza de 120,000 hombres armados. Para 1992 se hab\u00eda reducido sustancialmente el n\u00famero de muertes y Sendero fue derrotado no solo como fuerza militar sino tambi\u00e9n como opci\u00f3n pol\u00edtica.<\/div>\n<div>A decir de Hernando de Soto, la recategorizaci\u00f3n permiti\u00f3 sacar de la criminalidad a los campesinos,<strong> asimilarlos a las fuerzas armadas creando las condiciones que les permitieron ganarle la guerra a SL<\/strong> en el campo, un a\u00f1o antes de que Abimael Guzm\u00e1n fuera capturado en Lima ya sin combatientes que lo protegieran.<\/div>\n<div><\/div>\n<div>\n<h3>H\u00e9roes no reconocidos<\/h3>\n<div>El economista se\u00f1ala que no se entiende a\u00fan que los campesinos y mineros populares que salvaron de la pesadilla de una dictadura senderista \u00a0y que pagaron por ello decenas de miles de vidas, nunca hayan sido reconocidos.<\/div>\n<div>\u00abHasta ahora no se ha levantado ni un museo, una estatua, un muro de lamentaciones para honrar a lo que constituye <strong>hasta el d\u00eda de hoy la m\u00e1s grande reserva militar del Per\u00fa <\/strong>contra la violencia\u00bb.<\/div>\n<div>De Soto afirma que lo peor es que existen todav\u00eda aquellos que creen que la victoria \u00a0contra SL, la relativa seguridad y el progreso que tenemos se debe al golpe de Estado del 5 de abril y a los c\u00edrculos montesinistas que, silenciosamente, se han atribuido una victoria que no es suya, pero que \u00a0vuelven a aparecer en la vida pol\u00edtica, con\u00bb promesas de seguridad que son incapaces de cumplir por carecer de la experiencia necesaria\u00bb.<\/div>\n<div>Resulta importante para Hernando de Soto recordarles que fueron los campesinos que lucharon y siguen luchando \u00abpor la propiedad, la democracia y por la vida\u00bb.<\/div>\n<div><\/div>\n<div><\/div>\n<div>Lea aqu\u00ed el documento completo elaborado por el Instituto Libertad y Democracia (ILD) sobre el trabajo de los campesinos en la derrota de Sendero Luminoso.<\/div>\n<div><\/div>\n<\/div>\n<\/div>\n<div>[gview file=\u00bbhttp:\/\/derechosinfronteras.pe\/wp-content\/uploads\/2016\/03\/Quien-gano-la-guerra-contra-Sendero.pdf\u00bb]<\/div>\n<div><\/div>\n<div>Fuente: La Republica.<\/div>\n<div>Fuente imagen: internacional.elpais.com<\/div>\n<div><\/div>\n","protected":false},"excerpt":{"rendered":"<p>Aclaraci\u00f3n hist\u00f3rica. Fujimori y Montesinos tomaron una victoria que no era suya. El presidente del ILD, Hernando de Soto, destaca el protagonismo de miles de valientes campesinos. Esto acaba finalmente con el mito de un fujimorismo vencedor. A partir de 1980, cuando el Per\u00fa sal\u00eda de una dictadura militar, \u00a0Sendero Luminoso tomaba el control de [&hellip;]<\/p>\n","protected":false},"author":1,"featured_media":5541,"comment_status":"closed","ping_status":"open","sticky":false,"template":"","format":"standard","meta":{"_monsterinsights_skip_tracking":false,"_monsterinsights_sitenote_active":false,"_monsterinsights_sitenote_note":"","_monsterinsights_sitenote_category":0,"_jetpack_memberships_contains_paid_content":false,"footnotes":"","jetpack_publicize_message":"","jetpack_publicize_feature_enabled":true,"jetpack_social_post_already_shared":false,"jetpack_social_options":{"image_generator_settings":{"template":"highway","default_image_id":0,"font":"","enabled":false},"version":2}},"categories":[1],"tags":[],"class_list":["post-5540","post","type-post","status-publish","format-standard","has-post-thumbnail","hentry","category-sin-categoria"],"blocksy_meta":[],"jetpack_publicize_connections":[],"jetpack_featured_media_url":"https:\/\/derechosinfronteras.pe\/wp-content\/uploads\/2016\/03\/1408236341_249846_1408236940_sumario_normal.jpg","jetpack_sharing_enabled":true,"jetpack_likes_enabled":true,"_links":{"self":[{"href":"https:\/\/derechosinfronteras.pe\/ingles\/wp-json\/wp\/v2\/posts\/5540","targetHints":{"allow":["GET"]}}],"collection":[{"href":"https:\/\/derechosinfronteras.pe\/ingles\/wp-json\/wp\/v2\/posts"}],"about":[{"href":"https:\/\/derechosinfronteras.pe\/ingles\/wp-json\/wp\/v2\/types\/post"}],"author":[{"embeddable":true,"href":"https:\/\/derechosinfronteras.pe\/ingles\/wp-json\/wp\/v2\/users\/1"}],"replies":[{"embeddable":true,"href":"https:\/\/derechosinfronteras.pe\/ingles\/wp-json\/wp\/v2\/comments?post=5540"}],"version-history":[{"count":0,"href":"https:\/\/derechosinfronteras.pe\/ingles\/wp-json\/wp\/v2\/posts\/5540\/revisions"}],"wp:featuredmedia":[{"embeddable":true,"href":"https:\/\/derechosinfronteras.pe\/ingles\/wp-json\/wp\/v2\/media\/5541"}],"wp:attachment":[{"href":"https:\/\/derechosinfronteras.pe\/ingles\/wp-json\/wp\/v2\/media?parent=5540"}],"wp:term":[{"taxonomy":"category","embeddable":true,"href":"https:\/\/derechosinfronteras.pe\/ingles\/wp-json\/wp\/v2\/categories?post=5540"},{"taxonomy":"post_tag","embeddable":true,"href":"https:\/\/derechosinfronteras.pe\/ingles\/wp-json\/wp\/v2\/tags?post=5540"}],"curies":[{"name":"wp","href":"https:\/\/api.w.org\/{rel}","templated":true}]}}