{"id":5544,"date":"2016-03-30T18:20:12","date_gmt":"2016-03-30T23:20:12","guid":{"rendered":"http:\/\/derechosinfronteras.pe\/?p=1033"},"modified":"2016-03-30T18:20:12","modified_gmt":"2016-03-30T23:20:12","slug":"cusco-liberan-a-dos-detenidos-injustamente-por-el-conflicto-de-las-bambas-cotabambas-en-setiembre-del-2015","status":"publish","type":"post","link":"https:\/\/derechosinfronteras.pe\/ingles\/cusco-liberan-a-dos-detenidos-injustamente-por-el-conflicto-de-las-bambas-cotabambas-en-setiembre-del-2015\/","title":{"rendered":"Cusco: Liberan a dos detenidos injustamente por el conflicto de Las Bambas &#8211; Cotabambas en setiembre del 2015."},"content":{"rendered":"<p>El pasado martes 22 de marzo, se desarroll\u00f3 la audiencia de cesaci\u00f3n de prisi\u00f3n preventiva en el caso derivado del conflicto Las Bambas (Cotabambas \u2013 Apur\u00edmac); pese a la defensa de la empresa minera y los agravios que recibieron las abogadas Ruth Luque de Derechos Humanos sin Fronteras y Lisbeth Valenzuela abogada de Aprodeh \u2013 Apurimac, ambas defensoras del caso, lograron demostrar la inocencia de Javier Mamani Coaquira (48) y Edward Brandon Quispe Ccuno (18), por consiguiente, luego de 6 meses de prisi\u00f3n, el Juzgado ha declarado fundado el pedido de cesaci\u00f3n de prisi\u00f3n preventiva a favor de Javier Mamani y Edward Brandon. Ambas personas finalmente fueron liberados el lunes 28 de marzo en horas de la noche, adem\u00e1s ellos deber\u00e1n pagar una cauci\u00f3n de 8 mil soles.<\/p>\n<p>El 28 de setiembre del 2015, estall\u00f3 el conflicto contra la empresa minera Las Bambas en Cotabambas &#8211; Apur\u00edmac, esto tras 5 d\u00edas de movilizaci\u00f3n en la que dirigentes del Comit\u00e9 de Lucha Interprovincial y organizaciones populares y comunales de la zona rechazaban la instalaci\u00f3n de una planta de molibdeno, de filtros y concentrados, entre otros temas. Estas modificaciones del Estudio de Impacto Ambiental (EIA) inicialmente no formaban parte del proyecto y se hicieron sin participaci\u00f3n de la poblaci\u00f3n local afectada.<\/p>\n<p>Luego del enfrentamiento entre los manifestantes y miembros de la Polic\u00eda Nacional en la zona cercana al proyecto minero Las Bambas, 21 pobladores fueron detenidos dentro del campamento minero, quienes denunciaron que fueron torturados, entre ellos se encontraban Edward Brandon y Javier Mamani a quienes les sembraron municiones, para luego ser obligados a suscribir un documento reconociendo que dichos materiales estaban en su poder.<\/p>\n<p>De este grupo, siete fueron trasladados a Abancay el d\u00eda 29. En horas de la madrugada, cuatro fueron liberados. Los \u00faltimos tres fueron Edward Brandon Quispe Ccuno (18 a\u00f1os), Javier Mamani Coaquira (48 a\u00f1os) y Asunto Huaman\u00ed Huaman\u00ed (46 a\u00f1os) finalmente este \u00faltimo sali\u00f3 libre, quedando en calidad de detenidos en el Penal de Qenqoro de Cusco Brandon y Javier. La Fiscal\u00eda de Challhuahuacho solicit\u00f3 para ellos prisi\u00f3n preventiva, y fueron acusados por los presuntos delitos de disturbios, da\u00f1o agravado y tenencia ilegal de armas y explosivos.<\/p>\n<p>La defensa del caso de los dos detenidos fue asumida por las abogadas de Derechos Humanos sin Fronteras y Aprodeh \u2013 Apurimac, en coordinaci\u00f3n con organizaciones de derechos humanos\u00a0 a nivel nacional como la CNDH, Cooperacci\u00f3n, entre otros. De otro lado es necesario reconocer la resoluci\u00f3n elaborada por la jueza de investigaci\u00f3n preparatoria de Tambobamba (Apur\u00edmac) Dra. Idania Oroz, quien\u00a0 reconoce el tema de residencia domiciliaria de ambas personas, asimismo la resoluci\u00f3n muestra que ambos no tienen peligro de fuga, ni peligro de obstaculizar la justicia.<\/p>\n<p>Finalmente el conflicto de Las Bambas provoc\u00f3 la muerte de 3 personas, Los\u00a0 fallecidos\u00a0 fueron\u00a0 Exaltaci\u00f3n\u00a0 Huaman\u00ed\u00a0 M\u00edo\u00a0 (32), Beto Chahuallo Huillca (36) y Alberto C\u00e1rdenas Challco (24); en los tres casos, los certificados\u00a0 de\u00a0 defunci\u00f3n\u00a0 son\u00a0 claros\u00a0 al\u00a0 indicar\u00a0 que\u00a0 la\u00a0 causa\u00a0 b\u00e1sica\u00a0 de\u00a0 la\u00a0 muerte fue herida por proyectil de arma de fuego. Esperamos que a partir de la liberaci\u00f3n de Brandon y Javier se inicie de manera objetiva las investigaciones sobre la muerte de las tres personas mencionadas y se sancione a los responsables.<\/p>\n<p style=\"text-align: right;\">Derechos Humanos Sin Fronteras.<\/p>","protected":false},"excerpt":{"rendered":"<p>El pasado martes 22 de marzo, se desarroll\u00f3 la audiencia de cesaci\u00f3n de prisi\u00f3n preventiva en el caso derivado del conflicto Las Bambas (Cotabambas \u2013 Apur\u00edmac); pese a la defensa de la empresa minera y los agravios que recibieron las abogadas Ruth Luque de Derechos Humanos sin Fronteras y Lisbeth Valenzuela abogada de Aprodeh \u2013 [&hellip;]<\/p>\n","protected":false},"author":1,"featured_media":5545,"comment_status":"closed","ping_status":"open","sticky":false,"template":"","format":"standard","meta":{"_monsterinsights_skip_tracking":false,"_monsterinsights_sitenote_active":false,"_monsterinsights_sitenote_note":"","_monsterinsights_sitenote_category":0,"_jetpack_memberships_contains_paid_content":false,"footnotes":"","jetpack_publicize_message":"","jetpack_publicize_feature_enabled":true,"jetpack_social_post_already_shared":false,"jetpack_social_options":{"image_generator_settings":{"template":"highway","default_image_id":0,"font":"","enabled":false},"version":2}},"categories":[1],"tags":[],"class_list":["post-5544","post","type-post","status-publish","format-standard","has-post-thumbnail","hentry","category-sin-categoria"],"blocksy_meta":[],"jetpack_publicize_connections":[],"jetpack_featured_media_url":"https:\/\/derechosinfronteras.pe\/wp-content\/uploads\/2016\/03\/DSC8937-e1494266770636.jpg","jetpack_sharing_enabled":true,"jetpack_likes_enabled":true,"_links":{"self":[{"href":"https:\/\/derechosinfronteras.pe\/ingles\/wp-json\/wp\/v2\/posts\/5544","targetHints":{"allow":["GET"]}}],"collection":[{"href":"https:\/\/derechosinfronteras.pe\/ingles\/wp-json\/wp\/v2\/posts"}],"about":[{"href":"https:\/\/derechosinfronteras.pe\/ingles\/wp-json\/wp\/v2\/types\/post"}],"author":[{"embeddable":true,"href":"https:\/\/derechosinfronteras.pe\/ingles\/wp-json\/wp\/v2\/users\/1"}],"replies":[{"embeddable":true,"href":"https:\/\/derechosinfronteras.pe\/ingles\/wp-json\/wp\/v2\/comments?post=5544"}],"version-history":[{"count":0,"href":"https:\/\/derechosinfronteras.pe\/ingles\/wp-json\/wp\/v2\/posts\/5544\/revisions"}],"wp:featuredmedia":[{"embeddable":true,"href":"https:\/\/derechosinfronteras.pe\/ingles\/wp-json\/wp\/v2\/media\/5545"}],"wp:attachment":[{"href":"https:\/\/derechosinfronteras.pe\/ingles\/wp-json\/wp\/v2\/media?parent=5544"}],"wp:term":[{"taxonomy":"category","embeddable":true,"href":"https:\/\/derechosinfronteras.pe\/ingles\/wp-json\/wp\/v2\/categories?post=5544"},{"taxonomy":"post_tag","embeddable":true,"href":"https:\/\/derechosinfronteras.pe\/ingles\/wp-json\/wp\/v2\/tags?post=5544"}],"curies":[{"name":"wp","href":"https:\/\/api.w.org\/{rel}","templated":true}]}}