{"id":5546,"date":"2016-03-30T17:16:06","date_gmt":"2016-03-30T22:16:06","guid":{"rendered":"http:\/\/derechosinfronteras.pe\/?p=1025"},"modified":"2016-03-30T17:16:06","modified_gmt":"2016-03-30T22:16:06","slug":"movilizacion-en-chumbivilcas","status":"publish","type":"post","link":"https:\/\/derechosinfronteras.pe\/ingles\/movilizacion-en-chumbivilcas\/","title":{"rendered":"Movilizaci\u00f3n en Chumbivilcas"},"content":{"rendered":"<p>En la provincia de chumbivilcas se viene desarrollando la movilizaci\u00f3n de organizaciones como el Frente \u00fanico de defensa de los derechos de Chumbivilcas, el secretario e integrantes de la SUTEP Chumbivilcas,la organizaci\u00f3n Toribia Fl\u00f3rez de Cutipa y los representantes de los barrios del distrito de Velille. Esta movilizaci\u00f3n se dio a ra\u00edz que el alcalde provincial durante el tiempo de gesti\u00f3n que viene ejerciendo, no ha realizado los proyectos ni compromisos por los que fue elegido ya hace m\u00e1s de un a\u00f1o.<\/p>\n<p>El pliego de peticiones de los pobladores de Chumbivilcas y sus distritos frente a esta movilizaci\u00f3n es:<\/p>\n<p>&#8211; La separaci\u00f3n de EMSAPAL, empresa que trabaja en la distribuci\u00f3n del AGUA en toda la provincia.<\/p>\n<p>&#8211; Ejecutar el proyecto de electrificaci\u00f3n 66KB.<\/p>\n<p>&#8211; La construcci\u00f3n del hospital y mercadillos en la zona.<\/p>\n<p>&#8211; Pavimentaci\u00f3n de las calles y la carretera.<\/p>\n<p>-Realizar \u00a0la entrega de Laptop para los estudiantes.<\/p>\n<p>-Cumplir con la compra de tractores agr\u00edcolas.<\/p>\n<p>-Retiro del personal que viene laborando en la municipalidad.<\/p>\n<p>Asimismo esta movilizaci\u00f3n engloba el rechazo del distrito y los dirigentes de velille y Chamaca hacia el proyecto que busca la distritalizacion del pueblo de Chiliroya en Livitaca, quienes se encuentran en referencias con la empresa Hudbay para favorecerlos una vez que se convierta en distrito.<\/p>\n<p>Desde otro punto se cree que esta actividad se presta a un fin pol\u00edtico ya que los que encabezan la marcha son ex trabajadores del Ex Alcalde Florentino Layme. Asimismo\u00a0 el Alcalde de turno ha invitado a los que participan de la marcha a poder realizar una meza de dialogo para llegar a acuerdos que favorezcan a\u00a0 la provincia de Chumbivilcas.<\/p>\n<p>Imagen referencial.<\/p>","protected":false},"excerpt":{"rendered":"<p>En la provincia de chumbivilcas se viene desarrollando la movilizaci\u00f3n de organizaciones como el Frente \u00fanico de defensa de los derechos de Chumbivilcas, el secretario e integrantes de la SUTEP Chumbivilcas,la organizaci\u00f3n Toribia Fl\u00f3rez de Cutipa y los representantes de los barrios del distrito de Velille. Esta movilizaci\u00f3n se dio a ra\u00edz que el alcalde [&hellip;]<\/p>\n","protected":false},"author":1,"featured_media":5547,"comment_status":"closed","ping_status":"open","sticky":false,"template":"","format":"standard","meta":{"_monsterinsights_skip_tracking":false,"_monsterinsights_sitenote_active":false,"_monsterinsights_sitenote_note":"","_monsterinsights_sitenote_category":0,"_jetpack_memberships_contains_paid_content":false,"footnotes":"","jetpack_publicize_message":"","jetpack_publicize_feature_enabled":true,"jetpack_social_post_already_shared":false,"jetpack_social_options":{"image_generator_settings":{"template":"highway","default_image_id":0,"font":"","enabled":false},"version":2}},"categories":[1],"tags":[],"class_list":["post-5546","post","type-post","status-publish","format-standard","has-post-thumbnail","hentry","category-sin-categoria"],"blocksy_meta":[],"jetpack_publicize_connections":[],"jetpack_featured_media_url":"https:\/\/derechosinfronteras.pe\/wp-content\/uploads\/2016\/03\/conversacion-velille.jpg","jetpack_sharing_enabled":true,"jetpack_likes_enabled":true,"_links":{"self":[{"href":"https:\/\/derechosinfronteras.pe\/ingles\/wp-json\/wp\/v2\/posts\/5546","targetHints":{"allow":["GET"]}}],"collection":[{"href":"https:\/\/derechosinfronteras.pe\/ingles\/wp-json\/wp\/v2\/posts"}],"about":[{"href":"https:\/\/derechosinfronteras.pe\/ingles\/wp-json\/wp\/v2\/types\/post"}],"author":[{"embeddable":true,"href":"https:\/\/derechosinfronteras.pe\/ingles\/wp-json\/wp\/v2\/users\/1"}],"replies":[{"embeddable":true,"href":"https:\/\/derechosinfronteras.pe\/ingles\/wp-json\/wp\/v2\/comments?post=5546"}],"version-history":[{"count":0,"href":"https:\/\/derechosinfronteras.pe\/ingles\/wp-json\/wp\/v2\/posts\/5546\/revisions"}],"wp:featuredmedia":[{"embeddable":true,"href":"https:\/\/derechosinfronteras.pe\/ingles\/wp-json\/wp\/v2\/media\/5547"}],"wp:attachment":[{"href":"https:\/\/derechosinfronteras.pe\/ingles\/wp-json\/wp\/v2\/media?parent=5546"}],"wp:term":[{"taxonomy":"category","embeddable":true,"href":"https:\/\/derechosinfronteras.pe\/ingles\/wp-json\/wp\/v2\/categories?post=5546"},{"taxonomy":"post_tag","embeddable":true,"href":"https:\/\/derechosinfronteras.pe\/ingles\/wp-json\/wp\/v2\/tags?post=5546"}],"curies":[{"name":"wp","href":"https:\/\/api.w.org\/{rel}","templated":true}]}}