{"id":5548,"date":"2016-03-30T12:59:55","date_gmt":"2016-03-30T17:59:55","guid":{"rendered":"http:\/\/derechosinfronteras.pe\/?p=1019"},"modified":"2016-03-30T12:59:55","modified_gmt":"2016-03-30T17:59:55","slug":"dirigentes-sociales-de-cotabambas-se-retiraron-de-mesa-de-trabajo-con-el-ejecutivo","status":"publish","type":"post","link":"https:\/\/derechosinfronteras.pe\/ingles\/dirigentes-sociales-de-cotabambas-se-retiraron-de-mesa-de-trabajo-con-el-ejecutivo\/","title":{"rendered":"Dirigentes sociales de Cotabambas se retiraron de mesa de trabajo con el Ejecutivo"},"content":{"rendered":"<p>SE FRACCIONA EL DI\u00c1LOGO EN LAS BAMBAS<\/p>\n<ul>\n<li><em>\u00a0\u00a0\u00a0\u00a0\u00a0\u00a0 Organizaciones sociales reclaman presencia de ministros de Estado<\/em><\/li>\n<li><em>\u00a0\u00a0\u00a0\u00a0\u00a0\u00a0 Se reitera decisi\u00f3n de acatar un paro interprovincial en Apur\u00edmac<\/em><\/li>\n<li><em>\u00a0\u00a0\u00a0\u00a0\u00a0\u00a0 Ayer PCM instal\u00f3 el eje de desarrollo sostenible de la mesa de trabajo<\/em><\/li>\n<\/ul>\n<p>Dirigentes sociales de la provincia de Cotabambas (Apur\u00edmac) decidieron retirarse y desconocer la Mesa de Trabajo pactada con el Ejecutivo, adem\u00e1s de ratificar la medida de un paro interprovincial indefinido. Esta decisi\u00f3n fue tomada en Tambobamba durante la instalaci\u00f3n del eje de desarrollo sostenible, uno de los grupos de trabajo conformados tras la instalaci\u00f3n de la mesa.<\/p>\n<p>\u201cAnte las constantes injusticias, maltratos y falta de respeto al pueblo Cotabambino, los representantes leg\u00edtimos de la provincia, nos hemos visto obligados a retirarnos de la mesa de di\u00e1logo, ya que el gobierno central no tiene la voluntad pol\u00edtica, ni de di\u00e1logo. Esa actitud intransigente nos obliga a asumir una medida de fuerza indefinida\u201d, anunciaron.<\/p>\n<p>Una de las razones principales, seg\u00fan refirieron en un pronunciamiento p\u00fablico, es el env\u00edo de funcionarios y representantes \u2013desde diferentes ministerios- que no tienen capacidad resolutiva sobre los problemas pendientes en la provincia, en torno al proyecto minero Las Bambas. De igual modo, adujeron que el Ejecutivo aun no cumple en modificar la resoluci\u00f3n ministerial para la instalaci\u00f3n de una mesa de di\u00e1logo de car\u00e1cter provincial.<\/p>\n<p>Es as\u00ed que organizaciones sociales de base, frentes de defensa, federaciones campesinas, comunidades campesinas y comit\u00e9s de lucha de la provincia de Cotabambas, consideraron que el gobierno central y la empresa minera MMG Limited han venido incumpliendo los acuerdos pactados en cada reuni\u00f3n de di\u00e1logo desde que estall\u00f3 el conflicto en Las Bambas.<\/p>\n<p>\u201cLos d\u00edas 24 y 25 de marzo se acat\u00f3 un paro de 48 horas y se env\u00edo una carta a la PCM solicitando la presencia de alg\u00fan ministro titular para este 29 de marzo (\u2026) Responsabilizamos al gobierno central y MMG Las Bambas, as\u00ed como de las consecuencias que pudieran ocurrir en adelante\u201d, aseveraron.<\/p>\n<p>Sin embargo, en este documento, tampoco han mecionado alguna fecha sobre esta medida de protesta.<\/p>\n<p><strong>Reuni\u00f3n de trabajo suspendida<\/strong><\/p>\n<p>Tras esta decisi\u00f3n de las organizaciones sociales, gobierno central y gobierno local determinaron suspender la reuni\u00f3n de trabajo del eje de desarrollo sostenible, luego de la instalaci\u00f3n de la misma en la municipalidad provincial de Cotabambas (Tambobamba, Cotabambas, Apur\u00edmac).<\/p>\n<p>Por parte del gobierno estuvieron: el viceministro de Promoci\u00f3n del Empleo y Capacitaci\u00f3n Laboral, Wigberto Boluarte; Jhon Reynaga, congresista por Apur\u00edmac (exnacionalista); Mart\u00edn Carbajal, en representaci\u00f3n del jefe de la Oficina Nacional de Di\u00e1logo y Sostenibilidad de la PCM, entre otros.<\/p>\n<p>En cuanto a autoridades locales, se hicieron presentes: Mario Siwincha, alcalde provincial de Cotabambas; Antol\u00edn Chipani, alcalde distrital de Challhuahuacho, y Adriel Sota, Alcalde distrital de Mara. Mientras que desde MMG Limited, \u00a0los funcionarios se presentaron: Iv\u00e1n Tahakashi y Marcos Santos<\/p>\n<p>Seg\u00fan el acta de instalaci\u00f3n del eje de desarrollo sostenible y el retiro de los representantes de la sociedad civil (as\u00ed denominan a las organizaciones sociales provinciales) fueron los alcaldes Siwincha y Chipani quienes plantearon la suspensi\u00f3n de esta reuni\u00f3n y se reprogramen las sesiones de trabajo. Asimismo, el documento dio cuenta que el congresista Reynaga exigi\u00f3 la presencia de -por lo menos- un ministro de Estado, as\u00ed como del jefe de la ONDS-PCM, Jos\u00e9 \u00c1vila.<\/p>\n<p>De esta manera, el inicio de un trabajo coordinado ha quedado suspendido hasta que el gobierno y las autoridades locales, incluyendo al Comit\u00e9 de Lucha de Cotabambas, el Frente de Defensa de Cotabambas y Grau, dispongan.<\/p>\n<p><strong>DATOS:<\/strong><\/p>\n<p>La Oficina de Di\u00e1logo y Sostenibilidad que viene desarrollando labores de Secretar\u00eda T\u00e9cnica, y es la que se encarga de coordinar con la presidencia del grupo de trabajo.<\/p>\n<p>Antes de culminar instalaci\u00f3n de la mesa, la sociedad civil local solicit\u00f3 la modificaci\u00f3n de la Resoluci\u00f3n Ministerial N\u00ba 263-2015-PCM de creaci\u00f3n de esta mesa de trabajo, tomando en consideraci\u00f3n el contexto real de su creaci\u00f3n.<\/p>\n<p>Imagen referencial.<\/p>\n<p><strong><em>Fuente: RED MUQUI Sur<\/em><\/strong><\/p>","protected":false},"excerpt":{"rendered":"<p>SE FRACCIONA EL DI\u00c1LOGO EN LAS BAMBAS \u00a0\u00a0\u00a0\u00a0\u00a0\u00a0 Organizaciones sociales reclaman presencia de ministros de Estado \u00a0\u00a0\u00a0\u00a0\u00a0\u00a0 Se reitera decisi\u00f3n de acatar un paro interprovincial en Apur\u00edmac \u00a0\u00a0\u00a0\u00a0\u00a0\u00a0 Ayer PCM instal\u00f3 el eje de desarrollo sostenible de la mesa de trabajo Dirigentes sociales de la provincia de Cotabambas (Apur\u00edmac) decidieron retirarse y desconocer la Mesa [&hellip;]<\/p>\n","protected":false},"author":1,"featured_media":5549,"comment_status":"closed","ping_status":"open","sticky":false,"template":"","format":"standard","meta":{"_monsterinsights_skip_tracking":false,"_monsterinsights_sitenote_active":false,"_monsterinsights_sitenote_note":"","_monsterinsights_sitenote_category":0,"_jetpack_memberships_contains_paid_content":false,"footnotes":"","jetpack_publicize_message":"","jetpack_publicize_feature_enabled":true,"jetpack_social_post_already_shared":false,"jetpack_social_options":{"image_generator_settings":{"template":"highway","default_image_id":0,"font":"","enabled":false},"version":2}},"categories":[1],"tags":[],"class_list":["post-5548","post","type-post","status-publish","format-standard","has-post-thumbnail","hentry","category-sin-categoria"],"blocksy_meta":[],"jetpack_publicize_connections":[],"jetpack_featured_media_url":"https:\/\/derechosinfronteras.pe\/wp-content\/uploads\/2016\/03\/dialogo-enlas-bambas-1.jpg","jetpack_sharing_enabled":true,"jetpack_likes_enabled":true,"_links":{"self":[{"href":"https:\/\/derechosinfronteras.pe\/ingles\/wp-json\/wp\/v2\/posts\/5548","targetHints":{"allow":["GET"]}}],"collection":[{"href":"https:\/\/derechosinfronteras.pe\/ingles\/wp-json\/wp\/v2\/posts"}],"about":[{"href":"https:\/\/derechosinfronteras.pe\/ingles\/wp-json\/wp\/v2\/types\/post"}],"author":[{"embeddable":true,"href":"https:\/\/derechosinfronteras.pe\/ingles\/wp-json\/wp\/v2\/users\/1"}],"replies":[{"embeddable":true,"href":"https:\/\/derechosinfronteras.pe\/ingles\/wp-json\/wp\/v2\/comments?post=5548"}],"version-history":[{"count":0,"href":"https:\/\/derechosinfronteras.pe\/ingles\/wp-json\/wp\/v2\/posts\/5548\/revisions"}],"wp:featuredmedia":[{"embeddable":true,"href":"https:\/\/derechosinfronteras.pe\/ingles\/wp-json\/wp\/v2\/media\/5549"}],"wp:attachment":[{"href":"https:\/\/derechosinfronteras.pe\/ingles\/wp-json\/wp\/v2\/media?parent=5548"}],"wp:term":[{"taxonomy":"category","embeddable":true,"href":"https:\/\/derechosinfronteras.pe\/ingles\/wp-json\/wp\/v2\/categories?post=5548"},{"taxonomy":"post_tag","embeddable":true,"href":"https:\/\/derechosinfronteras.pe\/ingles\/wp-json\/wp\/v2\/tags?post=5548"}],"curies":[{"name":"wp","href":"https:\/\/api.w.org\/{rel}","templated":true}]}}