{"id":5552,"date":"2016-03-30T10:27:15","date_gmt":"2016-03-30T15:27:15","guid":{"rendered":"http:\/\/derechosinfronteras.pe\/?p=1006"},"modified":"2016-03-30T10:27:15","modified_gmt":"2016-03-30T15:27:15","slug":"debate-presidencial-se-realizara-este-3-de-abril-en-grupos-de-a-dos","status":"publish","type":"post","link":"https:\/\/derechosinfronteras.pe\/ingles\/debate-presidencial-se-realizara-este-3-de-abril-en-grupos-de-a-dos\/","title":{"rendered":"Debate presidencial se realizar\u00e1 este 3 de abril en grupos de a dos"},"content":{"rendered":"<p>El domingo 3 de abril se realizar\u00e1 el debate entre los candidatos presidenciales, los mismos que han sido reunidos en grupos de dos, seg\u00fan lo fijaron el Jurado Nacional de Elecciones (JNE), IDEA Internacional y el Consorcio de Investigaci\u00f3n Econ\u00f3mica y Social (CIES), organizadores del evento.<\/p>\n<p>De esta manera, a partir de las 20:00 horas en el Centro de Convenciones de Lima, los postulantes de las diferentes agrupaciones pol\u00edticas en competencia tendr\u00e1n la opci\u00f3n de r\u00e9plica y d\u00faplica, en parejas conformadas.<\/p>\n<p><strong>Acuerdo<\/strong><br \/>\nEl JNE precis\u00f3 que la conformaci\u00f3n de las seis duplas se acord\u00f3 con los partidos pol\u00edticos, conforme con el acta de reuni\u00f3n firmada por estas organizaciones pol\u00edticas.<\/p>\n<p>Se estableci\u00f3 tambi\u00e9n que en caso un candidato se retirara de la contienda antes del debate presidencial, se reconfigurar\u00e1 la conformaci\u00f3n de duplas: el postulante que quede sin pareja formar\u00e1 un grupo de tres con la dupla siguiente en el orden de intervenci\u00f3n; en caso se retiraran dos candidatos, se conformar\u00e1n las duplas con aquellos que se queden sin pareja.<\/p>\n<p>Los moderadores ser\u00e1n los periodistas Jos\u00e9 Mar\u00eda Salcedo y M\u00e1vila Huertas, indic\u00f3 el JNE.<\/p>\n<p><strong>Contrincantes<\/strong><\/p>\n<p>Alan Garc\u00eda (Alianza Popular)-Fernando Olivera (Frente Esperanza).<\/p>\n<p>Pedro Pablo Kuczynski (Peruanos por el Kambio)-\u00c1ntero Flores-Ar\u00e1oz (Partido Orden).<\/p>\n<p>Alfredo Barnechea (Acci\u00f3n Popular)-Gregorio Santos (Democracia Directa).<\/p>\n<p>Keiko Fujimori (Fuerza Popular)-Miguel Hilario (Progresando Per\u00fa).<\/p>\n<p>Ver\u00f3nika Mendoza (Frente Amplio)-Hernando Guerra Garc\u00eda (Solidaridad Nacional).<\/p>\n<p>Alejandro Toledo (Per\u00fa Posible)-Francisco Diez-Canseco (Per\u00fa Naci\u00f3n).<\/p>\n<p>Fuente imagen: El Comercio.<\/p>","protected":false},"excerpt":{"rendered":"<p>El domingo 3 de abril se realizar\u00e1 el debate entre los candidatos presidenciales, los mismos que han sido reunidos en grupos de dos, seg\u00fan lo fijaron el Jurado Nacional de Elecciones (JNE), IDEA Internacional y el Consorcio de Investigaci\u00f3n Econ\u00f3mica y Social (CIES), organizadores del evento. De esta manera, a partir de las 20:00 horas [&hellip;]<\/p>\n","protected":false},"author":1,"featured_media":5553,"comment_status":"closed","ping_status":"open","sticky":false,"template":"","format":"standard","meta":{"_monsterinsights_skip_tracking":false,"_monsterinsights_sitenote_active":false,"_monsterinsights_sitenote_note":"","_monsterinsights_sitenote_category":0,"_jetpack_memberships_contains_paid_content":false,"footnotes":"","jetpack_publicize_message":"","jetpack_publicize_feature_enabled":true,"jetpack_social_post_already_shared":false,"jetpack_social_options":{"image_generator_settings":{"template":"highway","default_image_id":0,"font":"","enabled":false},"version":2}},"categories":[1],"tags":[],"class_list":["post-5552","post","type-post","status-publish","format-standard","has-post-thumbnail","hentry","category-sin-categoria"],"blocksy_meta":[],"jetpack_publicize_connections":[],"jetpack_featured_media_url":"https:\/\/derechosinfronteras.pe\/wp-content\/uploads\/2016\/03\/base_image.jpg","jetpack_sharing_enabled":true,"jetpack_likes_enabled":true,"_links":{"self":[{"href":"https:\/\/derechosinfronteras.pe\/ingles\/wp-json\/wp\/v2\/posts\/5552","targetHints":{"allow":["GET"]}}],"collection":[{"href":"https:\/\/derechosinfronteras.pe\/ingles\/wp-json\/wp\/v2\/posts"}],"about":[{"href":"https:\/\/derechosinfronteras.pe\/ingles\/wp-json\/wp\/v2\/types\/post"}],"author":[{"embeddable":true,"href":"https:\/\/derechosinfronteras.pe\/ingles\/wp-json\/wp\/v2\/users\/1"}],"replies":[{"embeddable":true,"href":"https:\/\/derechosinfronteras.pe\/ingles\/wp-json\/wp\/v2\/comments?post=5552"}],"version-history":[{"count":0,"href":"https:\/\/derechosinfronteras.pe\/ingles\/wp-json\/wp\/v2\/posts\/5552\/revisions"}],"wp:featuredmedia":[{"embeddable":true,"href":"https:\/\/derechosinfronteras.pe\/ingles\/wp-json\/wp\/v2\/media\/5553"}],"wp:attachment":[{"href":"https:\/\/derechosinfronteras.pe\/ingles\/wp-json\/wp\/v2\/media?parent=5552"}],"wp:term":[{"taxonomy":"category","embeddable":true,"href":"https:\/\/derechosinfronteras.pe\/ingles\/wp-json\/wp\/v2\/categories?post=5552"},{"taxonomy":"post_tag","embeddable":true,"href":"https:\/\/derechosinfronteras.pe\/ingles\/wp-json\/wp\/v2\/tags?post=5552"}],"curies":[{"name":"wp","href":"https:\/\/api.w.org\/{rel}","templated":true}]}}